{"id":33287,"date":"2024-02-26T02:04:13","date_gmt":"2024-02-26T01:04:13","guid":{"rendered":"https:\/\/www.lintelligentdabidjan.info\/news\/?p=33287"},"modified":"2024-02-26T02:18:45","modified_gmt":"2024-02-26T01:18:45","slug":"lutte-contre-le-rechauffement-climatique-des-acteurs-ivoiriens-formes-sur-le-projet-transition-bas-carbone","status":"publish","type":"post","link":"https:\/\/www.lintelligentdabidjan.info\/news\/lutte-contre-le-rechauffement-climatique-des-acteurs-ivoiriens-formes-sur-le-projet-transition-bas-carbone\/","title":{"rendered":"Lutte contre le r\u00e9chauffement climatique :  des acteurs  ivoiriens form\u00e9s sur le projet Transition bas-carbone"},"content":{"rendered":"<p><em><strong>Des acteurs ivoiriens charg\u00e9s de la lutte contre le r\u00e9chauffement climatique ont \u00e9t\u00e9 form\u00e9s sur le projet Transition bas-carbone.<\/strong><\/em><\/p>\n<p>Des acteurs en charge du m\u00e9canisme de mesure, de notification et de v\u00e9rification du Projet Transition Bas carbone \u00e9taient r\u00e9unis \u00e0 Abidjan Plateau, pour un s\u00e9minaire de renforcement de capacit\u00e9. Du mardi 20 au vendredi 23 f\u00e9vrier 2024, ils ont \u00e9chang\u00e9 avec les instructeurs de Expertise France et du minist\u00e8re de l\u2019environnement, du d\u00e9veloppement durable et de la transition \u00e9cologique. Expertise France travaille en collaboration avec le Centre interprofessionnel technique d\u2019\u00e9tudes de la pollution atmosph\u00e9rique (CITEPA), qui est l\u2019op\u00e9rateur commis par l&#8217;\u00c9tat fran\u00e7ais pour r\u00e9aliser l\u2019inventaire national des \u00e9missions de gaz \u00e0 effet de serre et de polluants atmosph\u00e9riques, afin de r\u00e9pondre aux engagements internationaux de la France. C\u2019est donc la m\u00eame mission que la structure m\u00e8nera en C\u00f4te d\u2019Ivoire sur deux ans, gr\u00e2ce \u00e0 un financement de l\u2019Union europ\u00e9enne.<\/p>\n<p>Les travaux ont r\u00e9uni les points focaux des diff\u00e9rents secteurs de la lutte. Entre autres, celui des d\u00e9chets, l\u2019agriculture, ou encore les for\u00eats et l&#8217;affectation des terres. Les travaux ont port\u00e9 sur \u00ab les m\u00e9thodologies des inventaires des \u00e9missions de gaz \u00e0 effets serres, et la mise en place d\u2019un syst\u00e8me de suivi \u00e9valuation des politiques et mesures de l\u2019adaptation. Ce renforcement de capacit\u00e9s permettra entre autres aux points focaux sectoriels d\u2019avoir une connaissance approfondie sur les \u00e9l\u00e9ments transversaux li\u00e9s \u00e0 la compilation d\u2019un inventaire des \u00e9missions de GES, une int\u00e9gration et une \u00e9valuation r\u00e9ussie des donn\u00e9es d\u2019activit\u00e9s et r\u00e9aliser un \u00e9tat des lieux des indicateurs adaptation d\u00e9velopp\u00e9s par les diff\u00e9rentes institutions dans le cadre du plan national d\u2019adaptation \u00bb, a expliqu\u00e9 le chef de projet, Guillaume Vermeulen, \u00e0 l\u2019ouverture des travaux le mardi 20 f\u00e9vrier 2024.<\/p>\n<p><strong>[ Y\u00e9o Nabagn\u00e9 : \u00ab La C\u00f4te d\u2019Ivoire d\u00e9cide de passer de 28,25% \u00e0 30,41% de r\u00e9duction d\u2019\u00e9mission de gaz \u00e0 effet de serre\u00bb ]<\/strong><\/p>\n<p>Le ministre de l\u2019environnement, du d\u00e9veloppement durable et de la transition \u00e9cologique \u00e9tait repr\u00e9sent\u00e9 par Y\u00e9o Nabagn\u00e9, son Directeur de cabinet adjoint.<\/p>\n<p>Il a assur\u00e9 les experts internationaux de la volont\u00e9 de la C\u00f4te d\u2019Ivoire \u00e0 r\u00e9duire ses \u00e9missions de carbone. Le pays, selon le repr\u00e9sentant du ministre, a m\u00eame revu en hausse ses objectifs, passant de 28,25% \u00e0 30,41% de r\u00e9duction de ses \u00e9missions de gaz \u00e0 effet de serre d\u2019ici 2030. \u00ab Notre pays a d\u00e9cid\u00e9 \u00e9galement de renforcer sa r\u00e9silience dans 5 secteurs prioritaires de son d\u00e9veloppement \u00e9conomique \u00e0 savoir l\u2019Agriculture, l&#8217;\u00e9levage, l&#8217;aquaculture, les for\u00eats et l\u2019utilisation des terres. Nous mettons aussi l\u2019accent sur les ressources en eau, la sant\u00e9 et les zones c\u00f4ti\u00e8res, tous vuln\u00e9rables au changement climatique. Par cette ambition renforc\u00e9e, notre pays marque sa ferme volont\u00e9 de r\u00e9duire son empreinte carbone et de participer \u00e0 l\u2019effort global de r\u00e9duction des \u00e9missions de Gaz \u00e0 effet de serre dans le cadre de l\u2019accord de Paris \u00bb, a-t-il dit. L\u2019Union Europ\u00e9enne, le financier du projet, \u00e9tait repr\u00e9sent\u00e9e par son \u00e9quipe infrastructure durable. \u00abC\u2019est dans la perspective de r\u00e9duction des impacts n\u00e9gatifs du d\u00e9r\u00e8glement climatique sur notre plan\u00e8te que nous accordons un int\u00e9r\u00eat particulier \u00e0 la mise en place au niveau national d\u2019un syst\u00e8me Measuring, Reporting and V\u00e9rification (Mesure, rapport et v\u00e9rification. Ndlr) qui permettra la collecte, le rapportage d\u2019informations factuelles, leur \u00e9valuation et leur v\u00e9rification dans le but de d\u00e9terminer si, quand et comment le pays concern\u00e9 a atteint ses objectifs climatiques \u00bb, a dit Luca Ferroni, le repr\u00e9sentant de l\u2019Union Europ\u00e9enne.<\/p>\n<p><strong>J-H Koffo, avec Sercom<\/strong><\/p>\n<p>Des acteurs en charge du m\u00e9canisme de mesure, de notification et de v\u00e9rification du Projet Transition bas carbone ont pris part \u00e0 un atelier de formation.<\/p>\n","protected":false},"excerpt":{"rendered":"<p>Des acteurs ivoiriens charg\u00e9s de la lutte contre le r\u00e9chauffement climatique ont \u00e9t\u00e9 form\u00e9s sur le projet Transition bas-carbone. Des acteurs en charge du m\u00e9canisme de mesure, de notification et de v\u00e9rification du Projet Transition Bas carbone \u00e9taient r\u00e9unis \u00e0 Abidjan Plateau, pour un s\u00e9minaire de renforcement de capacit\u00e9. Du mardi 20 au vendredi 23 [&hellip;]<\/p>\n","protected":false},"author":3,"featured_media":33292,"comment_status":"closed","ping_status":"closed","sticky":false,"template":"","format":"standard","meta":{"_monsterinsights_skip_tracking":false,"_monsterinsights_sitenote_active":false,"_monsterinsights_sitenote_note":"","_monsterinsights_sitenote_category":0,"footnotes":""},"categories":[2,3],"tags":[1782,3149,2239,895,2702,1900,3147,3148],"class_list":["post-33287","post","type-post","status-publish","format-standard","has-post-thumbnail","hentry","category-featured","category-societe","tag-acteurs","tag-bas-carbone","tag-formes","tag-ivoiriens","tag-lutte-c","tag-projet","tag-rechauffement-climatique","tag-transition"],"_links":{"self":[{"href":"https:\/\/www.lintelligentdabidjan.info\/news\/wp-json\/wp\/v2\/posts\/33287","targetHints":{"allow":["GET"]}}],"collection":[{"href":"https:\/\/www.lintelligentdabidjan.info\/news\/wp-json\/wp\/v2\/posts"}],"about":[{"href":"https:\/\/www.lintelligentdabidjan.info\/news\/wp-json\/wp\/v2\/types\/post"}],"author":[{"embeddable":true,"href":"https:\/\/www.lintelligentdabidjan.info\/news\/wp-json\/wp\/v2\/users\/3"}],"replies":[{"embeddable":true,"href":"https:\/\/www.lintelligentdabidjan.info\/news\/wp-json\/wp\/v2\/comments?post=33287"}],"version-history":[{"count":2,"href":"https:\/\/www.lintelligentdabidjan.info\/news\/wp-json\/wp\/v2\/posts\/33287\/revisions"}],"predecessor-version":[{"id":33293,"href":"https:\/\/www.lintelligentdabidjan.info\/news\/wp-json\/wp\/v2\/posts\/33287\/revisions\/33293"}],"wp:featuredmedia":[{"embeddable":true,"href":"https:\/\/www.lintelligentdabidjan.info\/news\/wp-json\/wp\/v2\/media\/33292"}],"wp:attachment":[{"href":"https:\/\/www.lintelligentdabidjan.info\/news\/wp-json\/wp\/v2\/media?parent=33287"}],"wp:term":[{"taxonomy":"category","embeddable":true,"href":"https:\/\/www.lintelligentdabidjan.info\/news\/wp-json\/wp\/v2\/categories?post=33287"},{"taxonomy":"post_tag","embeddable":true,"href":"https:\/\/www.lintelligentdabidjan.info\/news\/wp-json\/wp\/v2\/tags?post=33287"}],"curies":[{"name":"wp","href":"https:\/\/api.w.org\/{rel}","templated":true}]}}