{"id":33295,"date":"2024-02-27T01:17:25","date_gmt":"2024-02-27T00:17:25","guid":{"rendered":"https:\/\/www.lintelligentdabidjan.info\/news\/?p=33295"},"modified":"2024-02-27T01:32:23","modified_gmt":"2024-02-27T00:32:23","slug":"60eme-edition-du-salon-de-lagriculture-de-paris-la-cote-divoire-veut-relever-les-defis-de-la-souverainete-alimentaire","status":"publish","type":"post","link":"https:\/\/www.lintelligentdabidjan.info\/news\/60eme-edition-du-salon-de-lagriculture-de-paris-la-cote-divoire-veut-relever-les-defis-de-la-souverainete-alimentaire\/","title":{"rendered":"60\u00e8me \u00e9dition du salon de l\u2019agriculture de Paris &#8211; La C\u00f4te d\u2019Ivoire veut relever les d\u00e9fis de la souverainet\u00e9 alimentaire"},"content":{"rendered":"<p style=\"text-align: left;\"><em><strong>Pr\u00e9sente \u00e0 la soixanti\u00e8me \u00e9dition du salon de l\u2019agriculture de Paris avec une d\u00e9l\u00e9gation de 70 personnes environ r\u00e9parties sur plusieurs stands, la C\u00f4te d\u2019Ivoire entend faire conna\u00eetre sa volont\u00e9 de relever les d\u00e9fis de la souverainet\u00e9 alimentaire. <\/strong><\/em><\/p>\n<p>Pr\u00e9vue le samedi 24 f\u00e9vrier 2024, la c\u00e9r\u00e9monie officielle d\u2019ouverture des stands de la C\u00f4te d\u2019Ivoire au salon international de l\u2019agriculture \u00e0 Paris porte de Versailles, a eu lieu finalement le dimanche 25 f\u00e9vrier 2024 en raison des remous li\u00e9s aux manifestations des agriculteurs fran\u00e7ais la veille.<br \/>\nDu 25 f\u00e9vrier au 03 mars 2024, la C\u00f4te d\u2019Ivoire va partager avec les professionnels du monde de l\u2019agriculture internationale ses d\u00e9fis et perspectives pour une souverainet\u00e9 alimentaire ivoirienne. Le jeudi 29 f\u00e9vrier 2024 ; \u00e0 l\u2019occasion de la journ\u00e9e ivoirienne, au pavillon 1 du parc des expositions de Paris porte de Versailles, les ministres Kobena Kouassi Adjoumani de l\u2019agriculture , du d\u00e9veloppement rural et des productions vivri\u00e8res , Sidi Tour\u00e9 des ressources halieutiques et animales, et Laurent Tchagba des Eaux et for\u00eats animeront une conf\u00e9rence sur le th\u00e8me ; \u00ab D\u00e9veloppement des cultures vivri\u00e8res et souverainet\u00e9 alimentaire : d\u00e9fis et perspectives \u00bb.<br \/>\nLa d\u00e9l\u00e9gation gouvernementale ivoirienne compos\u00e9e par le ministre d\u2019\u00c9tat, Ministre de l\u2019agriculture, du d\u00e9veloppement rural et des productions vivri\u00e8res et de Sidi Ti\u00e9moko Tour\u00e9 des ressources halieutiques et animales a inaugur\u00e9 l\u2019important stand de la C\u00f4te d\u2019Ivoire aux couleurs orange, blanc et vert le dimanche 25 f\u00e9vrier 2024. A cette tribune internationale d\u00e9di\u00e9e au secteur agricole, offrant des opportunit\u00e9s d\u2019\u00e9changes, de promotion et d\u2019informations, la C\u00f4te d\u2019Ivoire exposera ses ambitions d\u2019offrir \u00e0 ses populations une agriculture vivri\u00e8re \u00e9labor\u00e9e aux fins de leur garantir la souverainet\u00e9 alimentaire. Le 29 f\u00e9vrier 2024, lors de la journ\u00e9e consacr\u00e9e \u00e0 la C\u00f4te d\u2019Ivoire, les trois ministres li\u00e9s \u00e0 l\u2019alimentation ivoirienne animeront une conf\u00e9rence sur le th\u00e8me : \u00ab D\u00e9veloppement des productions vivri\u00e8res et souverainet\u00e9 alimentaire : D\u00e9fis et perspectives \u00bb. Cette conf\u00e9rence, permettra aux membres du gouvernement ivoirien de pr\u00e9senter aux investisseurs les nouvelles opportunit\u00e9s d\u2019investissement dans le secteur agricole ax\u00e9 sur le Programme National d\u2019Investissement Agricole de deuxi\u00e8me g\u00e9n\u00e9ration (PNIA II). Au-del\u00e0 des expositions, cette participation ivoirienne \u00e0 la plus grande ferme du monde permettra d\u2019explorer les avanc\u00e9es majeures en mati\u00e8re de techniques, de technologie et de recherche dans le domaine de l\u2019agriculture et de l\u2019agro-industrie.<\/p>\n<p><strong>Jean Paul Oro<\/strong><\/p>\n","protected":false},"excerpt":{"rendered":"<p>Pr\u00e9sente \u00e0 la soixanti\u00e8me \u00e9dition du salon de l\u2019agriculture de Paris avec une d\u00e9l\u00e9gation de 70 personnes environ r\u00e9parties sur plusieurs stands, la C\u00f4te d\u2019Ivoire entend faire conna\u00eetre sa volont\u00e9 de relever les d\u00e9fis de la souverainet\u00e9 alimentaire. Pr\u00e9vue le samedi 24 f\u00e9vrier 2024, la c\u00e9r\u00e9monie officielle d\u2019ouverture des stands de la C\u00f4te d\u2019Ivoire au [&hellip;]<\/p>\n","protected":false},"author":3,"featured_media":33300,"comment_status":"closed","ping_status":"closed","sticky":false,"template":"","format":"standard","meta":{"_monsterinsights_skip_tracking":false,"_monsterinsights_sitenote_active":false,"_monsterinsights_sitenote_note":"","_monsterinsights_sitenote_category":0,"footnotes":""},"categories":[2,18],"tags":[3150,3152,77,513,112,2582,3151],"class_list":["post-33295","post","type-post","status-publish","format-standard","has-post-thumbnail","hentry","category-featured","category-economie","tag-60eme-edition-du-salon-de-lagriculture","tag-alimentaire","tag-cote-divoire","tag-defis","tag-paris","tag-relever","tag-souverainete"],"_links":{"self":[{"href":"https:\/\/www.lintelligentdabidjan.info\/news\/wp-json\/wp\/v2\/posts\/33295","targetHints":{"allow":["GET"]}}],"collection":[{"href":"https:\/\/www.lintelligentdabidjan.info\/news\/wp-json\/wp\/v2\/posts"}],"about":[{"href":"https:\/\/www.lintelligentdabidjan.info\/news\/wp-json\/wp\/v2\/types\/post"}],"author":[{"embeddable":true,"href":"https:\/\/www.lintelligentdabidjan.info\/news\/wp-json\/wp\/v2\/users\/3"}],"replies":[{"embeddable":true,"href":"https:\/\/www.lintelligentdabidjan.info\/news\/wp-json\/wp\/v2\/comments?post=33295"}],"version-history":[{"count":2,"href":"https:\/\/www.lintelligentdabidjan.info\/news\/wp-json\/wp\/v2\/posts\/33295\/revisions"}],"predecessor-version":[{"id":33301,"href":"https:\/\/www.lintelligentdabidjan.info\/news\/wp-json\/wp\/v2\/posts\/33295\/revisions\/33301"}],"wp:featuredmedia":[{"embeddable":true,"href":"https:\/\/www.lintelligentdabidjan.info\/news\/wp-json\/wp\/v2\/media\/33300"}],"wp:attachment":[{"href":"https:\/\/www.lintelligentdabidjan.info\/news\/wp-json\/wp\/v2\/media?parent=33295"}],"wp:term":[{"taxonomy":"category","embeddable":true,"href":"https:\/\/www.lintelligentdabidjan.info\/news\/wp-json\/wp\/v2\/categories?post=33295"},{"taxonomy":"post_tag","embeddable":true,"href":"https:\/\/www.lintelligentdabidjan.info\/news\/wp-json\/wp\/v2\/tags?post=33295"}],"curies":[{"name":"wp","href":"https:\/\/api.w.org\/{rel}","templated":true}]}}