{"id":33322,"date":"2024-02-29T02:43:23","date_gmt":"2024-02-29T01:43:23","guid":{"rendered":"https:\/\/www.lintelligentdabidjan.info\/news\/?p=33322"},"modified":"2024-03-01T02:50:42","modified_gmt":"2024-03-01T01:50:42","slug":"liberation-de-51-prisonniers-civils-et-militaires-epr-salue-le-geste-du-president-ouattara","status":"publish","type":"post","link":"https:\/\/www.lintelligentdabidjan.info\/news\/liberation-de-51-prisonniers-civils-et-militaires-epr-salue-le-geste-du-president-ouattara\/","title":{"rendered":"Lib\u00e9ration de 51 prisonniers civils et militaires &#8211;  Epr salue le geste du pr\u00e9sident Ouattara"},"content":{"rendered":"<p><em><strong>Suite \u00e0 la lib\u00e9ration des 51 prisonniers civils et militaires, le cercle de r\u00e9flexion Engag\u00e9s Pour la R\u00e9publique (EPR) a fait une d\u00e9claration, le dimanche 25 f\u00e9vrier 2024 pour saluer cette initiative du pr\u00e9sident de la R\u00e9publique de C\u00f4te d\u2019Ivoire, Alassane Ouattara. <\/strong><\/em><\/p>\n<p>Dans une d\u00e9claration dont nous avons re\u00e7u copie, Abraham Solomann Sanogo, pr\u00e9sident du Cercle de r\u00e9flexion Engag\u00e9s Pour la R\u00e9publique (EPR), s&#8217;est r\u00e9joui de la d\u00e9cision prise par le Pr\u00e9sident de la R\u00e9publique de C\u00f4te d&#8217;Ivoire Alassane Ouattara en accordant une gr\u00e2ce pr\u00e9sidentielle \u00e0 51 prisonniers civils et militaires au cours de la r\u00e9union du Conseil national de s\u00e9curit\u00e9 (CNS), tenue le jeudi 22 f\u00e9vrier 2024 au palais de la pr\u00e9sidence au Plateau. \u00ab Le Cercle de R\u00e9flexion Engag\u00e9s Pour la R\u00e9publique (EPR) adresse ses plus sinc\u00e8res f\u00e9licitations \u00e0 son Excellence Monsieur le Pr\u00e9sident de la R\u00e9publique de C\u00f4te d&#8217;Ivoire, Alassane Ouattara, pour la prise de cette d\u00e9cision historique, qui d\u00e9montre une fois de plus qu\u2019il est un artisan de paix. Epr adresse ses plus chaleureuses f\u00e9licitations \u00e0 Son Excellence le Pr\u00e9sident de la R\u00e9publique de C\u00f4te d&#8217;Ivoire, Monsieur Alassane Ouattara, qui donne la preuve manifeste qu\u2019il est le v\u00e9ritable successeur de feu F\u00e9lix Houphou\u00ebt-Boigny, premier Pr\u00e9sident de la R\u00e9publique de C\u00f4te d&#8217;Ivoire. Epr manifeste sa satisfaction et adresse, avec d\u00e9f\u00e9rence, ses remerciements au Pr\u00e9sident Alassane Ouattara, pour sa grandeur d\u2019\u00e2me , son esprit de paix et son humanisme incomparable\u00bb, a Abraham Solomann Sanogo. Par ailleurs, il a r\u00e9v\u00e9l\u00e9 qu&#8217;\u00e0 travers ce geste, le pr\u00e9sident de la R\u00e9publique vient de d\u00e9montrer qu\u2019il est un homme pacifique charismatique dont la vision et le savoir-faire lui permettent de rentrer \u00e0 jamais et pour toujours dans l\u2019histoire d\u2019une C\u00f4te d\u2019Ivoire empreinte d\u2019hospitalit\u00e9 ainsi que dans le panth\u00e9on des prestigieux Hommes d\u2019Etat de l&#8217;humanit\u00e9 toute enti\u00e8re. \u00ab Merci \u00e0 vous Excellence pour votre sens \u00e9lev\u00e9 du pardon et de la mat\u00e9rialisation en acte, du vivre ensemble, pour une C\u00f4te d&#8217;Ivoire unie et solidaire.Vive le Pr\u00e9sident de la R\u00e9publique\u00bb, a conclu le communiqu\u00e9.<\/p>\n<p>Pour rappel, le pr\u00e9sident Alassane Ouattara a accord\u00e9 une gr\u00e2ce pr\u00e9sidentielle \u00e0 51 prisonniers civils et militaires. Ces personnes avaient \u00e9t\u00e9 condamn\u00e9es \u00ab pour des infractions commises lors des crises postes-\u00e9lectorales et pour atteinte \u00e0 la s\u00fbret\u00e9 de l\u2019Etat \u00bb.<\/p>\n<p><strong>Tour\u00e9 Abdoulaye avec A. Traor\u00e9 (Sercom) <\/strong><\/p>\n","protected":false},"excerpt":{"rendered":"<p>Suite \u00e0 la lib\u00e9ration des 51 prisonniers civils et militaires, le cercle de r\u00e9flexion Engag\u00e9s Pour la R\u00e9publique (EPR) a fait une d\u00e9claration, le dimanche 25 f\u00e9vrier 2024 pour saluer cette initiative du pr\u00e9sident de la R\u00e9publique de C\u00f4te d\u2019Ivoire, Alassane Ouattara. Dans une d\u00e9claration dont nous avons re\u00e7u copie, Abraham Solomann Sanogo, pr\u00e9sident du [&hellip;]<\/p>\n","protected":false},"author":3,"featured_media":33323,"comment_status":"closed","ping_status":"closed","sticky":false,"template":"","format":"standard","meta":{"_monsterinsights_skip_tracking":false,"_monsterinsights_sitenote_active":false,"_monsterinsights_sitenote_note":"","_monsterinsights_sitenote_category":0,"footnotes":""},"categories":[2,17],"tags":[3167,2169,1662,1454,2657,3019],"class_list":["post-33322","post","type-post","status-publish","format-standard","has-post-thumbnail","hentry","category-featured","category-politique","tag-civils","tag-epr","tag-liberation","tag-militaires","tag-president-ouattara","tag-prisonniers"],"_links":{"self":[{"href":"https:\/\/www.lintelligentdabidjan.info\/news\/wp-json\/wp\/v2\/posts\/33322","targetHints":{"allow":["GET"]}}],"collection":[{"href":"https:\/\/www.lintelligentdabidjan.info\/news\/wp-json\/wp\/v2\/posts"}],"about":[{"href":"https:\/\/www.lintelligentdabidjan.info\/news\/wp-json\/wp\/v2\/types\/post"}],"author":[{"embeddable":true,"href":"https:\/\/www.lintelligentdabidjan.info\/news\/wp-json\/wp\/v2\/users\/3"}],"replies":[{"embeddable":true,"href":"https:\/\/www.lintelligentdabidjan.info\/news\/wp-json\/wp\/v2\/comments?post=33322"}],"version-history":[{"count":3,"href":"https:\/\/www.lintelligentdabidjan.info\/news\/wp-json\/wp\/v2\/posts\/33322\/revisions"}],"predecessor-version":[{"id":33345,"href":"https:\/\/www.lintelligentdabidjan.info\/news\/wp-json\/wp\/v2\/posts\/33322\/revisions\/33345"}],"wp:featuredmedia":[{"embeddable":true,"href":"https:\/\/www.lintelligentdabidjan.info\/news\/wp-json\/wp\/v2\/media\/33323"}],"wp:attachment":[{"href":"https:\/\/www.lintelligentdabidjan.info\/news\/wp-json\/wp\/v2\/media?parent=33322"}],"wp:term":[{"taxonomy":"category","embeddable":true,"href":"https:\/\/www.lintelligentdabidjan.info\/news\/wp-json\/wp\/v2\/categories?post=33322"},{"taxonomy":"post_tag","embeddable":true,"href":"https:\/\/www.lintelligentdabidjan.info\/news\/wp-json\/wp\/v2\/tags?post=33322"}],"curies":[{"name":"wp","href":"https:\/\/api.w.org\/{rel}","templated":true}]}}