{"id":33366,"date":"2024-03-06T01:54:45","date_gmt":"2024-03-06T00:54:45","guid":{"rendered":"https:\/\/www.lintelligentdabidjan.info\/news\/?p=33366"},"modified":"2024-03-06T01:58:14","modified_gmt":"2024-03-06T00:58:14","slug":"bouake-electrifie-apres-100-ans-dans-lobscurite-tabako-rend-hommage-au-president-alassane-ouattara","status":"publish","type":"post","link":"https:\/\/www.lintelligentdabidjan.info\/news\/bouake-electrifie-apres-100-ans-dans-lobscurite-tabako-rend-hommage-au-president-alassane-ouattara\/","title":{"rendered":"Bouak\u00e9 \u2013 \u00c9lectrifi\u00e9  apr\u00e8s 100 ans dans l\u2019obscurit\u00e9: Tabako rend hommage au Pr\u00e9sident Alassane Ouattara"},"content":{"rendered":"<p><em><strong>Le village de Tabako, dans la sous-pr\u00e9fecture de Bouak\u00e9 a connu une animation particuli\u00e8re, le samedi 3 mars 2024, date qui marque le raccordement officiel de cette localit\u00e9  au r\u00e9seau \u00e9lectrique national.<\/strong><\/em><\/p>\n<p>Gr\u00e2ce au Programme national d&#8217;\u00e9lectrification rurale (Proner) con\u00e7u et mis en \u0153uvre par le gouvernement ivoirien sous le leadership du Pr\u00e9sident de la R\u00e9publique, Alassane Ouattara, ce  village de 1500 \u00e2mes est  sorti de l&#8217;obscurit\u00e9. Pour l\u2019occasion,  les populations  ont marqu\u00e9 une journ\u00e9e de reconnaissance au Chef de l\u2019\u00c9tat. Le d\u00e9put\u00e9-maire de Bouak\u00e9, Dr Paul Dakuyo, parrain de la c\u00e9r\u00e9monie de r\u00e9jouissance, s\u2019est r\u00e9joui de voir Tabako \u00e9lectrifi\u00e9. Il a rappel\u00e9 l\u2019importance de l\u2019\u00e9lectricit\u00e9 dans le processus de d\u00e9veloppement d\u2019un village et insist\u00e9 sur les efforts consentis par le gouvernement et la mairie de Bouak\u00e9 en la mati\u00e8re dans la commune. Dans son allocution, Dr Paul Dakuyo  a sensibilis\u00e9 la population de Tabako et celle venue des villages environnants au renforcement de la paix et de la coh\u00e9sion sociale, gage de d\u00e9veloppement. \u00ab Vous faites bien de rendre hommage au Pr\u00e9sident de la R\u00e9publique Alassane Ouattara qui contribue \u00e9norm\u00e9ment au bien-\u00eatre des populations ivoiriennes depuis son accession au pouvoir. Vous l&#8217;avez bien dit, Alassane Ouattara a apport\u00e9 \u00e9norm\u00e9ment en mati\u00e8re d&#8217;\u00e9lectricit\u00e9, d&#8217;eau potable, de construction d&#8217;\u00e9coles d\u2019infrastructures routi\u00e8res et de centres de sant\u00e9. Je vous demande en retour de prier pour lui. L\u2019\u00e9lectricit\u00e9 est un facteur de production qui am\u00e9liore consid\u00e9rablement les conditions de vie de nos populations en cr\u00e9ant de la richesse. Le d\u00e9veloppement commence par les routes mais aussi par l\u2019\u00e9lectricit\u00e9 \u00bb, a dit Dr Paul Dakuyo.<\/p>\n<p><strong> 100 ans  dans l&#8217;obscurit\u00e9<\/strong><\/p>\n<p>\u00c0 l\u2019en croire, la promesse du Pr\u00e9sident de la R\u00e9publique, Alassane Ouattara, d\u2019\u00e9lectrifier tous les villages comptant 500 habitants, a eu un \u00e9cho favorable \u00e0 Bouak\u00e9. Pour le parrain de cette c\u00e9r\u00e9monie, l\u2019\u00e9lectricit\u00e9 permettra aux localit\u00e9s de la r\u00e9gion de Gb\u00eak\u00ea d\u2019acc\u00e9l\u00e9rer leur marche vers le progr\u00e8s \u00e9conomique et social. Avant lui, Nanan Issaka Coulibaly, chef de Tabako a, au nom de la population b\u00e9n\u00e9ficiaire, t\u00e9moign\u00e9 sa gratitude au gouvernement pour l\u2019\u00e9lectrification de son village. Chose qui, selon lui, am\u00e9liorera les conditions de vie de la population. \u00ab Aujourd&#8217;hui est un grand jour pour Tabako. Village fond\u00e9 en 1922. Pendant 100 ans, le campement devenu grand est rest\u00e9 dans l&#8217;obscurit\u00e9. La nuit venue, nous \u00e9tions \u00e0 la port\u00e9e des animaux f\u00e9roces ainsi que des reptiles. Gr\u00e2ce au Pr\u00e9sident Alassane Ouattara, notre beau village est connect\u00e9 au r\u00e9seau \u00e9lectrique national depuis 2021. C&#8217;est pourquoi, Tabako a voulu rendre hommage \u00e0 ce grand b\u00e2tisseur \u00e0 la t\u00eate du pays pour ses actions de d\u00e9veloppement partout en C\u00f4te d&#8217;Ivoire et surtout \u00e0 Tabako qui a aussi b\u00e9n\u00e9fici\u00e9 de la construction d&#8217;une \u00e9cole primaire \u00bb, a dit Nanan Issaka Coulibaly. Avant de traduire toute sa gratitude au parrain de la c\u00e9r\u00e9monie Dr Paul Dakuyo pour le r\u00eave r\u00e9alis\u00e9 de ses populations. Au nom de sa population le chef de Tabako a pris l&#8217;engagement d&#8217;accompagner l&#8217;\u00c9tat de C\u00f4te d&#8217;Ivoire dans le processus de d\u00e9veloppement et de renforcement de la coh\u00e9sion sociale. C\u2019est par la pose de la premi\u00e8re pierre de la maternit\u00e9 et du dispensaire de Tabako que la c\u00e9r\u00e9monie de reconnaissance au Chef de l\u2019Etat a pris fin.<\/p>\n<p><strong>Aboubacar Al Syddick \u00e0 Bouak\u00e9<\/strong><\/p>\n","protected":false},"excerpt":{"rendered":"<p>Le village de Tabako, dans la sous-pr\u00e9fecture de Bouak\u00e9 a connu une animation particuli\u00e8re, le samedi 3 mars 2024, date qui marque le raccordement officiel de cette localit\u00e9 au r\u00e9seau \u00e9lectrique national. Gr\u00e2ce au Programme national d&#8217;\u00e9lectrification rurale (Proner) con\u00e7u et mis en \u0153uvre par le gouvernement ivoirien sous le leadership du Pr\u00e9sident de la [&hellip;]<\/p>\n","protected":false},"author":3,"featured_media":33371,"comment_status":"closed","ping_status":"closed","sticky":false,"template":"","format":"standard","meta":{"_monsterinsights_skip_tracking":false,"_monsterinsights_sitenote_active":false,"_monsterinsights_sitenote_note":"","_monsterinsights_sitenote_category":0,"footnotes":""},"categories":[2,3],"tags":[39,125,2009,715,3185,3186],"class_list":["post-33366","post","type-post","status-publish","format-standard","has-post-thumbnail","hentry","category-featured","category-societe","tag-alassane-ouattara","tag-bouake","tag-electrifie","tag-hommage","tag-obscurite","tag-tabako"],"_links":{"self":[{"href":"https:\/\/www.lintelligentdabidjan.info\/news\/wp-json\/wp\/v2\/posts\/33366","targetHints":{"allow":["GET"]}}],"collection":[{"href":"https:\/\/www.lintelligentdabidjan.info\/news\/wp-json\/wp\/v2\/posts"}],"about":[{"href":"https:\/\/www.lintelligentdabidjan.info\/news\/wp-json\/wp\/v2\/types\/post"}],"author":[{"embeddable":true,"href":"https:\/\/www.lintelligentdabidjan.info\/news\/wp-json\/wp\/v2\/users\/3"}],"replies":[{"embeddable":true,"href":"https:\/\/www.lintelligentdabidjan.info\/news\/wp-json\/wp\/v2\/comments?post=33366"}],"version-history":[{"count":1,"href":"https:\/\/www.lintelligentdabidjan.info\/news\/wp-json\/wp\/v2\/posts\/33366\/revisions"}],"predecessor-version":[{"id":33367,"href":"https:\/\/www.lintelligentdabidjan.info\/news\/wp-json\/wp\/v2\/posts\/33366\/revisions\/33367"}],"wp:featuredmedia":[{"embeddable":true,"href":"https:\/\/www.lintelligentdabidjan.info\/news\/wp-json\/wp\/v2\/media\/33371"}],"wp:attachment":[{"href":"https:\/\/www.lintelligentdabidjan.info\/news\/wp-json\/wp\/v2\/media?parent=33366"}],"wp:term":[{"taxonomy":"category","embeddable":true,"href":"https:\/\/www.lintelligentdabidjan.info\/news\/wp-json\/wp\/v2\/categories?post=33366"},{"taxonomy":"post_tag","embeddable":true,"href":"https:\/\/www.lintelligentdabidjan.info\/news\/wp-json\/wp\/v2\/tags?post=33366"}],"curies":[{"name":"wp","href":"https:\/\/api.w.org\/{rel}","templated":true}]}}