{"id":33378,"date":"2024-03-07T01:52:22","date_gmt":"2024-03-07T00:52:22","guid":{"rendered":"https:\/\/www.lintelligentdabidjan.info\/news\/?p=33378"},"modified":"2024-03-07T01:54:29","modified_gmt":"2024-03-07T00:54:29","slug":"recensement-general-des-entreprises-et-etablissements-de-cote-divoire-3000-agents-recenseurs-deployes-sur-le-territoire-national","status":"publish","type":"post","link":"https:\/\/www.lintelligentdabidjan.info\/news\/recensement-general-des-entreprises-et-etablissements-de-cote-divoire-3000-agents-recenseurs-deployes-sur-le-territoire-national\/","title":{"rendered":"Recensement g\u00e9n\u00e9ral des entreprises et \u00e9tablissements de C\u00f4te d&#8217;Ivoire-   3000 agents recenseurs d\u00e9ploy\u00e9s sur le territoire national"},"content":{"rendered":"<p><em><strong>Herv\u00e9 Franck Akaffou a indiqu\u00e9 que pr\u00e8s de 3000 agents recenseurs seront d\u00e9ploy\u00e9s pour le recensement g\u00e9n\u00e9ral des entreprises  et \u00e9tablissements de C\u00f4te d&#8217;Ivoire. <\/strong><\/em><\/p>\n<p>Herv\u00e9 Franck Akaffou, coordonnateur technique du recensement g\u00e9n\u00e9ral des entreprises et \u00e9tablissements de C\u00f4te d\u2019Ivoire (Rgeeci), \u00e9tait l\u2019invit\u00e9 de la tribune \u2018\u2019 Tout Savoir sur \u2018\u2019 du Centre d&#8217;information et de communication gouvernementale  le mardi 05 mars 2024 \u00e0 Abidjan-Plateau.<\/p>\n<p>\u00c0 cette occasion, Herv\u00e9 Franck Akaffou, coordonnateur technique du Recensement g\u00e9n\u00e9ral des entreprises et \u00e9tablissements de C\u00f4te d\u2019Ivoire (Rgeeci), a indiqu\u00e9 que ce recensement  s\u2019inscrit dans la dynamique du gouvernement ivoirien de disposer d\u2019une base de donn\u00e9es exhaustives et actualis\u00e9es sur l\u2019ensemble des unit\u00e9s de production formelles et informelles. Aussi, il a soulign\u00e9 que cette initiative vise non seulement \u00e0 conna\u00eetre la structure du secteur priv\u00e9, mais \u00e9galement \u00e0 identifier les difficult\u00e9s des entreprises et des op\u00e9rateurs du secteur informel, en vue de mieux orienter les politiques de promotion de leurs activit\u00e9s, ainsi que celles de cr\u00e9ation de richesses et d\u2019emplois. \u00ab Pour cette op\u00e9ration, 3 000 agents recenseurs de l\u2019INS seront d\u00e9ploy\u00e9s sur tout le territoire national, avec pour objectifs de recenser les unit\u00e9s \u00e9conomiques des secteurs formel et informel de l\u2019ensemble des secteurs d\u2019activit\u00e9s (Industrie, BTP, Commerce et Services), \u00e0 l\u2019exception du secteur agricole\u00bb, a-t-il d\u00e9clar\u00e9 avant de noter que l\u2019op\u00e9ration est enti\u00e8rement gratuite et elle a d\u00e9marr\u00e9 le 05 mars 2024 \u00e0 San Pedro avec 100 agents recenseurs. <\/p>\n<p><strong>Les entreprises invit\u00e9es \u00e0 une action citoyenne <\/strong><\/p>\n<p>Par ailleurs, il a lanc\u00e9 un appel aux acteurs afin de faciliter le travail  \u00e0 ses agents recenseurs sur le terrain. \u00ab  Le gouvernement exhorte tous les acteurs du secteur priv\u00e9, de l\u2019informel, des fa\u00eeti\u00e8res d\u2019entreprises, des organisations patronales, des \u00e9lus locaux et des autorit\u00e9s locales \u00e0 faire de ce recensement une action citoyenne parce que les r\u00e9sultats permettront \u00e0 la C\u00f4te d\u2019Ivoire de continuer sa marche vers son d\u00e9veloppement \u00bb, a lanc\u00e9 Herv\u00e9 Franck Akaffou. <\/p>\n<p>Les r\u00e9sultats du recensement seront disponibles en mai 2025.<\/p>\n<p><strong>Olivier Dion avec A. Traor\u00e9<\/strong><\/p>\n","protected":false},"excerpt":{"rendered":"<p>Herv\u00e9 Franck Akaffou a indiqu\u00e9 que pr\u00e8s de 3000 agents recenseurs seront d\u00e9ploy\u00e9s pour le recensement g\u00e9n\u00e9ral des entreprises et \u00e9tablissements de C\u00f4te d&#8217;Ivoire. Herv\u00e9 Franck Akaffou, coordonnateur technique du recensement g\u00e9n\u00e9ral des entreprises et \u00e9tablissements de C\u00f4te d\u2019Ivoire (Rgeeci), \u00e9tait l\u2019invit\u00e9 de la tribune \u2018\u2019 Tout Savoir sur \u2018\u2019 du Centre d&#8217;information et de [&hellip;]<\/p>\n","protected":false},"author":3,"featured_media":33380,"comment_status":"closed","ping_status":"closed","sticky":false,"template":"","format":"standard","meta":{"_monsterinsights_skip_tracking":false,"_monsterinsights_sitenote_active":false,"_monsterinsights_sitenote_note":"","_monsterinsights_sitenote_category":0,"footnotes":""},"categories":[2,18],"tags":[1229,77,3194,2707,875,3192,3193,3195],"class_list":["post-33378","post","type-post","status-publish","format-standard","has-post-thumbnail","hentry","category-featured","category-economie","tag-agents","tag-cote-divoire","tag-deployes","tag-entreprises","tag-etablissements","tag-recensement-general","tag-recenseurs","tag-territoire-national"],"_links":{"self":[{"href":"https:\/\/www.lintelligentdabidjan.info\/news\/wp-json\/wp\/v2\/posts\/33378","targetHints":{"allow":["GET"]}}],"collection":[{"href":"https:\/\/www.lintelligentdabidjan.info\/news\/wp-json\/wp\/v2\/posts"}],"about":[{"href":"https:\/\/www.lintelligentdabidjan.info\/news\/wp-json\/wp\/v2\/types\/post"}],"author":[{"embeddable":true,"href":"https:\/\/www.lintelligentdabidjan.info\/news\/wp-json\/wp\/v2\/users\/3"}],"replies":[{"embeddable":true,"href":"https:\/\/www.lintelligentdabidjan.info\/news\/wp-json\/wp\/v2\/comments?post=33378"}],"version-history":[{"count":1,"href":"https:\/\/www.lintelligentdabidjan.info\/news\/wp-json\/wp\/v2\/posts\/33378\/revisions"}],"predecessor-version":[{"id":33379,"href":"https:\/\/www.lintelligentdabidjan.info\/news\/wp-json\/wp\/v2\/posts\/33378\/revisions\/33379"}],"wp:featuredmedia":[{"embeddable":true,"href":"https:\/\/www.lintelligentdabidjan.info\/news\/wp-json\/wp\/v2\/media\/33380"}],"wp:attachment":[{"href":"https:\/\/www.lintelligentdabidjan.info\/news\/wp-json\/wp\/v2\/media?parent=33378"}],"wp:term":[{"taxonomy":"category","embeddable":true,"href":"https:\/\/www.lintelligentdabidjan.info\/news\/wp-json\/wp\/v2\/categories?post=33378"},{"taxonomy":"post_tag","embeddable":true,"href":"https:\/\/www.lintelligentdabidjan.info\/news\/wp-json\/wp\/v2\/tags?post=33378"}],"curies":[{"name":"wp","href":"https:\/\/api.w.org\/{rel}","templated":true}]}}