{"id":33559,"date":"2024-03-25T03:40:57","date_gmt":"2024-03-25T02:40:57","guid":{"rendered":"https:\/\/www.lintelligentdabidjan.info\/news\/?p=33559"},"modified":"2024-03-25T03:44:55","modified_gmt":"2024-03-25T02:44:55","slug":"presidentielle-2025-kader-fofana-president-de-la-cosaci-la-candidature-du-president-alassane-ouattara-est-deja-un-acquis","status":"publish","type":"post","link":"https:\/\/www.lintelligentdabidjan.info\/news\/presidentielle-2025-kader-fofana-president-de-la-cosaci-la-candidature-du-president-alassane-ouattara-est-deja-un-acquis\/","title":{"rendered":"Pr\u00e9sidentielle 2025- Kader Fofana, pr\u00e9sident de la COSACI: &#8220;La candidature du Pr\u00e9sident Alassane Ouattara est d\u00e9j\u00e0 un acquis &#8220;"},"content":{"rendered":"<p><em><strong>La Coalition des organisations pour la stabilit\u00e9 africaine, la coh\u00e9sion et l\u2019inclusion (COSACI) a \u00e9t\u00e9 pr\u00e9sent\u00e9e le samedi 23 mars 2024 \u00e0 Abidjan. Pour son pr\u00e9sident, Kader Fofana, la COSACI n&#8217;est pas dans la dynamique d&#8217;appeler \u00e0 la candidature du Pr\u00e9sident Alassane Ouattara en 2025 puisque, selon lui, c&#8217;est d\u00e9j\u00e0 un acquis.<\/strong><\/em><\/p>\n<p>La COSACI,  une fa\u00eeti\u00e8re qui rassemble en son sein, plusieurs autres leaders de mouvements et d\u2019associations originaires de C\u00f4te d\u2019Ivoire et d\u2019ailleurs. Cette coalition a \u00e9t\u00e9 cr\u00e9\u00e9e en 2023 et se veut, selon Kader Fofana, son pr\u00e9sident  , &#8220;une force de proposition en mati\u00e8re de gestion des affaires publiques et communautaires&#8221;.<\/p>\n<p>&#8220;La COSACI a vu le jour en 2023 \u00e0 Abidjan, en C\u00f4te d\u2019Ivoire, sur les cendres h\u00e9riti\u00e8res de l\u2019ancien mouvement politique &#8220;ACTION 2020&#8221;. Il vous souviendra qu\u2019en 2014, le mouvement &#8220;ACTION 2020&#8221;  a \u00e9t\u00e9 cr\u00e9\u00e9 en vue de consolider les efforts de mobilisation populaire au profit du candidat Alassane Ouattara, en pr\u00e9lude des \u00e9lections pr\u00e9sidentielles de 2015 et de 2020. Ensemble et hier, avons vendu le \u00ab produit \u00bb Alassane Ouattara qui a remport\u00e9 par deux fois les \u00e9ch\u00e9ances de vote. Sauf que, au cours de chacun des mandats qu\u2019il a exerc\u00e9s \u00e0 la t\u00eate du pays, le Pr\u00e9sident de la R\u00e9publique a brillamment r\u00e9ussi \u00e0 faire cro\u00eetre les indicateurs de d\u00e9veloppement de notre pays dans tous les domaines, faisant ainsi de la terre d\u2019Eburnie un pays respect\u00e9, \u00e0 la vigueur retrouv\u00e9e et au rayonnement \u00e9clatant dans le monde.<\/p>\n<p>Partout en C\u00f4te d&#8217;Ivoire, de grands chantiers sont lanc\u00e9s, dont les r\u00e9formes administratives, juridiques, \u00e9conomiques et s\u00e9curitaires engag\u00e9es ; les nouveaux investissements routiers et industriels sont r\u00e9alis\u00e9s, les innovations technologiques facilitent le quotidien des populations, les nouvelles mati\u00e8res valoris\u00e9es, les jeunes et les femmes  sont accompagn\u00e9s ; les produits agricoles sont localement semi transform\u00e9s, les productions \u00e9nerg\u00e9tiques et min\u00e9rali\u00e8res, accrues&#8230;<\/p>\n<p><strong>Immortaliser ce qu\u2019il convient d\u00e9sormais d\u2019appeler L\u2019Esprit Alassane Ouattara<\/strong><\/p>\n<p>Face \u00e0 la transformation totale du pays et des r\u00e9sultats excellents tr\u00e8s palpables de la gouvernance Ouattara, les leaders de ACTION 2020 se sont f\u00e9licit\u00e9s des acquis de l\u2019\u0153uvre du Pr\u00e9sident de la R\u00e9publique. Ils ont d\u00e9cid\u00e9 d\u2019immortaliser ce qu\u2019il convient d\u00e9sormais d\u2019appeler L\u2019Esprit Alassane Ouattara, \u00e0 travers une plateforme unique, qui porterait d\u00e9sormais au sommet de la promotion, sa philosophie de gestion publique&#8221;, a expliqu\u00e9 Kader Fofana. &#8220;La COSACI va au-del\u00e0 d&#8217;un appel \u00e0 la candidature du Pr\u00e9sident Alassane Ouattara \u00e0 la pr\u00e9sidentielle de 2025. Le constat que nous faisons c&#8217;est que d\u00e9sormais, le Pr\u00e9sident Alassane Ouattara est un esprit, une \u00e9cole. Il n&#8217;a plus rien \u00e0 prouver, \u00e0 l&#8217;image de Nelson Mandela, de F\u00e9lix Houphou\u00ebt-Boigny. Pour nous, le choix du Pr\u00e9sident Alassane Ouattara r\u00e9pond \u00e0 des crit\u00e8res. Il appartient \u00e0 un parti politique. C&#8217;est au parti de porter sa candidature, en respectant la Constitution que les Ivoiriens ont vot\u00e9e. Si le Pr\u00e9sident Alassane Ouattara respecte la Constitution et que sa candidature est port\u00e9e par son parti, nous, en tant que des intr\u00e9pides du Pr\u00e9sident Alassane Ouattara, nous allons nous engager, nous allons consid\u00e9rer cela comme une instruction que nous allons ex\u00e9cuter. Nous ne sommes plus au niveau d&#8217;un appel \u00e0 la candidature du Pr\u00e9sident Alassane Ouattara \u00e0 la pr\u00e9sidentielle de 2025, c&#8217;est d\u00e9j\u00e0 un acquis&#8221;, a-t-il ajout\u00e9.<\/p>\n<p><strong>La position de la COSACI face aux candidats du PDCI et du PPA-CI<\/strong><\/p>\n<p>Kader Fofana s&#8217;est prononc\u00e9 sur l&#8217;annonce de la candidature du pr\u00e9sident du Parti des peuples africains-C\u00f4te d&#8217;Ivoire (PPA-CI), l&#8217;ex-pr\u00e9sident Laurent Gbagbo et l&#8217;\u00e9lection de Tidjane Thiam \u00e0 la t\u00eate du PDCI-RDA : &#8220;Pour ce qui est de la candidature de l\u2019ex-pr\u00e9sident pr\u00e9sent\u00e9e pour la comp\u00e9tition de 2025, je crois que c\u2019est d\u2019abord une affaire interne \u00e0 sa formation politique. Si cette candidature tient compte de l\u2019\u00e9tat de sant\u00e9 de l\u2019homme et surtout des exigences de notre Code \u00e9lectoral, qu\u2019il en soit ainsi (&#8230;) Le pr\u00e9sident Thiam a \u00e9t\u00e9 \u00e9lu, mais il n&#8217;a pas encore \u00e9t\u00e9 d\u00e9sign\u00e9 comme le candidat de son parti, mais nous ne pouvons que saluer ces partis politiques, qui ont commenc\u00e9 \u00e0 aff\u00fbter leurs armes pour se pr\u00e9parer pour 2025 (&#8230;) Aujourd\u2019hui ce qui compte, c\u2019est l\u2019offre politique aux \u00e9lecteurs. Et sur la question, le RHDP semble bien loin devant, avec toute l\u2019\u0153uvre du Pr\u00e9sident Ouattara &#8221;<\/p>\n<p><strong>Une Fondation Alassane Ouattara annonc\u00e9e<\/strong><\/p>\n<p>Le pr\u00e9sident de la COSACI a d\u00e9voil\u00e9 des actions \u00e0 mener, dans les jours \u00e0 venir et la cr\u00e9ation d&#8217;une Fondation Alassane Ouattara. &#8221; La COSACI ambitionne de &#8220;vendre&#8221; le mod\u00e8le de gouvernance Alassane Ouattara dans nombre de pays africains et la d\u00e9marche de la COSACI consistera \u00e0 rassembler les forces vives ivoiriennes autour du mod\u00e8le Alassane Ouattara, sensibiliser les mouvements africains de la soci\u00e9t\u00e9 civile organis\u00e9e \u00e0 promouvoir le mod\u00e8le Alassane Ouattara (&#8230;) Nous allons lancer la Fondation internationale Alassane Ouattara pour l\u2019apprentissage \u00e0 la gouvernance \u00e9conomique et financi\u00e8re&#8221;, a indiqu\u00e9 le pr\u00e9sident de la COSACI.<\/p>\n<p><strong>Olivier Dion<\/strong><\/p>\n","protected":false},"excerpt":{"rendered":"<p>La Coalition des organisations pour la stabilit\u00e9 africaine, la coh\u00e9sion et l\u2019inclusion (COSACI) a \u00e9t\u00e9 pr\u00e9sent\u00e9e le samedi 23 mars 2024 \u00e0 Abidjan. Pour son pr\u00e9sident, Kader Fofana, la COSACI n&#8217;est pas dans la dynamique d&#8217;appeler \u00e0 la candidature du Pr\u00e9sident Alassane Ouattara en 2025 puisque, selon lui, c&#8217;est d\u00e9j\u00e0 un acquis. La COSACI, une [&hellip;]<\/p>\n","protected":false},"author":3,"featured_media":33563,"comment_status":"closed","ping_status":"closed","sticky":false,"template":"","format":"standard","meta":{"_monsterinsights_skip_tracking":false,"_monsterinsights_sitenote_active":false,"_monsterinsights_sitenote_note":"","_monsterinsights_sitenote_category":0,"footnotes":""},"categories":[2,17],"tags":[2980,39,2073,3310,3309,1621],"class_list":["post-33559","post","type-post","status-publish","format-standard","has-post-thumbnail","hentry","category-featured","category-politique","tag-acquis","tag-alassane-ouattara","tag-candidature","tag-cosaci","tag-kader-fofana","tag-presidentielle-2025"],"_links":{"self":[{"href":"https:\/\/www.lintelligentdabidjan.info\/news\/wp-json\/wp\/v2\/posts\/33559","targetHints":{"allow":["GET"]}}],"collection":[{"href":"https:\/\/www.lintelligentdabidjan.info\/news\/wp-json\/wp\/v2\/posts"}],"about":[{"href":"https:\/\/www.lintelligentdabidjan.info\/news\/wp-json\/wp\/v2\/types\/post"}],"author":[{"embeddable":true,"href":"https:\/\/www.lintelligentdabidjan.info\/news\/wp-json\/wp\/v2\/users\/3"}],"replies":[{"embeddable":true,"href":"https:\/\/www.lintelligentdabidjan.info\/news\/wp-json\/wp\/v2\/comments?post=33559"}],"version-history":[{"count":3,"href":"https:\/\/www.lintelligentdabidjan.info\/news\/wp-json\/wp\/v2\/posts\/33559\/revisions"}],"predecessor-version":[{"id":33564,"href":"https:\/\/www.lintelligentdabidjan.info\/news\/wp-json\/wp\/v2\/posts\/33559\/revisions\/33564"}],"wp:featuredmedia":[{"embeddable":true,"href":"https:\/\/www.lintelligentdabidjan.info\/news\/wp-json\/wp\/v2\/media\/33563"}],"wp:attachment":[{"href":"https:\/\/www.lintelligentdabidjan.info\/news\/wp-json\/wp\/v2\/media?parent=33559"}],"wp:term":[{"taxonomy":"category","embeddable":true,"href":"https:\/\/www.lintelligentdabidjan.info\/news\/wp-json\/wp\/v2\/categories?post=33559"},{"taxonomy":"post_tag","embeddable":true,"href":"https:\/\/www.lintelligentdabidjan.info\/news\/wp-json\/wp\/v2\/tags?post=33559"}],"curies":[{"name":"wp","href":"https:\/\/api.w.org\/{rel}","templated":true}]}}