{"id":33766,"date":"2024-04-22T03:59:52","date_gmt":"2024-04-22T01:59:52","guid":{"rendered":"https:\/\/www.lintelligentdabidjan.info\/news\/?p=33766"},"modified":"2024-04-22T04:30:49","modified_gmt":"2024-04-22T02:30:49","slug":"sur-recommandation-damadou-kone-thomas-camara-reconcilie-la-communaute-tagbana-de-bouake","status":"publish","type":"post","link":"https:\/\/www.lintelligentdabidjan.info\/news\/sur-recommandation-damadou-kone-thomas-camara-reconcilie-la-communaute-tagbana-de-bouake\/","title":{"rendered":"Sur recommandation d&#8217;Amadou Kon\u00e9-   Thomas Camara r\u00e9concilie la communaut\u00e9 Tagbana de Bouak\u00e9"},"content":{"rendered":"<p><em><strong>Thomas Camara a r\u00e9concili\u00e9  la communaut\u00e9 Tagbana de Bouak\u00e9 sur recommandation d&#8217;Amadou Kon\u00e9 \u00e0 l&#8217;issue des   discussions les samedi 13 et dimanche 14 avril 2024  dans ladite ville . <\/strong><\/em><\/p>\n<p>La grande communaut\u00e9 Tagbana r\u00e9sidant \u00e0 Bouak\u00e9, constitu\u00e9e des ressortissants des D\u00e9partements de Katiola et de Niakara, a \u00e9t\u00e9 confront\u00e9e au d\u00e9c\u00e8s de son chef central, Andr\u00e9 Tamikolo, en mai 2022. Ce d\u00e9part a laiss\u00e9 un vide au sein de la chefferie et a engendr\u00e9 des tensions quant \u00e0 sa succession. Apr\u00e8s diverses consultations, Ouattara  Nalourou a \u00e9t\u00e9 choisi pour succ\u00e9der au d\u00e9funt chef central.  Mais , ce choix a \u00e9t\u00e9 contest\u00e9 par une partie de la communaut\u00e9, provoquant ainsi une division marqu\u00e9e par des m\u00e9disances et un manque de confiance.<\/p>\n<p>Face \u00e0 cette situation pr\u00e9occupante, des courriers de plaintes ont \u00e9t\u00e9 adress\u00e9s aux autorit\u00e9s administratives et politiques de Bouak\u00e9 remettant en cause le choix et l&#8217;autorit\u00e9 du chef central. Le D\u00e9put\u00e9-Maire de Bouak\u00e9, le ministre des Transports  Amadou Kon\u00e9 , soucieux de restaurer l&#8217;unit\u00e9 au sein de la communaut\u00e9 Tagbana, a sollicit\u00e9 l&#8217;intervention de  Thomas Camara , D\u00e9put\u00e9-Maire de Katiola, pour r\u00e9soudre cette crise.<\/p>\n<p>Apr\u00e8s plusieurs jours de consultations \u00e0 sa r\u00e9sidence \u00e0 Katiola, impliquant les diff\u00e9rentes parties prenantes (chefferie, bureau ex\u00e9cutif, sages, mutuelle, femmes et jeunes), le D\u00e9put\u00e9-Maire Thomas Camara  a poursuivi et conclu les discussions les samedi 13 et dimanche 14 avril 2024 \u00e0 Bouak\u00e9. Gr\u00e2ce \u00e0 des n\u00e9gociations longues et complexes tenues \u00e0 la r\u00e9sidence du Ministre Amadou Kon\u00e9 ,  , un consensus a \u00e9t\u00e9 trouv\u00e9 avec les diff\u00e9rents protagonistes.<\/p>\n<p><strong>La chefferie centrale  d\u00e9sormais tournante<\/strong><\/p>\n<p>Ainsi, Ouattara  Nalourou est d\u00e9sormais reconnu et accept\u00e9 par tous comme chef central de la communaut\u00e9 Tagbana de Bouak\u00e9 pour un mandat de cinq (5) ans. La chefferie centrale sera d\u00e9sormais tournante entre les ressortissants des d\u00e9partements de Katiola et Niakara, ainsi que le quartier Djamourou, premier quartier des Tagbana \u00e0 Bouak\u00e9. Le bureau ex\u00e9cutif pr\u00e9sid\u00e9 par  Adolphe M\u00e9hanri Tour\u00e9  reprendra ses fonctions, tandis que le conseil des sages, incluant le chef central, sera r\u00e9organis\u00e9.<\/p>\n<p>Les femmes et les jeunes seront \u00e9galement organis\u00e9s en associations dot\u00e9es de leurs propres statuts \u00e0 r\u00e9diger.<\/p>\n<p>La pr\u00e9sentation de cet accord a \u00e9t\u00e9 faite en pl\u00e9ni\u00e8re aux Tagbana de Bouak\u00e9, en pr\u00e9sence du D\u00e9put\u00e9-Maire de Bouak\u00e9,   Amadou KONE, \u00e0 la grande salle de conf\u00e9rence de l&#8217;H\u00f4tel du Stade de Bouak\u00e9 le dimanche 14 avril 2024. Toutes les parties ont confirm\u00e9 l&#8217;accord, remerci\u00e9 le D\u00e9put\u00e9-Maire Thomas Camara pour sa m\u00e9diation et pris l\u2019engagement de vivre d\u00e9sormais en parfaite harmonie. Des conseils leur ont \u00e9t\u00e9 prodigu\u00e9s par les deux autorit\u00e9s.<\/p>\n<p>Le D\u00e9put\u00e9-Maire de Bouak\u00e9 a exprim\u00e9 sa gratitude envers son fr\u00e8re Thomas Camara pour avoir accept\u00e9 et r\u00e9ussi cette m\u00e9diation, se r\u00e9jouissant de retrouver une communaut\u00e9 Tagbana unie, condition pr\u00e9alable \u00e0 toute collaboration. Le D\u00e9put\u00e9-Maire de Katiola a remerci\u00e9 son fr\u00e8re Amadou Kon\u00e9  pour cette mission exaltante qu\u2019il lui a confi\u00e9e et lui a confi\u00e9 la communaut\u00e9 Tagbana r\u00e9sidant \u00e0 Bouak\u00e9 en lui demandant de la mettre en bonne place dans la gestion de la ville de Bouak\u00e9.<\/p>\n<p><strong>Tour\u00e9 Abdoulaye  <\/strong><\/p>\n","protected":false},"excerpt":{"rendered":"<p>Thomas Camara a r\u00e9concili\u00e9 la communaut\u00e9 Tagbana de Bouak\u00e9 sur recommandation d&#8217;Amadou Kon\u00e9 \u00e0 l&#8217;issue des discussions les samedi 13 et dimanche 14 avril 2024 dans ladite ville . La grande communaut\u00e9 Tagbana r\u00e9sidant \u00e0 Bouak\u00e9, constitu\u00e9e des ressortissants des D\u00e9partements de Katiola et de Niakara, a \u00e9t\u00e9 confront\u00e9e au d\u00e9c\u00e8s de son chef central, [&hellip;]<\/p>\n","protected":false},"author":3,"featured_media":33783,"comment_status":"closed","ping_status":"closed","sticky":false,"template":"","format":"standard","meta":{"_monsterinsights_skip_tracking":false,"_monsterinsights_sitenote_active":false,"_monsterinsights_sitenote_note":"","_monsterinsights_sitenote_category":0,"footnotes":""},"categories":[2,3],"tags":[473,125,1947,3046,3190],"class_list":["post-33766","post","type-post","status-publish","format-standard","has-post-thumbnail","hentry","category-featured","category-societe","tag-amadou-kone","tag-bouake","tag-communaute","tag-tagbana","tag-thomas-camara"],"_links":{"self":[{"href":"https:\/\/www.lintelligentdabidjan.info\/news\/wp-json\/wp\/v2\/posts\/33766","targetHints":{"allow":["GET"]}}],"collection":[{"href":"https:\/\/www.lintelligentdabidjan.info\/news\/wp-json\/wp\/v2\/posts"}],"about":[{"href":"https:\/\/www.lintelligentdabidjan.info\/news\/wp-json\/wp\/v2\/types\/post"}],"author":[{"embeddable":true,"href":"https:\/\/www.lintelligentdabidjan.info\/news\/wp-json\/wp\/v2\/users\/3"}],"replies":[{"embeddable":true,"href":"https:\/\/www.lintelligentdabidjan.info\/news\/wp-json\/wp\/v2\/comments?post=33766"}],"version-history":[{"count":1,"href":"https:\/\/www.lintelligentdabidjan.info\/news\/wp-json\/wp\/v2\/posts\/33766\/revisions"}],"predecessor-version":[{"id":33767,"href":"https:\/\/www.lintelligentdabidjan.info\/news\/wp-json\/wp\/v2\/posts\/33766\/revisions\/33767"}],"wp:featuredmedia":[{"embeddable":true,"href":"https:\/\/www.lintelligentdabidjan.info\/news\/wp-json\/wp\/v2\/media\/33783"}],"wp:attachment":[{"href":"https:\/\/www.lintelligentdabidjan.info\/news\/wp-json\/wp\/v2\/media?parent=33766"}],"wp:term":[{"taxonomy":"category","embeddable":true,"href":"https:\/\/www.lintelligentdabidjan.info\/news\/wp-json\/wp\/v2\/categories?post=33766"},{"taxonomy":"post_tag","embeddable":true,"href":"https:\/\/www.lintelligentdabidjan.info\/news\/wp-json\/wp\/v2\/tags?post=33766"}],"curies":[{"name":"wp","href":"https:\/\/api.w.org\/{rel}","templated":true}]}}