{"id":33776,"date":"2024-04-22T04:09:59","date_gmt":"2024-04-22T02:09:59","guid":{"rendered":"https:\/\/www.lintelligentdabidjan.info\/news\/?p=33776"},"modified":"2024-04-22T04:24:27","modified_gmt":"2024-04-22T02:24:27","slug":"3-ans-apres-son-deces-une-marche-organisee-a-seguela-pour-rendre-hommage-a-hamed-bakayoko","status":"publish","type":"post","link":"https:\/\/www.lintelligentdabidjan.info\/news\/3-ans-apres-son-deces-une-marche-organisee-a-seguela-pour-rendre-hommage-a-hamed-bakayoko\/","title":{"rendered":"3 ans apr\u00e8s son dec\u00e8s &#8211; Une marche organis\u00e9e \u00e0 S\u00e9gu\u00e9la pour rendre hommage \u00e0  Hamed Bakayoko"},"content":{"rendered":"<p><em><strong>Une marche a  \u00e9t\u00e9 organis\u00e9e \u00e0 S\u00e9gu\u00e9la pour rendre hommage \u00e0  Hamed Bakayoko 3 ans apr\u00e8s son dec\u00e8s. <\/strong><\/em><\/p>\n<p>Une marche blanche a \u00e9t\u00e9 organis\u00e9e \u00e0 S\u00e9gu\u00e9la le dimanche 14 avril 2024 pour rendre hommage \u00e0 feu le Premier ministre Hamed Bakayoko, trois ans apr\u00e8s son d\u00e9c\u00e8s. \u00c0 l&#8217;initiative de Moustapha Fall, cinqui\u00e8me adjoint au maire de S\u00e9guela, \u00e9galement connu sous le nom de G\u00e9n\u00e9ral Fall, cette marche a rassembl\u00e9 la population locale pour comm\u00e9morer la m\u00e9moire de l&#8217;ancien Premier ministre. Cet \u00e9v\u00e9nement, organis\u00e9 pour la troisi\u00e8me ann\u00e9e cons\u00e9cutive, a \u00e9t\u00e9 une occasion pour la communaut\u00e9 de se souvenir et de rendre hommage \u00e0 Hamed Bakayoko.<\/p>\n<p>La population de S\u00e9guela, ayant massivement r\u00e9pondu \u00e0 l&#8217;invitation, s&#8217;est engag\u00e9e avec enthousiasme dans une marche empreinte de solennit\u00e9, v\u00eatue de blanc, sur une distance de plus de 03 km, du quartier Benan jusqu&#8217;\u00e0 la r\u00e9sidence du d\u00e9funt, avec plus de 1000 participants.<\/p>\n<p>Guid\u00e9e par certains dignitaires religieux de la commune de S\u00e9guela, cette marche a \u00e9t\u00e9 un moment de recueillement o\u00f9 la foule r\u00e9citait des pri\u00e8res pour le repos de l&#8217;\u00e2me du d\u00e9funt.<\/p>\n<p>Des personnalit\u00e9s du monde de l&#8217;audiovisuel, de la politique, de la soci\u00e9t\u00e9 civile et des chefs d&#8217;entreprise ont r\u00e9pondu pr\u00e9sent, ainsi que de nombreux autres participants venus de plusieurs villes de la C\u00f4te d&#8217;Ivoire .<\/p>\n<p><strong>Tour\u00e9 Abdoulaye avec A. Traor\u00e9<\/strong><\/p>\n","protected":false},"excerpt":{"rendered":"<p>Une marche a \u00e9t\u00e9 organis\u00e9e \u00e0 S\u00e9gu\u00e9la pour rendre hommage \u00e0 Hamed Bakayoko 3 ans apr\u00e8s son dec\u00e8s. Une marche blanche a \u00e9t\u00e9 organis\u00e9e \u00e0 S\u00e9gu\u00e9la le dimanche 14 avril 2024 pour rendre hommage \u00e0 feu le Premier ministre Hamed Bakayoko, trois ans apr\u00e8s son d\u00e9c\u00e8s. \u00c0 l&#8217;initiative de Moustapha Fall, cinqui\u00e8me adjoint au maire [&hellip;]<\/p>\n","protected":false},"author":3,"featured_media":33778,"comment_status":"closed","ping_status":"closed","sticky":false,"template":"","format":"standard","meta":{"_monsterinsights_skip_tracking":false,"_monsterinsights_sitenote_active":false,"_monsterinsights_sitenote_note":"","_monsterinsights_sitenote_category":0,"footnotes":""},"categories":[2,17],"tags":[979,67,715,1820,233],"class_list":["post-33776","post","type-post","status-publish","format-standard","has-post-thumbnail","hentry","category-featured","category-politique","tag-deces","tag-hamed-bakayoko","tag-hommage","tag-marche","tag-seguela"],"_links":{"self":[{"href":"https:\/\/www.lintelligentdabidjan.info\/news\/wp-json\/wp\/v2\/posts\/33776","targetHints":{"allow":["GET"]}}],"collection":[{"href":"https:\/\/www.lintelligentdabidjan.info\/news\/wp-json\/wp\/v2\/posts"}],"about":[{"href":"https:\/\/www.lintelligentdabidjan.info\/news\/wp-json\/wp\/v2\/types\/post"}],"author":[{"embeddable":true,"href":"https:\/\/www.lintelligentdabidjan.info\/news\/wp-json\/wp\/v2\/users\/3"}],"replies":[{"embeddable":true,"href":"https:\/\/www.lintelligentdabidjan.info\/news\/wp-json\/wp\/v2\/comments?post=33776"}],"version-history":[{"count":1,"href":"https:\/\/www.lintelligentdabidjan.info\/news\/wp-json\/wp\/v2\/posts\/33776\/revisions"}],"predecessor-version":[{"id":33777,"href":"https:\/\/www.lintelligentdabidjan.info\/news\/wp-json\/wp\/v2\/posts\/33776\/revisions\/33777"}],"wp:featuredmedia":[{"embeddable":true,"href":"https:\/\/www.lintelligentdabidjan.info\/news\/wp-json\/wp\/v2\/media\/33778"}],"wp:attachment":[{"href":"https:\/\/www.lintelligentdabidjan.info\/news\/wp-json\/wp\/v2\/media?parent=33776"}],"wp:term":[{"taxonomy":"category","embeddable":true,"href":"https:\/\/www.lintelligentdabidjan.info\/news\/wp-json\/wp\/v2\/categories?post=33776"},{"taxonomy":"post_tag","embeddable":true,"href":"https:\/\/www.lintelligentdabidjan.info\/news\/wp-json\/wp\/v2\/tags?post=33776"}],"curies":[{"name":"wp","href":"https:\/\/api.w.org\/{rel}","templated":true}]}}