{"id":33793,"date":"2024-04-23T03:07:41","date_gmt":"2024-04-23T01:07:41","guid":{"rendered":"https:\/\/www.lintelligentdabidjan.info\/news\/?p=33793"},"modified":"2024-04-23T03:08:04","modified_gmt":"2024-04-23T01:08:04","slug":"bouake-les-centres-de-services-civiques-de-bouake-12-accueillent-650-nouveaux-stagiaires","status":"publish","type":"post","link":"https:\/\/www.lintelligentdabidjan.info\/news\/bouake-les-centres-de-services-civiques-de-bouake-12-accueillent-650-nouveaux-stagiaires\/","title":{"rendered":"Bouak\u00e9 : Les centres de services civiques de Bouak\u00e9 1&#038;2 accueillent 650 nouveaux stagiaires"},"content":{"rendered":"<p><em><strong>Le directeur du Service Civique d&#8217;Action pour le D\u00e9veloppement (SCAD) de l&#8217;Office pour le Service Civique National (OSCN) a pr\u00e9sid\u00e9 le vendredi 19 avril 2024, la c\u00e9r\u00e9monie de rentr\u00e9e des classes d&#8217;une nouvelle cohorte de 650 jeunes volontaires, dont 150 jeunes filles pour le Centre de service civique de Bouak\u00e9 1 et 500 gar\u00e7ons pour le Centre de service civique de Bouak\u00e9 2. Cette initiative s&#8217;inscrit dans le cadre du programme de l&#8217;\u00c9cole de la Deuxi\u00e8me Chance, visant la resocialisation des jeunes et l&#8217;acc\u00e9l\u00e9ration de leur insertion sociale et professionnelle.<\/strong><\/em><\/p>\n<p>Selon le directeur du SCAD, Amara Coulibaly, cette formation se d\u00e9roulera en deux phases : une phase de resocialisation d&#8217;une dur\u00e9e de deux mois, suivie d&#8217;une phase de formation professionnelle qualifiante de quatre mois. \u00ab L&#8217;objectif ultime de cette formation est de transformer ces jeunes en entrepreneurs sociaux, capables d&#8217;impacter positivement leurs familles et leurs communaut\u00e9s \u00bb, a d\u00e9clar\u00e9 Amara Coulibaly.<\/p>\n<p>Au nom de Mamadou Tour\u00e9, ministre de la Promotion de la Jeunesse, de l&#8217;Insertion Professionnelle et du Service Civique, le directeur du SCAD a f\u00e9licit\u00e9 les 650 jeunes volontaires pour leur participation \u00e0 ce programme de resocialisation et de formation qualifiante. Il a \u00e9galement assur\u00e9 aux volontaires que le minist\u00e8re s&#8217;engage \u00e0 tout mettre en \u0153uvre pour leur \u00e9panouissement. \u00ab Le ministre Mamadou Tour\u00e9 s&#8217;engage \u00e0 restaurer cet espoir en vous offrant un comportement appropri\u00e9, ainsi que des comp\u00e9tences professionnelles pour assurer une int\u00e9gration socio-professionnelle r\u00e9ussie gr\u00e2ce \u00e0 tous les dispositifs disponibles \u00bb, a affirm\u00e9 Amara Coulibaly.<br \/>\n<strong><br \/>\nS\u00e9ances d&#8217;alphab\u00e9tisation, anim\u00e9es par des moniteurs sp\u00e9cialis\u00e9s<\/strong><\/p>\n<p>Pendant six mois, ces apprenants seront form\u00e9s \u00e0 diff\u00e9rents m\u00e9tiers de leur choix, tels que la construction m\u00e9tallique, l&#8217;agro-pastoral, le BTP (ma\u00e7onnerie, carrelage, peinture, \u00e9lectricit\u00e9-b\u00e2timent), la m\u00e9canique auto-moto-tricycle, la s\u00e9curit\u00e9, la couture, l&#8217;\u00e9levage, l&#8217;agriculture, l&#8217;esth\u00e9tique-coiffure et la cuisine-p\u00e2tisserie. De plus, les stagiaires de la 2e cohorte b\u00e9n\u00e9ficieront de s\u00e9ances d&#8217;alphab\u00e9tisation, anim\u00e9es par des moniteurs sp\u00e9cialis\u00e9s, afin d&#8217;enseigner la lecture et l&#8217;\u00e9criture \u00e0 ceux d&#8217;entre eux qui en ont besoin.<\/p>\n<p>Pour l&#8217;ann\u00e9e 2024, un total de 2 300 jeunes (filles et gar\u00e7ons) seront accueillis dans les cinq Centres de Service Civique op\u00e9rationnels, dont 400 pour le centre de Bimbresso \u00e0 Songon, 1 000 pour le centre Tuo Fozi\u00e9 de Bouak\u00e9 2, 300 pour le centre de Bouak\u00e9 1, 300 pour le centre de Gu\u00e9dikpo \u00e0 Sassandra et 300 pour le centre de Guinguerini \u00e0 Boundiali. Actuellement, 1 050 jeunes sont inscrits pour la premi\u00e8re vague de stagiaires.<\/p>\n<p><strong>Aboubacar Al Syddick \u00e0 Bouak\u00e9<\/strong><\/p>\n","protected":false},"excerpt":{"rendered":"<p>Le directeur du Service Civique d&#8217;Action pour le D\u00e9veloppement (SCAD) de l&#8217;Office pour le Service Civique National (OSCN) a pr\u00e9sid\u00e9 le vendredi 19 avril 2024, la c\u00e9r\u00e9monie de rentr\u00e9e des classes d&#8217;une nouvelle cohorte de 650 jeunes volontaires, dont 150 jeunes filles pour le Centre de service civique de Bouak\u00e9 1 et 500 gar\u00e7ons pour [&hellip;]<\/p>\n","protected":false},"author":3,"featured_media":33794,"comment_status":"closed","ping_status":"closed","sticky":false,"template":"","format":"standard","meta":{"_monsterinsights_skip_tracking":false,"_monsterinsights_sitenote_active":false,"_monsterinsights_sitenote_note":"","_monsterinsights_sitenote_category":0,"footnotes":""},"categories":[2,3],"tags":[125,3419,3418],"class_list":["post-33793","post","type-post","status-publish","format-standard","has-post-thumbnail","hentry","category-featured","category-societe","tag-bouake","tag-centres-de-services-civique","tag-stagiaires"],"_links":{"self":[{"href":"https:\/\/www.lintelligentdabidjan.info\/news\/wp-json\/wp\/v2\/posts\/33793","targetHints":{"allow":["GET"]}}],"collection":[{"href":"https:\/\/www.lintelligentdabidjan.info\/news\/wp-json\/wp\/v2\/posts"}],"about":[{"href":"https:\/\/www.lintelligentdabidjan.info\/news\/wp-json\/wp\/v2\/types\/post"}],"author":[{"embeddable":true,"href":"https:\/\/www.lintelligentdabidjan.info\/news\/wp-json\/wp\/v2\/users\/3"}],"replies":[{"embeddable":true,"href":"https:\/\/www.lintelligentdabidjan.info\/news\/wp-json\/wp\/v2\/comments?post=33793"}],"version-history":[{"count":1,"href":"https:\/\/www.lintelligentdabidjan.info\/news\/wp-json\/wp\/v2\/posts\/33793\/revisions"}],"predecessor-version":[{"id":33795,"href":"https:\/\/www.lintelligentdabidjan.info\/news\/wp-json\/wp\/v2\/posts\/33793\/revisions\/33795"}],"wp:featuredmedia":[{"embeddable":true,"href":"https:\/\/www.lintelligentdabidjan.info\/news\/wp-json\/wp\/v2\/media\/33794"}],"wp:attachment":[{"href":"https:\/\/www.lintelligentdabidjan.info\/news\/wp-json\/wp\/v2\/media?parent=33793"}],"wp:term":[{"taxonomy":"category","embeddable":true,"href":"https:\/\/www.lintelligentdabidjan.info\/news\/wp-json\/wp\/v2\/categories?post=33793"},{"taxonomy":"post_tag","embeddable":true,"href":"https:\/\/www.lintelligentdabidjan.info\/news\/wp-json\/wp\/v2\/tags?post=33793"}],"curies":[{"name":"wp","href":"https:\/\/api.w.org\/{rel}","templated":true}]}}