{"id":33820,"date":"2024-04-26T03:55:24","date_gmt":"2024-04-26T01:55:24","guid":{"rendered":"https:\/\/www.lintelligentdabidjan.info\/news\/?p=33820"},"modified":"2024-04-26T04:05:51","modified_gmt":"2024-04-26T02:05:51","slug":"transformation-numerique-les-conseils-de-jean-marc-bedie-au-cntig","status":"publish","type":"post","link":"https:\/\/www.lintelligentdabidjan.info\/news\/transformation-numerique-les-conseils-de-jean-marc-bedie-au-cntig\/","title":{"rendered":"Transformation num\u00e9rique-   Les conseils de Jean Marc B\u00e9di\u00e9 au  Cntig"},"content":{"rendered":"<p><em><strong>Jean Marc B\u00e9di\u00e9 a prodigu\u00e9 des conseils aux  partenaires du CNTIG au niveau de la transformation num\u00e9rique.  <\/strong><\/em><\/p>\n<p>Le comit\u00e9 national de t\u00e9l\u00e9d\u00e9tection et d&#8217;information g\u00e9ographique (CNTIG) a organis\u00e9 un d\u00e9jeuner de presse le mercredi 24 avril 2024, dans un complexe h\u00f4telier \u00e0 Abidjan-Plateau, pour pr\u00e9senter le bilan de l&#8217;ann\u00e9e 2023  de cette structure .<\/p>\n<p>Sous le th\u00e8me &#8220;Contribution de la G\u00e9oinformation dans le processus de digitalisation de notre \u00e9conomie&#8221;, l&#8217;objectif principal de ce d\u00e9jeuner de presse organis\u00e9 par le CNTIG \u00e9tait de dresser le bilan de l&#8217;ann\u00e9e 2023 et d\u2019annoncer les perspectives pour 2024. Il visait \u00e9galement \u00e0 promouvoir l&#8217;expertise du CNTIG et \u00e0 valoriser la contribution de la g\u00e9oinformation dans le processus de digitalisation de l&#8217;\u00e9conomie ivoirienne.<\/p>\n<p>Pour Jean-Marc B\u00e9di\u00e9, repr\u00e9sentant le Premier ministre, la digitalisation permettra de remplacer les anciens usages de l\u2019administration et d\u2019offrir des possibilit\u00e9s pour l\u2019am\u00e9lioration des prestations et le renforcement des liens de confiance entre l\u2019administration publique et le citoyen. Il a \u00e9galement exhort\u00e9 tous les partenaires du CNTIG \u00e0 s&#8217;inscrire dans cette dynamique de digitalisation de leurs outils de gestion pour une C\u00f4te d&#8217;Ivoire \u00e9mergente.<\/p>\n<p>Il est pr\u00e9vu qu&#8217;en 2024, la digitalisation des territoires et des syst\u00e8mes de gestion des secteurs cl\u00e9s de l\u2019\u00e9conomie soit au c\u0153ur des activit\u00e9s du CNTIG.<\/p>\n<p>Nous serons engag\u00e9s \u00e0 contribuer \u00e0 la construction des fondements de la ville intelligente, ou smart city, \u00e0 travers les outils de la g\u00e9oinformation qui permettront de traiter les th\u00e9matiques d\u2019actualit\u00e9s au c\u0153ur du d\u00e9veloppement local. Il s\u2019agit notamment de la gestion des d\u00e9chets, de la mobilit\u00e9 urbaine, de la pr\u00e9servation de l\u2019environnement, de l\u2019\u00e9clairage public intelligent, de la gestion de l\u2019eau et de la promotion de la participation citoyenne \u00bb, a d\u00e9clar\u00e9 le Dr \u00c9douard Fonh-Gb\u00e9i, directeur g\u00e9n\u00e9ral du CNTIG.<\/p>\n<p>Selon le Dr \u00c9douard Fonh-Gb\u00e9i, l&#8217;engagement du CNTIG \u00e0 la contribution de la g\u00e9oinformation dans le processus de digitalisation s\u2019exercera \u00e0 l\u2019endroit des administrations et des secteurs cl\u00e9s de l&#8217;\u00e9conomie ivoirienne. \u00ab Pour le premier semestre, nous nous emploierons \u00e0 accompagner la digitalisation du syst\u00e8me de s\u00e9curit\u00e9 humaine, de l\u2019emploi, de l\u2019\u00e9ducation nationale ainsi que celle du d\u00e9veloppement des zones industrielles \u00bb, a-t-il fait savoir.<\/p>\n<p>Avant d&#8217;ajouter que, conform\u00e9ment \u00e0 la vision du Chef de l&#8217;\u00c9tat, Alassane Ouattara, le CNTIG est en marche afin de contribuer au d\u00e9veloppement d&#8217;une C\u00f4te d&#8217;Ivoire \u00e9mergente pour laquelle la digitalisation de l\u2019\u00e9conomie doit compter avec les outils de la g\u00e9oinformation.<\/p>\n<p><strong>Bilan des activit\u00e9s de 2023 et perspectives 2024 du CNTIG<\/strong><\/p>\n<p>Pour ce qui concerne les activit\u00e9s et projets r\u00e9alis\u00e9s par le CNTIG en 2023, il s&#8217;agit notamment de la conception de solutions E-commune et de Plans strat\u00e9giques de d\u00e9veloppement (PSD) au profit de 17 collectivit\u00e9s (Bingerville, Korhogo, Foumbolo, Arrah, Niell\u00e9, Boundiali, la r\u00e9gion de la Marahou\u00e9, etc.). La r\u00e9alisation de projets sp\u00e9cifiques destin\u00e9s aux secteurs tels que la sant\u00e9, l&#8217;\u00e9ducation, l&#8217;enseignement sup\u00e9rieur, l&#8217;emploi, la s\u00e9curit\u00e9, les transports et la communication, l&#8217;industrie, etc. La participation \u00e0 plus d&#8217;une trentaine d&#8217;ateliers, de s\u00e9minaires et d&#8217;\u00e9v\u00e9nements. La cr\u00e9ation de plus de 700 emplois directs et indirects dans le cadre de l&#8217;ex\u00e9cution des projets. La formation de plus de 300 personnes aux outils et technologies de la g\u00e9oinformation.<\/p>\n<p>Pour l&#8217;ann\u00e9e 2024, le CNTIG s&#8217;est fix\u00e9 pour objectifs d&#8217;accompagner davantage les collectivit\u00e9s territoriales dans le processus de transformation en territoires intelligents (Smart City). Vulgariser les solutions g\u00e9ospatiales au profit des collectivit\u00e9s (districts, r\u00e9gions et communes). R\u00e9aliser des syst\u00e8mes intelligents de s\u00e9curit\u00e9 humaine, gestion des \u00e9lections locales, gestion intelligente des transports (routier, maritime, a\u00e9rien), surveillance de la qualit\u00e9 de l&#8217;air et de l&#8217;eau, et pr\u00e9vention des catastrophes naturelles.<\/p>\n<p>Le CNTIG est une structure technique sous la tutelle du Cabinet du Premier Ministre. Il a pour mission de d\u00e9finir, organiser et coordonner les programmes en mati\u00e8re de g\u00e9oinformation et de t\u00e9l\u00e9d\u00e9tection appliqu\u00e9e.<\/p>\n<p><strong>Mamadou Ouattara avec L. Abdul<\/strong><\/p>\n<p>L\u00e9gende : Le CNTIG dresse son bilan<\/p>\n","protected":false},"excerpt":{"rendered":"<p>Jean Marc B\u00e9di\u00e9 a prodigu\u00e9 des conseils aux partenaires du CNTIG au niveau de la transformation num\u00e9rique. Le comit\u00e9 national de t\u00e9l\u00e9d\u00e9tection et d&#8217;information g\u00e9ographique (CNTIG) a organis\u00e9 un d\u00e9jeuner de presse le mercredi 24 avril 2024, dans un complexe h\u00f4telier \u00e0 Abidjan-Plateau, pour pr\u00e9senter le bilan de l&#8217;ann\u00e9e 2023 de cette structure . Sous [&hellip;]<\/p>\n","protected":false},"author":3,"featured_media":33828,"comment_status":"closed","ping_status":"closed","sticky":false,"template":"","format":"standard","meta":{"_monsterinsights_skip_tracking":false,"_monsterinsights_sitenote_active":false,"_monsterinsights_sitenote_note":"","_monsterinsights_sitenote_category":0,"footnotes":""},"categories":[2,18],"tags":[3432,3431,3430],"class_list":["post-33820","post","type-post","status-publish","format-standard","has-post-thumbnail","hentry","category-featured","category-economie","tag-cntig","tag-jean-marc-bedie","tag-transformation-numerique"],"_links":{"self":[{"href":"https:\/\/www.lintelligentdabidjan.info\/news\/wp-json\/wp\/v2\/posts\/33820","targetHints":{"allow":["GET"]}}],"collection":[{"href":"https:\/\/www.lintelligentdabidjan.info\/news\/wp-json\/wp\/v2\/posts"}],"about":[{"href":"https:\/\/www.lintelligentdabidjan.info\/news\/wp-json\/wp\/v2\/types\/post"}],"author":[{"embeddable":true,"href":"https:\/\/www.lintelligentdabidjan.info\/news\/wp-json\/wp\/v2\/users\/3"}],"replies":[{"embeddable":true,"href":"https:\/\/www.lintelligentdabidjan.info\/news\/wp-json\/wp\/v2\/comments?post=33820"}],"version-history":[{"count":1,"href":"https:\/\/www.lintelligentdabidjan.info\/news\/wp-json\/wp\/v2\/posts\/33820\/revisions"}],"predecessor-version":[{"id":33821,"href":"https:\/\/www.lintelligentdabidjan.info\/news\/wp-json\/wp\/v2\/posts\/33820\/revisions\/33821"}],"wp:featuredmedia":[{"embeddable":true,"href":"https:\/\/www.lintelligentdabidjan.info\/news\/wp-json\/wp\/v2\/media\/33828"}],"wp:attachment":[{"href":"https:\/\/www.lintelligentdabidjan.info\/news\/wp-json\/wp\/v2\/media?parent=33820"}],"wp:term":[{"taxonomy":"category","embeddable":true,"href":"https:\/\/www.lintelligentdabidjan.info\/news\/wp-json\/wp\/v2\/categories?post=33820"},{"taxonomy":"post_tag","embeddable":true,"href":"https:\/\/www.lintelligentdabidjan.info\/news\/wp-json\/wp\/v2\/tags?post=33820"}],"curies":[{"name":"wp","href":"https:\/\/api.w.org\/{rel}","templated":true}]}}