{"id":33825,"date":"2024-04-26T04:01:39","date_gmt":"2024-04-26T02:01:39","guid":{"rendered":"https:\/\/www.lintelligentdabidjan.info\/news\/?p=33825"},"modified":"2024-04-26T04:24:25","modified_gmt":"2024-04-26T02:24:25","slug":"constitution-du-corps-des-benevoles-nationaux-et-des-services-volontaires-le-gouvernement-et-ses-partenaires-reflechissent-a-yamoussoukro","status":"publish","type":"post","link":"https:\/\/www.lintelligentdabidjan.info\/news\/constitution-du-corps-des-benevoles-nationaux-et-des-services-volontaires-le-gouvernement-et-ses-partenaires-reflechissent-a-yamoussoukro\/","title":{"rendered":"Constitution du corps des B\u00e9n\u00e9voles nationaux et des services volontaires-  Le gouvernement et ses partenaires r\u00e9fl\u00e9chissent \u00e0 Yamoussoukro"},"content":{"rendered":"<p><em><strong>En vue de p\u00e9renniser les acquis du programme sp\u00e9cial de volontariat et de b\u00e9n\u00e9volat initi\u00e9 lors de la 34\u00e8me \u00e9dition de la Coupe d&#8217;Afrique des Nations organis\u00e9e en C\u00f4te d\u2019Ivoire, il se tient depuis le 25 avril 2024, dans la capitale politique, un atelier de r\u00e9flexion sur la mise en place d\u2019un corps des B\u00e9n\u00e9voles nationaux et des services volontaires.<\/strong><\/em><\/p>\n<p>Compos\u00e9s d&#8217;une cinquantaine de participants venus du minist\u00e8re de la promotion de la jeunesse, de l\u2019insertion professionnelle et du service civique, de l\u2019Office national du service civique, des minist\u00e8res sectoriels prioritaires, des partenaires techniques et financiers, et d\u2019organisations de volontariat, cet atelier vise, pendant 48 heures, \u00e0 d\u00e9terminer les conditions de constitution et d\u2019op\u00e9rationnalisation ainsi que les acteurs pour la mise en place de ce corps. Les participants discuteront \u00e9galement des modalit\u00e9s pratiques pour sa mise en \u0153uvre et son mode de financement. Plus sp\u00e9cifiquement, il s\u2019agira pour eux d&#8217;identifier les grands syst\u00e8mes de b\u00e9n\u00e9voles et de volontaires, d&#8217;\u00e9laborer les \u00e9l\u00e9ments relatifs \u00e0 la structuration, l\u2019organisation, au fonctionnement et au financement du corps des b\u00e9n\u00e9voles, de choisir les missions et les secteurs de d\u00e9veloppement concern\u00e9s, de d\u00e9finir les limites des interventions de ces derniers et les axes de collaboration entre les parties concern\u00e9es. Pour ce faire, quatre (4) commissions th\u00e9matiques ont \u00e9t\u00e9 retenues.<\/p>\n<p>Pour rappel, initi\u00e9 par le ministre de la jeunesse,   Mamadou Tour\u00e9 , ce sont 30 000 jeunes ivoiriens (20 000 b\u00e9n\u00e9voles et 10 000 volontaires) qui, par leur performance lors de la Coupe d&#8217;Afrique des Nations 2023, ont fait de cette \u00e9dition la &#8220;CAN de l\u2019hospitalit\u00e9&#8221;, la meilleure jamais organis\u00e9e.<\/p>\n<p><strong>Les enjeux de ce corps dans le d\u00e9veloppement de la C\u00f4te d\u2019Ivoire<\/strong><\/p>\n<p>\u00c0 l\u2019occasion, Kabran Kouam\u00e9, conseiller sp\u00e9cial, a, au nom de   Mamadou Tour\u00e9 , ministre de la promotion de la jeunesse, de l\u2019insertion professionnelle et du service civique, situ\u00e9 les enjeux de la constitution de ce corps. Il a indiqu\u00e9 que ce dispositif tant attendu pour planifier et organiser l\u2019engagement citoyen de toute la population, est un instrument qui devra \u00e9galement valoriser et donner des perspectives aux jeunes. \u00ab Nos jeunes sont souvent en qu\u00eate d\u2019emploi, nous le savons bien. Mais nos jeunes ont aussi besoin d\u2019affirmer leur engagement citoyen et leur responsabilit\u00e9 envers la communaut\u00e9. Ils ont besoin de d\u00e9velopper de l\u2019empathie et de pouvoir contribuer de mani\u00e8re saine et b\u00e9n\u00e9fique \u00e0 la communaut\u00e9. Nos jeunes ont aussi besoin d\u2019\u00eatre visibles et d\u2019\u00eatre reconnus \u00bb, a-t-il soulign\u00e9. \u00c0 cet effet, il a invit\u00e9 les experts de la question des b\u00e9n\u00e9voles et des volontaires \u00e0 enrichir de leurs exp\u00e9riences les diff\u00e9rentes communications en commissions, afin de b\u00e2tir ensemble un dispositif r\u00e9pondant aux attentes de la population et des utilisateurs de volontaires et de b\u00e9n\u00e9voles. \u00ab En effet, les besoins sont vari\u00e9s et multiformes, les acteurs sont nombreux et les centres d\u2019int\u00e9r\u00eat parfois tr\u00e8s sp\u00e9cifiques \u00bb, a-t-il relev\u00e9. Ainsi, une fois mis en place, ce corps permettra, entre autres, d\u2019offrir un cadre s\u00e9curis\u00e9 aux jeunes et \u00e0 toute la population pour d\u00e9velopper leur engagement envers les besoins de la nation et renforcer leurs comp\u00e9tences sur des sujets d\u2019int\u00e9r\u00eat commun ; de soutenir certains secteurs de notre soci\u00e9t\u00e9 qui, par moment, ont besoin du savoir-faire et du savoir-\u00eatre de nos jeunes et des adultes ; et de favoriser la rencontre entre jeunes, partenaires techniques et financiers, ONG et la soci\u00e9t\u00e9 civile, en vue d\u2019am\u00e9liorer leur employabilit\u00e9.<\/p>\n<p><strong>\u00ab 3 millions de personnes vis\u00e9es \u00e0 terme \u00bb<\/strong><\/p>\n<p>Tour\u00e9 Mamadou, Directeur G\u00e9n\u00e9ral de l\u2019Office national du service civique, a, pour le reste, indiqu\u00e9 l\u2019objectif vis\u00e9 \u00e0 terme en termes de capacit\u00e9 de ce corps, qui est de passer de 30 000 jeunes b\u00e9n\u00e9voles et volontaires de d\u00e9part \u00e0 3 millions, soit 10 % de la population ivoirienne, compos\u00e9e de jeunes, de personnes en activit\u00e9 comme \u00e0 la retraite de tous les secteurs d\u2019activit\u00e9.<\/p>\n<p><strong>Harry Diallo \u00e0 Yamoussoukro<\/strong><\/p>\n","protected":false},"excerpt":{"rendered":"<p>En vue de p\u00e9renniser les acquis du programme sp\u00e9cial de volontariat et de b\u00e9n\u00e9volat initi\u00e9 lors de la 34\u00e8me \u00e9dition de la Coupe d&#8217;Afrique des Nations organis\u00e9e en C\u00f4te d\u2019Ivoire, il se tient depuis le 25 avril 2024, dans la capitale politique, un atelier de r\u00e9flexion sur la mise en place d\u2019un corps des B\u00e9n\u00e9voles [&hellip;]<\/p>\n","protected":false},"author":3,"featured_media":33837,"comment_status":"closed","ping_status":"closed","sticky":false,"template":"","format":"standard","meta":{"_monsterinsights_skip_tracking":false,"_monsterinsights_sitenote_active":false,"_monsterinsights_sitenote_note":"","_monsterinsights_sitenote_category":0,"footnotes":""},"categories":[2,3],"tags":[3435,32,1922,505,2263,3428,2695,51],"class_list":["post-33825","post","type-post","status-publish","format-standard","has-post-thumbnail","hentry","category-featured","category-societe","tag-benevoles-nationaux","tag-constitution","tag-corps","tag-gouvernement","tag-partenaires","tag-services","tag-volontaires","tag-yamoussoukro"],"_links":{"self":[{"href":"https:\/\/www.lintelligentdabidjan.info\/news\/wp-json\/wp\/v2\/posts\/33825","targetHints":{"allow":["GET"]}}],"collection":[{"href":"https:\/\/www.lintelligentdabidjan.info\/news\/wp-json\/wp\/v2\/posts"}],"about":[{"href":"https:\/\/www.lintelligentdabidjan.info\/news\/wp-json\/wp\/v2\/types\/post"}],"author":[{"embeddable":true,"href":"https:\/\/www.lintelligentdabidjan.info\/news\/wp-json\/wp\/v2\/users\/3"}],"replies":[{"embeddable":true,"href":"https:\/\/www.lintelligentdabidjan.info\/news\/wp-json\/wp\/v2\/comments?post=33825"}],"version-history":[{"count":1,"href":"https:\/\/www.lintelligentdabidjan.info\/news\/wp-json\/wp\/v2\/posts\/33825\/revisions"}],"predecessor-version":[{"id":33826,"href":"https:\/\/www.lintelligentdabidjan.info\/news\/wp-json\/wp\/v2\/posts\/33825\/revisions\/33826"}],"wp:featuredmedia":[{"embeddable":true,"href":"https:\/\/www.lintelligentdabidjan.info\/news\/wp-json\/wp\/v2\/media\/33837"}],"wp:attachment":[{"href":"https:\/\/www.lintelligentdabidjan.info\/news\/wp-json\/wp\/v2\/media?parent=33825"}],"wp:term":[{"taxonomy":"category","embeddable":true,"href":"https:\/\/www.lintelligentdabidjan.info\/news\/wp-json\/wp\/v2\/categories?post=33825"},{"taxonomy":"post_tag","embeddable":true,"href":"https:\/\/www.lintelligentdabidjan.info\/news\/wp-json\/wp\/v2\/tags?post=33825"}],"curies":[{"name":"wp","href":"https:\/\/api.w.org\/{rel}","templated":true}]}}