{"id":33976,"date":"2024-05-13T03:47:28","date_gmt":"2024-05-13T01:47:28","guid":{"rendered":"https:\/\/www.lintelligentdabidjan.info\/news\/?p=33976"},"modified":"2024-05-13T04:26:33","modified_gmt":"2024-05-13T02:26:33","slug":"extradition-des-personnes-reclamees-en-cote-divoire-un-projet-de-loi-adopte-en-commission-au-senat","status":"publish","type":"post","link":"https:\/\/www.lintelligentdabidjan.info\/news\/extradition-des-personnes-reclamees-en-cote-divoire-un-projet-de-loi-adopte-en-commission-au-senat\/","title":{"rendered":"Extradition des personnes r\u00e9clam\u00e9es en C\u00f4te d\u2019Ivoire-   Un projet de loi adopt\u00e9 en commission au S\u00e9nat"},"content":{"rendered":"<p><em><strong>Le vendredi 10 mai 2024, le Garde des Sceaux, ministre de la Justice et des Droits de l\u2019Homme, Jean Sansan Kambil\u00e9, a pr\u00e9sent\u00e9 devant les membres de la Commission des affaires g\u00e9n\u00e9rales et des collectivit\u00e9s territoriales du S\u00e9nat un projet de loi relatif \u00e0 l\u2019extradition. L&#8217;\u00e9missaire du gouvernement a soulign\u00e9 que ce nouveau texte de loi vise non seulement \u00e0 renforcer le r\u00e9gime juridique de la C\u00f4te d\u2019Ivoire en mati\u00e8re d&#8217;extradition, mais \u00e9galement \u00e0 combler les lacunes constat\u00e9es dans la loi du 10 mars 1927. Il a notamment mis en avant l&#8217;importance de prendre en compte l\u2019\u00e9volution de la l\u00e9gislation p\u00e9nale ivoirienne, ainsi que les engagements internationaux pris par la C\u00f4te d\u2019Ivoire en mati\u00e8re de protection des droits de l\u2019homme.<\/strong><\/em><\/p>\n<p>Le ministre Jean Sansan Kambil\u00e9 a rappel\u00e9 que jusqu&#8217;\u00e0 pr\u00e9sent, c\u2019est la loi du 10 mars 1927 qui r\u00e9gissait, en l\u2019absence de conventions et de dispositions particuli\u00e8res, l\u2019extradition des personnes r\u00e9clam\u00e9es en C\u00f4te d\u2019Ivoire. Ce nouveau projet de loi vise donc \u00e0 moderniser et \u00e0 adapter le cadre juridique de l&#8217;extradition aux \u00e9volutions l\u00e9gislatives nationales et aux standards internationaux en mati\u00e8re de droits de l\u2019homme.<\/p>\n<p>\u00ab Il s&#8217;agit d&#8217;une loi fran\u00e7aise alors applicable dans les colonies de la France et toujours en vigueur dans le dispositif juridique de la C\u00f4te d&#8217;Ivoire, en vertu de la r\u00e8gle constitutionnelle de la continuit\u00e9 l\u00e9gislative constamment r\u00e9affirm\u00e9e depuis son ind\u00e9pendance acquise en 1960 \u00bb, a pr\u00e9cis\u00e9 le Garde des Sceaux dans l\u2019expos\u00e9 des motifs.<\/p>\n<p>En effet, a-t-il mentionn\u00e9, l\u2019ancienne loi couvre en grande partie, mais sans pr\u00e9ciser tous les aspects, les conditions et les effets de la remise des \u00e9trangers par l&#8217;\u00c9tat de C\u00f4te d&#8217;Ivoire \u00e0 des \u00c9tats requ\u00e9rants. De plus, le dispositif actuel sur l&#8217;extradition semble ne pas \u00eatre en phase tant avec l&#8217;\u00e9volution de la l\u00e9gislation p\u00e9nale ivoirienne qu&#8217;avec les engagements de l&#8217;\u00c9tat de C\u00f4te d&#8217;Ivoire sur le plan international, notamment en mati\u00e8re de protection des droits de l&#8217;Homme. Ainsi, le pr\u00e9sent projet de loi vise avant tout \u00e0 doter l&#8217;\u00c9tat de C\u00f4te d&#8217;Ivoire d&#8217;un dispositif juridique relatif \u00e0 l&#8217;extradition, sp\u00e9cifique \u00e0 ses besoins, et qui englobe \u00e0 la fois les r\u00e8gles r\u00e9gissant la remise des personnes r\u00e9clam\u00e9es \u00e0 un \u00c9tat requ\u00e9rant et celles permettant d&#8217;obtenir leur remise \u00e0 l&#8217;\u00c9tat de C\u00f4te d&#8217;Ivoire.<\/p>\n<p>De sorte qu\u2019en l\u2019absence de toute convention internationale entre la C\u00f4te d\u2019Ivoire et d\u2019autres pays, c\u2019est ce texte de loi qui va s\u2019appliquer \u00bb, a pr\u00e9cis\u00e9 l\u2019\u00e9missaire du gouvernement. Ensuite, dans le respect des engagements internationaux de l&#8217;\u00c9tat de C\u00f4te d&#8217;Ivoire en mati\u00e8re de droits de l&#8217;Homme, le dispositif propos\u00e9 indique clairement et suffisamment les conditions de l&#8217;extradition des personnes, sp\u00e9cialement celles dont le non-respect ne peut autoriser l&#8217;\u00c9tat de C\u00f4te d&#8217;Ivoire \u00e0 l&#8217;accorder ou \u00e0 la demander. Par ailleurs, en ad\u00e9quation avec l&#8217;\u00e9volution globale de la l\u00e9gislation p\u00e9nale ivoirienne, le projet de loi sp\u00e9cifie les diff\u00e9rentes \u00e9tapes de la proc\u00e9dure lorsque l&#8217;extradition est requise par un \u00c9tat, suivant la voie ordinaire ou en cas d\u2019arrestation provisoire ou suivant la proc\u00e9dure simplifi\u00e9e d\u2019extradition, et celles suivies lorsque l&#8217;extradition est sollicit\u00e9e et obtenue par l&#8217;\u00c9tat de C\u00f4te d&#8217;Ivoire.<\/p>\n<p>D\u00e9sormais, la r\u00e9forme propos\u00e9e d\u00e9termine les acteurs judiciaires et non judiciaires qui interviennent au cours des diff\u00e9rents types d&#8217;extraditions pr\u00e9cit\u00e9s, pr\u00e9cise leurs comp\u00e9tences respectives et identifie les d\u00e9cisions susceptibles d&#8217;\u00eatre prises, ainsi que les d\u00e9lais impartis pour le faire. De m\u00eame, elle pr\u00e9cise les voies de recours ouvertes aux int\u00e9ress\u00e9s et les modalit\u00e9s de l&#8217;annulation de l&#8217;extradition des personnes obtenue par l&#8217;\u00c9tat de C\u00f4te d&#8217;Ivoire. Enfin, le projet de loi \u00e9nonce les r\u00e8gles concernant les proc\u00e9dures qui pourraient \u00eatre accessoires \u00e0 la proc\u00e9dure d&#8217;extradition.<\/p>\n<p>Au terme des \u00e9changes, le projet de loi a \u00e9t\u00e9 adopt\u00e9 \u00e0 l\u2019unanimit\u00e9 des membres pr\u00e9sents de la commission.<\/p>\n<p><strong>Harry Diallo \u00e0 Yamoussoukro<\/strong><\/p>\n","protected":false},"excerpt":{"rendered":"<p>Le vendredi 10 mai 2024, le Garde des Sceaux, ministre de la Justice et des Droits de l\u2019Homme, Jean Sansan Kambil\u00e9, a pr\u00e9sent\u00e9 devant les membres de la Commission des affaires g\u00e9n\u00e9rales et des collectivit\u00e9s territoriales du S\u00e9nat un projet de loi relatif \u00e0 l\u2019extradition. L&#8217;\u00e9missaire du gouvernement a soulign\u00e9 que ce nouveau texte de [&hellip;]<\/p>\n","protected":false},"author":3,"featured_media":33990,"comment_status":"closed","ping_status":"closed","sticky":false,"template":"","format":"standard","meta":{"_monsterinsights_skip_tracking":false,"_monsterinsights_sitenote_active":false,"_monsterinsights_sitenote_note":"","_monsterinsights_sitenote_category":0,"footnotes":""},"categories":[2,17],"tags":[2728,3517,77,3516,74,1792,1900,565],"class_list":["post-33976","post","type-post","status-publish","format-standard","has-post-thumbnail","hentry","category-featured","category-politique","tag-adopte","tag-commission","tag-cote-divoire","tag-extradition","tag-loi","tag-personnes","tag-projet","tag-senat"],"_links":{"self":[{"href":"https:\/\/www.lintelligentdabidjan.info\/news\/wp-json\/wp\/v2\/posts\/33976","targetHints":{"allow":["GET"]}}],"collection":[{"href":"https:\/\/www.lintelligentdabidjan.info\/news\/wp-json\/wp\/v2\/posts"}],"about":[{"href":"https:\/\/www.lintelligentdabidjan.info\/news\/wp-json\/wp\/v2\/types\/post"}],"author":[{"embeddable":true,"href":"https:\/\/www.lintelligentdabidjan.info\/news\/wp-json\/wp\/v2\/users\/3"}],"replies":[{"embeddable":true,"href":"https:\/\/www.lintelligentdabidjan.info\/news\/wp-json\/wp\/v2\/comments?post=33976"}],"version-history":[{"count":1,"href":"https:\/\/www.lintelligentdabidjan.info\/news\/wp-json\/wp\/v2\/posts\/33976\/revisions"}],"predecessor-version":[{"id":33977,"href":"https:\/\/www.lintelligentdabidjan.info\/news\/wp-json\/wp\/v2\/posts\/33976\/revisions\/33977"}],"wp:featuredmedia":[{"embeddable":true,"href":"https:\/\/www.lintelligentdabidjan.info\/news\/wp-json\/wp\/v2\/media\/33990"}],"wp:attachment":[{"href":"https:\/\/www.lintelligentdabidjan.info\/news\/wp-json\/wp\/v2\/media?parent=33976"}],"wp:term":[{"taxonomy":"category","embeddable":true,"href":"https:\/\/www.lintelligentdabidjan.info\/news\/wp-json\/wp\/v2\/categories?post=33976"},{"taxonomy":"post_tag","embeddable":true,"href":"https:\/\/www.lintelligentdabidjan.info\/news\/wp-json\/wp\/v2\/tags?post=33976"}],"curies":[{"name":"wp","href":"https:\/\/api.w.org\/{rel}","templated":true}]}}