{"id":34145,"date":"2024-05-27T02:51:43","date_gmt":"2024-05-27T00:51:43","guid":{"rendered":"https:\/\/www.lintelligentdabidjan.info\/news\/?p=34145"},"modified":"2024-05-27T02:51:59","modified_gmt":"2024-05-27T00:51:59","slug":"vie-de-la-nation-sery-richard-veut-une-republique-federale-en-cote-divoire","status":"publish","type":"post","link":"https:\/\/www.lintelligentdabidjan.info\/news\/vie-de-la-nation-sery-richard-veut-une-republique-federale-en-cote-divoire\/","title":{"rendered":"Vie de la Nation &#8211;  S\u00e9ry Richard veut une R\u00e9publique f\u00e9d\u00e9rale en C\u00f4te d\u2019Ivoire"},"content":{"rendered":"<p><em><strong>Le premier num\u00e9ro de la tribune Pro-C\u00f4te d&#8217;Ivoire initi\u00e9e par le parti politique Pro-C\u00f4te d&#8217;Ivoire pour la D\u00e9mocratie, la Prosp\u00e9rit\u00e9 et la Souverainet\u00e9 (Proci-Dps) a eu lieu le jeudi 23 mai 2024 \u00e0 son  si\u00e8ge  \u00e0 Abidjan-Cocody Angr\u00e9. <\/strong><\/em><\/p>\n<p>Au cours de cette tribune, S\u00e9ry Richard, porte-parole de Pro-C\u00f4te d&#8217;Ivoire pour la D\u00e9mocratie, la Prosp\u00e9rit\u00e9 et la Souverainet\u00e9 (Proci-Dps), a mis en exergue quelques aspects du programme de soci\u00e9t\u00e9 de son parti politique. Selon lui, l\u2019un des piliers majeurs de Proci-Dps, c\u2019est la transformation de l\u2019\u00c9tat de C\u00f4te d\u2019Ivoire en une R\u00e9publique F\u00e9d\u00e9rale. \u00abLa C\u00f4te d&#8217;Ivoire, ind\u00e9pendante, depuis le 07 ao\u00fbt 1960, a connu des dirigeants qui ont, chacun selon sa vision, apport\u00e9 sa pierre \u00e0 l&#8217;\u00e9difice du d\u00e9veloppement et de la modernisation de notre pays. Toutefois, nous pensons qu&#8217;ensemble, nous pouvons mieux faire. Cela passe pour nous, de prime abord, par une rupture dans le mode de gestion du pouvoir d&#8217;\u00c9tat. C&#8217;est pourquoi, nous, Pro-C\u00f4te d&#8217;Ivoire pour la D\u00e9mocratie, la Prosp\u00e9rit\u00e9 et la Souverainet\u00e9, proposons de faire de la C\u00f4te d\u2019Ivoire, une R\u00e9publique f\u00e9d\u00e9rale pour les cinq prochaines ann\u00e9es si les populations ivoiriennes nous portent au pouvoir \u00bb, a-t-il d\u00e9clar\u00e9. Selon S\u00e9ry Richard, la transformation de l\u2019\u00c9tat de C\u00f4te d\u2019Ivoire en une R\u00e9publique f\u00e9d\u00e9rale n\u00e9cessite plusieurs changements \u00e0 savoir un nouvel hymne national, un drapeau actualis\u00e9, une arm\u00e9e f\u00e9d\u00e9rale, une police f\u00e9d\u00e9rale, une gendarmerie f\u00e9d\u00e9rale, une langue nationale \u00e0 utiliser \u00e0 l&#8217;oral et \u00e0 l&#8217;\u00e9crit. <\/p>\n<p><strong>La R\u00e9publique f\u00e9d\u00e9rale constitu\u00e9e de 9 \u00c9tats <\/strong><\/p>\n<p>Par ailleurs, il a soulign\u00e9 que la R\u00e9publique f\u00e9d\u00e9rale sera ainsi constitu\u00e9e de 9 \u00c9tats<\/p>\n<p> f\u00e9d\u00e9r\u00e9s en remplacement des r\u00e9gions et districts actuels. \u00ab\u00c0 la t\u00eate de ces 9  \u00c9tats f\u00e9d\u00e9r\u00e9s, nous aurons 9 gouverneurs avec rang de chefs d&#8217;\u00c9tat qui seront \u00e9lus. Ils disposeront des pouvoirs n\u00e9cessaires pour exercer selon la Constitution de la R\u00e9publique F\u00e9d\u00e9rale de C\u00f4te d&#8217;Ivoire. Dans cette approche, le Pr\u00e9sident aura un pouvoir limit\u00e9. Par exemple, il ne pourra pas nommer aux emplois de la Magistrature; ce qui va consacrer et consolider l&#8217;ind\u00e9pendance de la Justice et du pouvoir des juges. Il ne pourra pas prendre de d\u00e9cision sans l&#8217;aval des 9 gouverneurs des \u00c9tats f\u00e9d\u00e9r\u00e9s. Aussi, il ne disposera pas de budget de souverainet\u00e9. En somme, il jouera un r\u00f4le de r\u00e9gulateur avec un gouvernement f\u00e9d\u00e9ral \u00bb, a d\u00e9taill\u00e9 S\u00e9ry Richard qui a ajout\u00e9 que cette forme de R\u00e9publique s&#8217;affranchit des lourdeurs administratives du pouvoir centralis\u00e9 et r\u00e9duit au maximum les institutions budg\u00e9tivores. <\/p>\n<p><strong>Olivier Dion avec A. Traor\u00e9 <\/strong><\/p>\n","protected":false},"excerpt":{"rendered":"<p>Le premier num\u00e9ro de la tribune Pro-C\u00f4te d&#8217;Ivoire initi\u00e9e par le parti politique Pro-C\u00f4te d&#8217;Ivoire pour la D\u00e9mocratie, la Prosp\u00e9rit\u00e9 et la Souverainet\u00e9 (Proci-Dps) a eu lieu le jeudi 23 mai 2024 \u00e0 son si\u00e8ge \u00e0 Abidjan-Cocody Angr\u00e9. Au cours de cette tribune, S\u00e9ry Richard, porte-parole de Pro-C\u00f4te d&#8217;Ivoire pour la D\u00e9mocratie, la Prosp\u00e9rit\u00e9 et [&hellip;]<\/p>\n","protected":false},"author":3,"featured_media":34146,"comment_status":"closed","ping_status":"closed","sticky":false,"template":"","format":"standard","meta":{"_monsterinsights_skip_tracking":false,"_monsterinsights_sitenote_active":false,"_monsterinsights_sitenote_note":"","_monsterinsights_sitenote_category":0,"footnotes":""},"categories":[2,17],"tags":[77,3602,3601,3600],"class_list":["post-34145","post","type-post","status-publish","format-standard","has-post-thumbnail","hentry","category-featured","category-politique","tag-cote-divoire","tag-republique-federale","tag-sery-richard","tag-vie-de-la-nation"],"_links":{"self":[{"href":"https:\/\/www.lintelligentdabidjan.info\/news\/wp-json\/wp\/v2\/posts\/34145","targetHints":{"allow":["GET"]}}],"collection":[{"href":"https:\/\/www.lintelligentdabidjan.info\/news\/wp-json\/wp\/v2\/posts"}],"about":[{"href":"https:\/\/www.lintelligentdabidjan.info\/news\/wp-json\/wp\/v2\/types\/post"}],"author":[{"embeddable":true,"href":"https:\/\/www.lintelligentdabidjan.info\/news\/wp-json\/wp\/v2\/users\/3"}],"replies":[{"embeddable":true,"href":"https:\/\/www.lintelligentdabidjan.info\/news\/wp-json\/wp\/v2\/comments?post=34145"}],"version-history":[{"count":1,"href":"https:\/\/www.lintelligentdabidjan.info\/news\/wp-json\/wp\/v2\/posts\/34145\/revisions"}],"predecessor-version":[{"id":34147,"href":"https:\/\/www.lintelligentdabidjan.info\/news\/wp-json\/wp\/v2\/posts\/34145\/revisions\/34147"}],"wp:featuredmedia":[{"embeddable":true,"href":"https:\/\/www.lintelligentdabidjan.info\/news\/wp-json\/wp\/v2\/media\/34146"}],"wp:attachment":[{"href":"https:\/\/www.lintelligentdabidjan.info\/news\/wp-json\/wp\/v2\/media?parent=34145"}],"wp:term":[{"taxonomy":"category","embeddable":true,"href":"https:\/\/www.lintelligentdabidjan.info\/news\/wp-json\/wp\/v2\/categories?post=34145"},{"taxonomy":"post_tag","embeddable":true,"href":"https:\/\/www.lintelligentdabidjan.info\/news\/wp-json\/wp\/v2\/tags?post=34145"}],"curies":[{"name":"wp","href":"https:\/\/api.w.org\/{rel}","templated":true}]}}