{"id":34168,"date":"2024-05-29T17:55:51","date_gmt":"2024-05-29T15:55:51","guid":{"rendered":"https:\/\/www.lintelligentdabidjan.info\/news\/?p=34168"},"modified":"2024-05-29T18:05:46","modified_gmt":"2024-05-29T16:05:46","slug":"cote-divoire-la-culture-au-coeur-de-la-paix","status":"publish","type":"post","link":"https:\/\/www.lintelligentdabidjan.info\/news\/cote-divoire-la-culture-au-coeur-de-la-paix\/","title":{"rendered":"C\u00f4te d\u2019Ivoire : la culture au c\u0153ur de la paix"},"content":{"rendered":"<p><em><strong>De 2010 \u00e0 2011, la C\u00f4te d\u2019Ivoire est \u00e9branl\u00e9e par la crise post-\u00e9lectorale. Les dirigeants travaillent \u00e0 pr\u00e9sent sur le sentiment d\u2019appartenance des citoyens, pour une reconstruction sociale durable.<\/strong><\/em><\/p>\n<p>Loin du trauma des ann\u00e9es de conflits, la C\u00f4te d\u2019Ivoire aspire \u00e0 une paix avec elle-m\u00eame. Pour lutter contre l\u2019apparition de nouvelles violences politiques, une approche participative des citoyens dans le cadre de coh\u00e9sion sociale a \u00e9t\u00e9 mis en place. Depuis 2020, des cadres de collaboration (CdC) et des associations ont vu le jour. Ces comit\u00e9s de paix issus de soci\u00e9t\u00e9 civile ont pour objectif la pr\u00e9vention et la gestion des conflits au niveau local. Pour parvenir \u00e0 des r\u00e9sultats probants, le gouvernement a sollicit\u00e9 l\u2019implication des autorit\u00e9s administratives locales et coutumi\u00e8res. Tout ce travail vise \u00e0 transformer les conflits endog\u00e8nes, fonctionnels et durables, permettant ainsi une meilleure gouvernance.<\/p>\n<p><strong>Des coutumes pour la paix<\/strong><\/p>\n<p>Pour obtenir une paix durable et une confiance entre les autorit\u00e9s locales et la population, la ministre de la coh\u00e9sion nationale, de la Solidarit\u00e9 et de la lutte contre la pauvret\u00e9, a sollicit\u00e9 chaque citoyen au respect mutuel, \u00e0 l\u2019entraide, \u00e0 la solidarit\u00e9 et au pardon. Plusieurs organismes, prenant diff\u00e9rentes formes, voient le jour sur le territoire. Des communaut\u00e9s Krou et Gouro ont scell\u00e9 la coh\u00e9sion sociale \u00e0 travers une association d\u00e9nomm\u00e9e \u00ab Awan\u00e9 \u00bb. Les membres affirment se sentir suffisamment solidaires et proches les uns des autres pour \u00ab le vivre-ensemble \u00bb. Une comp\u00e9tition sportive a \u00e9t\u00e9 organis\u00e9e et a permis de regrouper diff\u00e9rents peuples en un m\u00eame lieu, donnant un sens concret au partage et au \u00ab vivre-ensemble \u00bb. Des campagnes de sensibilisation sur les th\u00e9matiques de la coh\u00e9sion nationale a permis de d\u00e9velopper plusieurs actions et manifestations coutumi\u00e8res locales. Le maire de Mankono, Vagbama Tambla, a encourag\u00e9 les diff\u00e9rentes communaut\u00e9s \u00e0 s\u2019inscrire dans la voie de la solidarit\u00e9 des peuples trac\u00e9e par l\u2019association Awan\u00e9.<\/p>\n<p>Le CdC et les diverses associations sont compos\u00e9s de citoyens b\u00e9n\u00e9voles. Le bon vouloir de la population \u00e0 s\u2019investir dans l\u2019organisation de mesure de coh\u00e9sion sociale est d\u00e9j\u00e0 \u00e0 lui seul un indicateur d\u2019une volont\u00e9 collective de retrouver une solidarit\u00e9 p\u00e9renne.<br \/>\nLe 06 d\u00e9cembre 2019, le gouvernement ivoirien a pr\u00e9sent\u00e9 les 151 indicateurs nationaux destin\u00e9s \u00e0 \u00e9valuer les efforts du gouvernement sur la solidarit\u00e9 et la coh\u00e9sion sociale. Ceux-ci sont de v\u00e9ritables outils op\u00e9rationnels pour v\u00e9rifier la bonne mise en \u0153uvre des m\u00e9canismes d\u2019harmonisation et de durabilit\u00e9 de la paix au sein du peuple ivoirien. Gr\u00e2ce \u00e0 la reconnaissance de cet engagement, de nouveaux acteurs se sont joint aux actions d&#8217;alerte et de m\u00e9diation pr\u00e9ventive. Avec cette valorisation, le rapprochement communautaire est efficient et contribue \u00e0 la r\u00e9duction du niveau d\u2019ins\u00e9curit\u00e9 dans plusieurs quartiers.<\/p>\n<p>La C\u00f4te d&#8217;Ivoire est-elle sur le point de devenir pionnier en mati\u00e8re de reconstruction fond\u00e9e sur l&#8217;unit\u00e9 du peuple, la paix et le respect des coutumes, marquant ainsi un tournant important sur le continent ?<\/p>\n<p><strong>Constantine<\/strong><\/p>\n","protected":false},"excerpt":{"rendered":"<p>De 2010 \u00e0 2011, la C\u00f4te d\u2019Ivoire est \u00e9branl\u00e9e par la crise post-\u00e9lectorale. Les dirigeants travaillent \u00e0 pr\u00e9sent sur le sentiment d\u2019appartenance des citoyens, pour une reconstruction sociale durable. Loin du trauma des ann\u00e9es de conflits, la C\u00f4te d\u2019Ivoire aspire \u00e0 une paix avec elle-m\u00eame. Pour lutter contre l\u2019apparition de nouvelles violences politiques, une approche [&hellip;]<\/p>\n","protected":false},"author":3,"featured_media":34170,"comment_status":"closed","ping_status":"closed","sticky":false,"template":"","format":"standard","meta":{"_monsterinsights_skip_tracking":false,"_monsterinsights_sitenote_active":false,"_monsterinsights_sitenote_note":"","_monsterinsights_sitenote_category":0,"footnotes":""},"categories":[2,17],"tags":[2183,77,510,655],"class_list":["post-34168","post","type-post","status-publish","format-standard","has-post-thumbnail","hentry","category-featured","category-politique","tag-coeur","tag-cote-divoire","tag-culture","tag-paix"],"_links":{"self":[{"href":"https:\/\/www.lintelligentdabidjan.info\/news\/wp-json\/wp\/v2\/posts\/34168","targetHints":{"allow":["GET"]}}],"collection":[{"href":"https:\/\/www.lintelligentdabidjan.info\/news\/wp-json\/wp\/v2\/posts"}],"about":[{"href":"https:\/\/www.lintelligentdabidjan.info\/news\/wp-json\/wp\/v2\/types\/post"}],"author":[{"embeddable":true,"href":"https:\/\/www.lintelligentdabidjan.info\/news\/wp-json\/wp\/v2\/users\/3"}],"replies":[{"embeddable":true,"href":"https:\/\/www.lintelligentdabidjan.info\/news\/wp-json\/wp\/v2\/comments?post=34168"}],"version-history":[{"count":1,"href":"https:\/\/www.lintelligentdabidjan.info\/news\/wp-json\/wp\/v2\/posts\/34168\/revisions"}],"predecessor-version":[{"id":34169,"href":"https:\/\/www.lintelligentdabidjan.info\/news\/wp-json\/wp\/v2\/posts\/34168\/revisions\/34169"}],"wp:featuredmedia":[{"embeddable":true,"href":"https:\/\/www.lintelligentdabidjan.info\/news\/wp-json\/wp\/v2\/media\/34170"}],"wp:attachment":[{"href":"https:\/\/www.lintelligentdabidjan.info\/news\/wp-json\/wp\/v2\/media?parent=34168"}],"wp:term":[{"taxonomy":"category","embeddable":true,"href":"https:\/\/www.lintelligentdabidjan.info\/news\/wp-json\/wp\/v2\/categories?post=34168"},{"taxonomy":"post_tag","embeddable":true,"href":"https:\/\/www.lintelligentdabidjan.info\/news\/wp-json\/wp\/v2\/tags?post=34168"}],"curies":[{"name":"wp","href":"https:\/\/api.w.org\/{rel}","templated":true}]}}