{"id":34191,"date":"2024-06-01T00:03:48","date_gmt":"2024-05-31T22:03:48","guid":{"rendered":"https:\/\/www.lintelligentdabidjan.info\/news\/?p=34191"},"modified":"2024-06-01T00:08:50","modified_gmt":"2024-05-31T22:08:50","slug":"abattoir-de-port-bouet-le-bien-fonde-dune-delocalisation-annoncee-aux-acteurs-depuis-plus-de-deux-mois","status":"publish","type":"post","link":"https:\/\/www.lintelligentdabidjan.info\/news\/abattoir-de-port-bouet-le-bien-fonde-dune-delocalisation-annoncee-aux-acteurs-depuis-plus-de-deux-mois\/","title":{"rendered":"Abattoir de Port-Bou\u00ebt-  Le bien fond\u00e9 d&#8217;une d\u00e9localisation annonc\u00e9e aux acteurs depuis  plus de deux mois"},"content":{"rendered":"<p><em><strong>Lors d&#8217;une r\u00e9union tenue le lundi 18 mars 2024 avec les acteurs de la fili\u00e8re b\u00e9tail, le Ministre, Gouverneur Ciss\u00e9 Ibrahima Bacongo avait inform\u00e9 ses h\u00f4tes de la n\u00e9cessit\u00e9 de d\u00e9ployer d\u00e9sormais le b\u00e9tail sur le site de l&#8217;ancienne casse d&#8217;Adjam\u00e9. <\/strong><\/em><\/p>\n<p>Cette d\u00e9cision faisait suite au constat d\u2019insalubrit\u00e9 et d\u2019ins\u00e9curit\u00e9 des sites sur lesquels sont parqu\u00e9es les b\u00eates dans les communes du District Autonome d\u2019Abidjan.<\/p>\n<p>\u00a0\u2018\u2019Il faut am\u00e9liorer les conditions dans lesquelles on travaille, le b\u00e9tail est partout, ce n\u2019est pas bon pour la sant\u00e9\u2019\u2019, avait alors dit le Ministre, Gouverneur \u00e0 la satisfaction des acteurs mobilis\u00e9s pour la circonstance. <\/p>\n<p>Cette mesure visait \u00e9galement \u00e0 r\u00e9gler la question des grands bouchons constat\u00e9s sur la voie internationale \u00e0 Port Bouet cr\u00e9ant des d\u00e9sagr\u00e9ments \u00e0 tous les usagers, en particulier aux voyageurs de l&#8217;a\u00e9roport F\u00e9lix Houphou\u00ebt Boigny. <\/p>\n<p>\u00c0 cet effet, le Ministre, Gouverneur avait annonc\u00e9 que 15 hectares seraient am\u00e9nag\u00e9s pour accueillir les prochains camions de b\u00e9tail en provenance des pays de l&#8217;hinterland. <\/p>\n<p>Le District Autonome d\u2019Abidjan est surpris qu&#8217;au moment de la mise en \u0153uvre de cette mesure, des personnes se r\u00e9clamant de cette m\u00eame fili\u00e8re d\u00e9cident de saboter ces dispositions qui, ont pour but non seulement de lutter contre le d\u00e9sordre urbain mais aussi, in fine, d\u2019offrir aux populations de la viande de qualit\u00e9 \u00e0 de bons prix, vu que ces nouvelles dispositions permettront \u00e0 cette fili\u00e8re b\u00e9tail d\u2019\u00eatre d\u00e9barrass\u00e9e de tous les interm\u00e9diaires v\u00e9reux. <\/p>\n<p>Le District Autonome d\u2019Abidjan condamne les actes de violence\u00a0 perp\u00e9tr\u00e9s par les gr\u00e9vistes sur les honn\u00eates citoyens, et rassure que les dispositions idoines sont en cours pour renforcer la s\u00e9curit\u00e9 des travailleurs du secteur. <\/p>\n<p>Le District Autonome d\u2019Abidjan confirme que les mesures de d\u00e9localisation du parc \u00e0 b\u00e9tail arr\u00eat\u00e9es et communiqu\u00e9es aux acteurs, iront \u00e0 leur terme, car il n&#8217;entend pas se laisser d\u00e9tourner de sa mission d&#8217;offrir aux abidjanaises et aux abidjanais un cadre de vie sain, s\u00e9curis\u00e9 tout en leur assurant la fluidit\u00e9 routi\u00e8re.<\/p>\n<p><strong>DIRCOM<br \/>\nDistrict Autonome d\u2019Abidjan<\/strong><\/p>\n","protected":false},"excerpt":{"rendered":"<p>Lors d&#8217;une r\u00e9union tenue le lundi 18 mars 2024 avec les acteurs de la fili\u00e8re b\u00e9tail, le Ministre, Gouverneur Ciss\u00e9 Ibrahima Bacongo avait inform\u00e9 ses h\u00f4tes de la n\u00e9cessit\u00e9 de d\u00e9ployer d\u00e9sormais le b\u00e9tail sur le site de l&#8217;ancienne casse d&#8217;Adjam\u00e9. Cette d\u00e9cision faisait suite au constat d\u2019insalubrit\u00e9 et d\u2019ins\u00e9curit\u00e9 des sites sur lesquels sont [&hellip;]<\/p>\n","protected":false},"author":3,"featured_media":34192,"comment_status":"closed","ping_status":"closed","sticky":false,"template":"","format":"standard","meta":{"_monsterinsights_skip_tracking":false,"_monsterinsights_sitenote_active":false,"_monsterinsights_sitenote_note":"","_monsterinsights_sitenote_category":0,"footnotes":""},"categories":[2,3],"tags":[3620,1782,3621,1044],"class_list":["post-34191","post","type-post","status-publish","format-standard","has-post-thumbnail","hentry","category-featured","category-societe","tag-abattoir","tag-acteurs","tag-delocalisation","tag-port-bouet"],"_links":{"self":[{"href":"https:\/\/www.lintelligentdabidjan.info\/news\/wp-json\/wp\/v2\/posts\/34191","targetHints":{"allow":["GET"]}}],"collection":[{"href":"https:\/\/www.lintelligentdabidjan.info\/news\/wp-json\/wp\/v2\/posts"}],"about":[{"href":"https:\/\/www.lintelligentdabidjan.info\/news\/wp-json\/wp\/v2\/types\/post"}],"author":[{"embeddable":true,"href":"https:\/\/www.lintelligentdabidjan.info\/news\/wp-json\/wp\/v2\/users\/3"}],"replies":[{"embeddable":true,"href":"https:\/\/www.lintelligentdabidjan.info\/news\/wp-json\/wp\/v2\/comments?post=34191"}],"version-history":[{"count":2,"href":"https:\/\/www.lintelligentdabidjan.info\/news\/wp-json\/wp\/v2\/posts\/34191\/revisions"}],"predecessor-version":[{"id":34194,"href":"https:\/\/www.lintelligentdabidjan.info\/news\/wp-json\/wp\/v2\/posts\/34191\/revisions\/34194"}],"wp:featuredmedia":[{"embeddable":true,"href":"https:\/\/www.lintelligentdabidjan.info\/news\/wp-json\/wp\/v2\/media\/34192"}],"wp:attachment":[{"href":"https:\/\/www.lintelligentdabidjan.info\/news\/wp-json\/wp\/v2\/media?parent=34191"}],"wp:term":[{"taxonomy":"category","embeddable":true,"href":"https:\/\/www.lintelligentdabidjan.info\/news\/wp-json\/wp\/v2\/categories?post=34191"},{"taxonomy":"post_tag","embeddable":true,"href":"https:\/\/www.lintelligentdabidjan.info\/news\/wp-json\/wp\/v2\/tags?post=34191"}],"curies":[{"name":"wp","href":"https:\/\/api.w.org\/{rel}","templated":true}]}}