{"id":34282,"date":"2024-06-11T07:55:41","date_gmt":"2024-06-11T05:55:41","guid":{"rendered":"https:\/\/www.lintelligentdabidjan.info\/news\/?p=34282"},"modified":"2024-06-11T07:55:51","modified_gmt":"2024-06-11T05:55:51","slug":"bouake-kambou-ollo-reelu-president-de-lassociation-des-residents-lobi","status":"publish","type":"post","link":"https:\/\/www.lintelligentdabidjan.info\/news\/bouake-kambou-ollo-reelu-president-de-lassociation-des-residents-lobi\/","title":{"rendered":"Bouak\u00e9-  Kambou Ollo r\u00e9\u00e9lu  pr\u00e9sident  de l&#8217;association des r\u00e9sidents Lobi"},"content":{"rendered":"<p><em><strong>La communaut\u00e9 Lobi r\u00e9sidant \u00e0 Bouak\u00e9 a accord\u00e9 un nouveau mandat de 5 ans \u00e0 Kambou Ollo \u00e0 la t\u00eate de &#8220;Si-Do-Biel&#8221;  (qui signifie soyons ensemble) , l&#8217;association qui regroupe cette communaut\u00e9 \u00e0 Bouak\u00e9, lors d&#8217;une assembl\u00e9e g\u00e9n\u00e9rale \u00e9lective. Cette r\u00e9union s&#8217;est tenue le samedi 8 juin 2024 au quartier Gnankoukro de Bouak\u00e9. <\/strong><\/em><\/p>\n<p>Lors de cette \u00e9lection, le pr\u00e9sident sortant Kambou Ollo a \u00e9t\u00e9 r\u00e9\u00e9lu \u00e0 l&#8217;unanimit\u00e9 par les soixante membres pr\u00e9sents  . Suite \u00e0 sa r\u00e9\u00e9lection, il a exprim\u00e9 sa gratitude envers ses collaborateurs et tous les membres de l&#8217;association. \u00ab Je suis extr\u00eamement heureux d&#8217;avoir l&#8217;opportunit\u00e9 de diriger \u00e0 nouveau cette association dont j&#8217;ai \u00e9t\u00e9 le pr\u00e9sident pendant sept ans. Aujourd&#8217;hui, les membres ont jug\u00e9 bon de me reconduire \u00e0 mon poste pour un nouveau mandat de cinq ans. Je saisis cette occasion pour remercier tous les membres qui ont toujours plac\u00e9 leur confiance en moi et qui me donnent une seconde fois l&#8217;occasion de poursuivre cette mission. Je tiens \u00e9galement \u00e0 exprimer ma gratitude envers le peuple Lobi de toute la C\u00f4te d&#8217;Ivoire qui valorise notre culture dans toute sa diversit\u00e9 \u00bb, a-t-il d\u00e9clar\u00e9.<\/p>\n<p>Selon lui, l&#8217;objectif de ce deuxi\u00e8me mandat sera ax\u00e9 sur le renforcement des liens au sein de cette communaut\u00e9.<\/p>\n<p>\u00ab Pour ce deuxi\u00e8me mandat, nous travaillerons en premier lieu \u00e0 renforcer les liens de fraternit\u00e9 au sein du peuple Lobi r\u00e9sidant \u00e0 Bouak\u00e9. Ensuite, nous ferons en sorte que les Lobi qui ne connaissent pas encore notre association puissent la d\u00e9couvrir. J&#8217;appelle tous les membres \u00e0 s&#8217;impliquer activement dans la communaut\u00e9, car c&#8217;est elle qui nous r\u00e9unit chaque ann\u00e9e et qui nous permet de partager nos exp\u00e9riences professionnelles et culturelles. Enfin, j&#8217;invite tous les membres \u00e0 r\u00e9gler leurs cotisations quotidiennement afin d&#8217;assurer le bon fonctionnement de notre communaut\u00e9, car cela est essentiel pour notre d\u00e9veloppement \u00bb, a-t-il conclu.<\/p>\n<p>Som Delat\u00e9, le secr\u00e9taire g\u00e9n\u00e9ral sortant, a exhort\u00e9 la communaut\u00e9 \u00e0 soutenir davantage le pr\u00e9sident dans la r\u00e9alisation de sa mission.<\/p>\n<p>\u00ab Nous demandons \u00e0 tous les membres de soutenir le pr\u00e9sident dans ses nouvelles fonctions en r\u00e9pondant massivement aux r\u00e9unions convoqu\u00e9es par la direction g\u00e9n\u00e9rale et en t\u00e9moignant leur solidarit\u00e9 envers le nouveau pr\u00e9sident. C&#8217;est ainsi que nous pourrons revivre les bons moments ensemble \u00bb, a-t-il d\u00e9clar\u00e9.<\/p>\n<p>Il convient de rappeler que &#8220;Si-Do-Biel&#8221; est une communaut\u00e9 des r\u00e9sidents Lobi de Bouak\u00e9 dont l&#8217;objectif principal est de promouvoir la solidarit\u00e9, la fraternit\u00e9 et le vivre-ensemble au sein du peuple Lobi de la r\u00e9gion.<\/p>\n<p><strong>Nambac\u00e9r\u00e9 Jo\u00ebl <\/strong><\/p>\n","protected":false},"excerpt":{"rendered":"<p>La communaut\u00e9 Lobi r\u00e9sidant \u00e0 Bouak\u00e9 a accord\u00e9 un nouveau mandat de 5 ans \u00e0 Kambou Ollo \u00e0 la t\u00eate de &#8220;Si-Do-Biel&#8221; (qui signifie soyons ensemble) , l&#8217;association qui regroupe cette communaut\u00e9 \u00e0 Bouak\u00e9, lors d&#8217;une assembl\u00e9e g\u00e9n\u00e9rale \u00e9lective. Cette r\u00e9union s&#8217;est tenue le samedi 8 juin 2024 au quartier Gnankoukro de Bouak\u00e9. Lors de [&hellip;]<\/p>\n","protected":false},"author":3,"featured_media":34283,"comment_status":"closed","ping_status":"closed","sticky":false,"template":"","format":"standard","meta":{"_monsterinsights_skip_tracking":false,"_monsterinsights_sitenote_active":false,"_monsterinsights_sitenote_note":"","_monsterinsights_sitenote_category":0,"footnotes":""},"categories":[2,3],"tags":[3214,125,3664,3666,3665],"class_list":["post-34282","post","type-post","status-publish","format-standard","has-post-thumbnail","hentry","category-featured","category-societe","tag-association","tag-bouake","tag-kambou-ollo","tag-lobi","tag-residents"],"_links":{"self":[{"href":"https:\/\/www.lintelligentdabidjan.info\/news\/wp-json\/wp\/v2\/posts\/34282","targetHints":{"allow":["GET"]}}],"collection":[{"href":"https:\/\/www.lintelligentdabidjan.info\/news\/wp-json\/wp\/v2\/posts"}],"about":[{"href":"https:\/\/www.lintelligentdabidjan.info\/news\/wp-json\/wp\/v2\/types\/post"}],"author":[{"embeddable":true,"href":"https:\/\/www.lintelligentdabidjan.info\/news\/wp-json\/wp\/v2\/users\/3"}],"replies":[{"embeddable":true,"href":"https:\/\/www.lintelligentdabidjan.info\/news\/wp-json\/wp\/v2\/comments?post=34282"}],"version-history":[{"count":1,"href":"https:\/\/www.lintelligentdabidjan.info\/news\/wp-json\/wp\/v2\/posts\/34282\/revisions"}],"predecessor-version":[{"id":34284,"href":"https:\/\/www.lintelligentdabidjan.info\/news\/wp-json\/wp\/v2\/posts\/34282\/revisions\/34284"}],"wp:featuredmedia":[{"embeddable":true,"href":"https:\/\/www.lintelligentdabidjan.info\/news\/wp-json\/wp\/v2\/media\/34283"}],"wp:attachment":[{"href":"https:\/\/www.lintelligentdabidjan.info\/news\/wp-json\/wp\/v2\/media?parent=34282"}],"wp:term":[{"taxonomy":"category","embeddable":true,"href":"https:\/\/www.lintelligentdabidjan.info\/news\/wp-json\/wp\/v2\/categories?post=34282"},{"taxonomy":"post_tag","embeddable":true,"href":"https:\/\/www.lintelligentdabidjan.info\/news\/wp-json\/wp\/v2\/tags?post=34282"}],"curies":[{"name":"wp","href":"https:\/\/api.w.org\/{rel}","templated":true}]}}