{"id":34300,"date":"2024-06-12T03:37:01","date_gmt":"2024-06-12T01:37:01","guid":{"rendered":"https:\/\/www.lintelligentdabidjan.info\/news\/?p=34300"},"modified":"2024-06-12T03:37:16","modified_gmt":"2024-06-12T01:37:16","slug":"lutte-contre-la-migration-irreguliere-ider-ci-sensibilise-une-centaine-de-personnes-a-abobo","status":"publish","type":"post","link":"https:\/\/www.lintelligentdabidjan.info\/news\/lutte-contre-la-migration-irreguliere-ider-ci-sensibilise-une-centaine-de-personnes-a-abobo\/","title":{"rendered":"Lutte contre la migration irr\u00e9guli\u00e8re-  Ider-Ci sensibilise  une centaine de personnes \u00e0  Abobo"},"content":{"rendered":"<p><em><strong>L&#8217;ONG Ider-Ci, dans le cadre de la mise en \u0153uvre de son plan d&#8217;action, a b\u00e9n\u00e9fici\u00e9 d&#8217;un appui financier et technique de l&#8217;Association des Volontaires pour le Service International (AVSI) pour des activit\u00e9s de sensibilisation des populations sur la migration irr\u00e9guli\u00e8re, dans le but d&#8217;assurer une information correcte sur les risques migratoires. Sous ce financement, elle a organis\u00e9 r\u00e9cemment  une s\u00e9ance de sensibilisation dans la commune d&#8217;Abobo, pr\u00e9cis\u00e9ment \u00e0 Abobo Clouetcha,  selon une note d&#8217;information re\u00e7ue. <\/strong><\/em><\/p>\n<p>Cette s\u00e9ance de sensibilisation visait \u00e0 am\u00e9liorer les connaissances des populations d&#8217;Abobo Clouetcha sur les risques et les dangers li\u00e9s \u00e0 la migration irr\u00e9guli\u00e8re, ainsi qu&#8217;\u00e0 cr\u00e9er un syst\u00e8me d&#8217;information et de sensibilisation sur les questions de migration. Cette activit\u00e9 visait  \u00e0 informer et sensibiliser les parents et les jeunes sur le ph\u00e9nom\u00e8ne de migration irr\u00e9guli\u00e8re. La coordinatrice adjointe, charg\u00e9e des programmes<\/p>\n<p> Kon\u00e9 Rehana, \u00e9pouse Sidib\u00e9, a fait comprendre aux parents que certes la soci\u00e9t\u00e9 a un devoir de suivi, mais que les parents sont les premiers responsables de l\u2019avenir de leurs enfants. Pour elle, les fonds servant \u00e0 financer ces voyages parfois macabres pourraient \u00eatre utilis\u00e9s \u00e0 d\u2019autres fin<\/p>\n<p>\u00ab Il est d\u00e9plorable que certains parents poussent leurs enfants vers cette aventure incertaine. Aujourd\u2019hui, l&#8217;\u00c9tat a mis en \u0153uvre plusieurs projets pour permettre \u00e0 ces jeunes, m\u00eame sans dipl\u00f4mes, de pouvoir s\u2019assumer et se r\u00e9aliser. Il para\u00eet plus logique pour nos parents d&#8217;orienter leurs enfants vers les centres appropri\u00e9s, les organisations telles que IDER-CI (Initiative pour le D\u00e9veloppement Et la R\u00e9silience en C\u00f4te d\u2019Ivoire), pour obtenir une orientation, mais surtout de ne pas succomber \u00e0 la tentation de l\u2019aventure. Le budget r\u00e9uni (en moyenne 500 000 \u00e0 800 000 FCFA) pour permettre \u00e0 ces enfants de s\u2019engager dans cette aventure est g\u00e9n\u00e9ralement suffisant pour entreprendre et s&#8217;installer \u00e0 son compte ici en C\u00f4te d\u2019Ivoire\u2026 \u00bb, a-t-elle fait savoir.<\/p>\n<p>Cette s\u00e9ance de sensibilisation a permis de sensibiliser et d&#8217;informer au moins 100 r\u00e9sidents d&#8217;Abobo Clouetcha<\/p>\n<p><strong>Mamadou Ouattara avec L.Abdul<\/strong><\/p>\n","protected":false},"excerpt":{"rendered":"<p>L&#8217;ONG Ider-Ci, dans le cadre de la mise en \u0153uvre de son plan d&#8217;action, a b\u00e9n\u00e9fici\u00e9 d&#8217;un appui financier et technique de l&#8217;Association des Volontaires pour le Service International (AVSI) pour des activit\u00e9s de sensibilisation des populations sur la migration irr\u00e9guli\u00e8re, dans le but d&#8217;assurer une information correcte sur les risques migratoires. Sous ce financement, [&hellip;]<\/p>\n","protected":false},"author":3,"featured_media":34301,"comment_status":"closed","ping_status":"closed","sticky":false,"template":"","format":"standard","meta":{"_monsterinsights_skip_tracking":false,"_monsterinsights_sitenote_active":false,"_monsterinsights_sitenote_note":"","_monsterinsights_sitenote_category":0,"footnotes":""},"categories":[2,3],"tags":[295,3678,2658,2127,1792,2197],"class_list":["post-34300","post","type-post","status-publish","format-standard","has-post-thumbnail","hentry","category-featured","category-societe","tag-abobo","tag-ider-ci","tag-lutte","tag-migration","tag-personnes","tag-sensibilise"],"_links":{"self":[{"href":"https:\/\/www.lintelligentdabidjan.info\/news\/wp-json\/wp\/v2\/posts\/34300","targetHints":{"allow":["GET"]}}],"collection":[{"href":"https:\/\/www.lintelligentdabidjan.info\/news\/wp-json\/wp\/v2\/posts"}],"about":[{"href":"https:\/\/www.lintelligentdabidjan.info\/news\/wp-json\/wp\/v2\/types\/post"}],"author":[{"embeddable":true,"href":"https:\/\/www.lintelligentdabidjan.info\/news\/wp-json\/wp\/v2\/users\/3"}],"replies":[{"embeddable":true,"href":"https:\/\/www.lintelligentdabidjan.info\/news\/wp-json\/wp\/v2\/comments?post=34300"}],"version-history":[{"count":1,"href":"https:\/\/www.lintelligentdabidjan.info\/news\/wp-json\/wp\/v2\/posts\/34300\/revisions"}],"predecessor-version":[{"id":34302,"href":"https:\/\/www.lintelligentdabidjan.info\/news\/wp-json\/wp\/v2\/posts\/34300\/revisions\/34302"}],"wp:featuredmedia":[{"embeddable":true,"href":"https:\/\/www.lintelligentdabidjan.info\/news\/wp-json\/wp\/v2\/media\/34301"}],"wp:attachment":[{"href":"https:\/\/www.lintelligentdabidjan.info\/news\/wp-json\/wp\/v2\/media?parent=34300"}],"wp:term":[{"taxonomy":"category","embeddable":true,"href":"https:\/\/www.lintelligentdabidjan.info\/news\/wp-json\/wp\/v2\/categories?post=34300"},{"taxonomy":"post_tag","embeddable":true,"href":"https:\/\/www.lintelligentdabidjan.info\/news\/wp-json\/wp\/v2\/tags?post=34300"}],"curies":[{"name":"wp","href":"https:\/\/api.w.org\/{rel}","templated":true}]}}