{"id":34356,"date":"2024-06-18T02:48:04","date_gmt":"2024-06-18T00:48:04","guid":{"rendered":"https:\/\/www.lintelligentdabidjan.info\/news\/?p=34356"},"modified":"2024-06-18T02:48:26","modified_gmt":"2024-06-18T00:48:26","slug":"tabaski-2024-tene-birahima-ouattara-au-nom-du-chef-de-letat-nous-avons-prie-pour-toutes-les-populations-de-cote-divoire","status":"publish","type":"post","link":"https:\/\/www.lintelligentdabidjan.info\/news\/tabaski-2024-tene-birahima-ouattara-au-nom-du-chef-de-letat-nous-avons-prie-pour-toutes-les-populations-de-cote-divoire\/","title":{"rendered":"Tabaski 2024- T\u00e9n\u00e9 Birahima Ouattara au nom du  chef de  l&#8217;\u00c9tat:  &#8220;Nous avons pri\u00e9   pour toutes les populations de C\u00f4te d&#8217;Ivoire&#8221;"},"content":{"rendered":"<p><em><strong>T\u00e9n\u00e9 Birahima Ouattara a indiqu\u00e9, au nom du chef de  l&#8217;\u00c9tat, avoir pri\u00e9 pour toutes les populations de C\u00f4te d&#8217;Ivoire au terme de la pri\u00e8re de la Tabaski. <\/strong><\/em><\/p>\n<p>Le ministre d&#8217;\u00c9tat, ministre de la D\u00e9fense, T\u00e9n\u00e9 Birahima Ouattara, a effectu\u00e9 la pri\u00e8re de  l\u2019A\u00efd-el-K\u00e9bir commun\u00e9ment appel\u00e9e f\u00eate de la Tabaski  \u00e0 la Grande Mosqu\u00e9e de la Riviera Golf le dimanche 16 juin 2024 . \u00c0 l&#8217;issue de la pri\u00e8re offici\u00e9e par l&#8217;Imam principal de cette mosqu\u00e9e, Moumouni Traor\u00e9, il a d\u00e9clar\u00e9, au nom du chef de l&#8217;\u00c9tat Alassane Ouattara, avoir pri\u00e9 pour toutes les populations de C\u00f4te d&#8217;Ivoire.<\/p>\n<p>&#8220;Nous avons pri\u00e9 pour nos d\u00e9funts, pour nos malades, bien s\u00fbr pour toutes les populations de C\u00f4te d&#8217;Ivoire. Comme vous le savez, la pri\u00e8re unit. Je voudrais souligner que l&#8217;A\u00efd el-K\u00e9bir a ceci de particulier : c&#8217;est un moment de partage pour toute la communaut\u00e9 musulmane, et donc pour toutes les populations vivant en C\u00f4te d&#8217;Ivoire&#8221;, a d\u00e9clar\u00e9 Birahima Ouattara. Il a exprim\u00e9 sa gratitude au Conseil sup\u00e9rieur des imams, des mosqu\u00e9es et des affaires islamiques (Cosim) pour toutes les pri\u00e8res qui sont faites pour le bien-\u00eatre des populations de C\u00f4te d&#8217;Ivoire.<\/p>\n<p><strong>La foi et la pi\u00e9t\u00e9<\/strong><\/p>\n<p>L&#8217;imam Moumouni Traor\u00e9, apr\u00e8s les deux rakats, a , dans son sermon,  instruit les fid\u00e8les sur le th\u00e8me de la foi et de la pi\u00e9t\u00e9.  <\/p>\n<p>Il a \u00e9t\u00e9 expliqu\u00e9 que la foi et la pi\u00e9t\u00e9 sont \u00e9troitement li\u00e9es. La foi a \u00e9t\u00e9 d\u00e9finie comme la croyance en Allah et en ses messagers, repr\u00e9sentant un engagement profond du c\u0153ur envers la v\u00e9rit\u00e9 et l&#8217;unicit\u00e9 d&#8217;Allah, ainsi que dans l&#8217;authenticit\u00e9 de la proph\u00e9tie de Muhammad. Quant \u00e0 la pi\u00e9t\u00e9, elle a \u00e9t\u00e9 d\u00e9crite comme l&#8217;expression concr\u00e8te de cette foi \u00e0 travers l&#8217;ob\u00e9issance aux commandements d&#8217;Allah et l&#8217;\u00e9vitement des interdits&#8221;, a t-il d\u00e9clar\u00e9. <\/p>\n<p><strong>Tour\u00e9 Abdoulaye<\/strong><\/p>\n","protected":false},"excerpt":{"rendered":"<p>T\u00e9n\u00e9 Birahima Ouattara a indiqu\u00e9, au nom du chef de l&#8217;\u00c9tat, avoir pri\u00e9 pour toutes les populations de C\u00f4te d&#8217;Ivoire au terme de la pri\u00e8re de la Tabaski. Le ministre d&#8217;\u00c9tat, ministre de la D\u00e9fense, T\u00e9n\u00e9 Birahima Ouattara, a effectu\u00e9 la pri\u00e8re de l\u2019A\u00efd-el-K\u00e9bir commun\u00e9ment appel\u00e9e f\u00eate de la Tabaski \u00e0 la Grande Mosqu\u00e9e de [&hellip;]<\/p>\n","protected":false},"author":3,"featured_media":34357,"comment_status":"closed","ping_status":"closed","sticky":false,"template":"","format":"standard","meta":{"_monsterinsights_skip_tracking":false,"_monsterinsights_sitenote_active":false,"_monsterinsights_sitenote_note":"","_monsterinsights_sitenote_category":0,"footnotes":""},"categories":[2,3],"tags":[2217,77,1512,3699,2951],"class_list":["post-34356","post","type-post","status-publish","format-standard","has-post-thumbnail","hentry","category-featured","category-societe","tag-chef-de-letat","tag-cote-divoire","tag-populations","tag-tabaski-2024","tag-tene-birahima-ouattara"],"_links":{"self":[{"href":"https:\/\/www.lintelligentdabidjan.info\/news\/wp-json\/wp\/v2\/posts\/34356","targetHints":{"allow":["GET"]}}],"collection":[{"href":"https:\/\/www.lintelligentdabidjan.info\/news\/wp-json\/wp\/v2\/posts"}],"about":[{"href":"https:\/\/www.lintelligentdabidjan.info\/news\/wp-json\/wp\/v2\/types\/post"}],"author":[{"embeddable":true,"href":"https:\/\/www.lintelligentdabidjan.info\/news\/wp-json\/wp\/v2\/users\/3"}],"replies":[{"embeddable":true,"href":"https:\/\/www.lintelligentdabidjan.info\/news\/wp-json\/wp\/v2\/comments?post=34356"}],"version-history":[{"count":1,"href":"https:\/\/www.lintelligentdabidjan.info\/news\/wp-json\/wp\/v2\/posts\/34356\/revisions"}],"predecessor-version":[{"id":34358,"href":"https:\/\/www.lintelligentdabidjan.info\/news\/wp-json\/wp\/v2\/posts\/34356\/revisions\/34358"}],"wp:featuredmedia":[{"embeddable":true,"href":"https:\/\/www.lintelligentdabidjan.info\/news\/wp-json\/wp\/v2\/media\/34357"}],"wp:attachment":[{"href":"https:\/\/www.lintelligentdabidjan.info\/news\/wp-json\/wp\/v2\/media?parent=34356"}],"wp:term":[{"taxonomy":"category","embeddable":true,"href":"https:\/\/www.lintelligentdabidjan.info\/news\/wp-json\/wp\/v2\/categories?post=34356"},{"taxonomy":"post_tag","embeddable":true,"href":"https:\/\/www.lintelligentdabidjan.info\/news\/wp-json\/wp\/v2\/tags?post=34356"}],"curies":[{"name":"wp","href":"https:\/\/api.w.org\/{rel}","templated":true}]}}