{"id":34375,"date":"2024-06-20T07:22:13","date_gmt":"2024-06-20T05:22:13","guid":{"rendered":"https:\/\/www.lintelligentdabidjan.info\/news\/?p=34375"},"modified":"2024-06-20T07:22:22","modified_gmt":"2024-06-20T05:22:22","slug":"cafe-cacao-les-producteurs-annoncent-un-hommage-au-president-ouattara","status":"publish","type":"post","link":"https:\/\/www.lintelligentdabidjan.info\/news\/cafe-cacao-les-producteurs-annoncent-un-hommage-au-president-ouattara\/","title":{"rendered":"Caf\u00e9-cacao-  Les producteurs annoncent un hommage au pr\u00e9sident Ouattara"},"content":{"rendered":"<p><em><strong>Les producteurs et productrices de caf\u00e9-cacao en C\u00f4te d\u2019Ivoire ont annonc\u00e9, le samedi 15 juin 2024 \u00e0 Abidjan, la tenue d\u2019une journ\u00e9e nationale de remerciements et d\u2019hommage au pr\u00e9sident de la R\u00e9publique, Alassane Ouattara, le 6 juillet prochain \u00e0 Yamoussoukro.<\/strong><\/em><\/p>\n<p>\u00c0 cette occasion, Adjehi Koffi, pr\u00e9sident du comit\u00e9 d&#8217;organisation, a indiqu\u00e9 que l&#8217;hommage vise \u00e0 c\u00e9l\u00e9brer le chef de l&#8217;\u00c9tat pour plusieurs initiatives majeures. Parmi celles-ci figurent la fixation du prix de 1500 FCFA\/kg de cacao pour la campagne interm\u00e9diaire 2023-2024, le d\u00e9marrage effectif du processus de mise en place de l\u2019interprofession, l\u2019octroi d\u2019une carte de producteur pour la professionnalisation du m\u00e9tier, et la subvention de 31 milliards de FCFA sur le prix du kilogramme de caf\u00e9 pendant les campagnes 2021-2022 et 2022-2023.<\/p>\n<p>\u00ab Il s\u2019agit \u00e9galement de dire merci au N\u00b01 ivoirien pour le respect de son engagement \u00e0 donner au moins 60% du prix caf aux producteurs depuis 2012, l\u2019octroi d\u2019une subvention de 17 milliards de francs \u00e0 la fili\u00e8re pour compenser les pertes enregistr\u00e9es pour cause de la maladie \u00e0 Covid-19, le rapprochement entre la C\u00f4te d\u2019Ivoire et le Ghana pour conduire la mise en \u0153uvre de la politique d\u2019am\u00e9lioration du revenu du producteur et plusieurs projets sociaux pour l\u2019am\u00e9lioration du cadre de vie des producteurs \u00bb, a-t-il dit.<\/p>\n<p>Selon Adjehi, cette manifestation r\u00e9unira plus de 50 000 producteurs le samedi 6 juillet 2024 \u00e0 la place Jean Paul II de Yamoussoukro. En pr\u00e9ambule de cet hommage au chef de l&#8217;\u00c9tat, les organisations des producteurs ont d\u00e9cid\u00e9 d\u2019organiser une tourn\u00e9e d\u2019information et de sensibilisation dans les zones de production de caf\u00e9-cacao du 19 au 29 juin 2024.<\/p>\n<p>Plusieurs pr\u00e9sidents d&#8217;organisations \u00e9taient pr\u00e9sents lors de cette annonce d&#8217;hommage au chef de l&#8217;\u00c9tat, notamment le pr\u00e9sident de la F\u00e9d\u00e9ration des organisations des producteurs de caf\u00e9-cacao (Fopcc), Kambou Si\u00e9, et celui de l\u2019Association nationale des coop\u00e9ratives agricoles de C\u00f4te d\u2019Ivoire (Anacaci), Penatirgu\u00e9 Soro. Il est \u00e0 noter que la c\u00e9r\u00e9monie d\u2019hommage est plac\u00e9e sous le haut patronage du Premier ministre, sous la co-pr\u00e9sidence des ministres d\u2019\u00c9tat, T\u00e9n\u00e9 Birahima Ouattara et Kobenan Kouassi Adjoumani, ainsi que sous le parrainage du directeur g\u00e9n\u00e9ral du Conseil du caf\u00e9-cacao.<\/p>\n<p><strong>Mamadou Ouattara avec L.Abdul<\/strong><\/p>\n","protected":false},"excerpt":{"rendered":"<p>Les producteurs et productrices de caf\u00e9-cacao en C\u00f4te d\u2019Ivoire ont annonc\u00e9, le samedi 15 juin 2024 \u00e0 Abidjan, la tenue d\u2019une journ\u00e9e nationale de remerciements et d\u2019hommage au pr\u00e9sident de la R\u00e9publique, Alassane Ouattara, le 6 juillet prochain \u00e0 Yamoussoukro. \u00c0 cette occasion, Adjehi Koffi, pr\u00e9sident du comit\u00e9 d&#8217;organisation, a indiqu\u00e9 que l&#8217;hommage vise \u00e0 [&hellip;]<\/p>\n","protected":false},"author":3,"featured_media":34376,"comment_status":"closed","ping_status":"closed","sticky":false,"template":"","format":"standard","meta":{"_monsterinsights_skip_tracking":false,"_monsterinsights_sitenote_active":false,"_monsterinsights_sitenote_note":"","_monsterinsights_sitenote_category":0,"footnotes":""},"categories":[2,17],"tags":[1477,715,2657,2791],"class_list":["post-34375","post","type-post","status-publish","format-standard","has-post-thumbnail","hentry","category-featured","category-politique","tag-cafe-cacao","tag-hommage","tag-president-ouattara","tag-producteurs"],"_links":{"self":[{"href":"https:\/\/www.lintelligentdabidjan.info\/news\/wp-json\/wp\/v2\/posts\/34375","targetHints":{"allow":["GET"]}}],"collection":[{"href":"https:\/\/www.lintelligentdabidjan.info\/news\/wp-json\/wp\/v2\/posts"}],"about":[{"href":"https:\/\/www.lintelligentdabidjan.info\/news\/wp-json\/wp\/v2\/types\/post"}],"author":[{"embeddable":true,"href":"https:\/\/www.lintelligentdabidjan.info\/news\/wp-json\/wp\/v2\/users\/3"}],"replies":[{"embeddable":true,"href":"https:\/\/www.lintelligentdabidjan.info\/news\/wp-json\/wp\/v2\/comments?post=34375"}],"version-history":[{"count":1,"href":"https:\/\/www.lintelligentdabidjan.info\/news\/wp-json\/wp\/v2\/posts\/34375\/revisions"}],"predecessor-version":[{"id":34377,"href":"https:\/\/www.lintelligentdabidjan.info\/news\/wp-json\/wp\/v2\/posts\/34375\/revisions\/34377"}],"wp:featuredmedia":[{"embeddable":true,"href":"https:\/\/www.lintelligentdabidjan.info\/news\/wp-json\/wp\/v2\/media\/34376"}],"wp:attachment":[{"href":"https:\/\/www.lintelligentdabidjan.info\/news\/wp-json\/wp\/v2\/media?parent=34375"}],"wp:term":[{"taxonomy":"category","embeddable":true,"href":"https:\/\/www.lintelligentdabidjan.info\/news\/wp-json\/wp\/v2\/categories?post=34375"},{"taxonomy":"post_tag","embeddable":true,"href":"https:\/\/www.lintelligentdabidjan.info\/news\/wp-json\/wp\/v2\/tags?post=34375"}],"curies":[{"name":"wp","href":"https:\/\/api.w.org\/{rel}","templated":true}]}}