{"id":34394,"date":"2024-06-21T07:53:04","date_gmt":"2024-06-21T05:53:04","guid":{"rendered":"https:\/\/www.lintelligentdabidjan.info\/news\/?p=34394"},"modified":"2024-06-21T07:53:16","modified_gmt":"2024-06-21T05:53:16","slug":"agbakro-lunion-des-journalistes-de-bouake-lance-son-projet-eco-citoyen","status":"publish","type":"post","link":"https:\/\/www.lintelligentdabidjan.info\/news\/agbakro-lunion-des-journalistes-de-bouake-lance-son-projet-eco-citoyen\/","title":{"rendered":"Agbakro -L&#8217;Union des Journalistes de Bouak\u00e9 lance son projet \u00e9co-citoyen"},"content":{"rendered":"<p><em><strong>L&#8217;Union des Journalistes de Bouak\u00e9 (UJB), en collaboration avec la direction des Eaux et For\u00eats, a organis\u00e9 le mercredi 19 juin 2024 une op\u00e9ration de reboisement dans le village d&#8217;Agbakro, situ\u00e9 dans la commune de Diabo. Dans le cadre de cette initiative, 1100 plants de tecks ont \u00e9t\u00e9 plant\u00e9s sur une superficie d&#8217;un hectare sp\u00e9cialement am\u00e9nag\u00e9e. Par cette action, les journalistes de Bouak\u00e9 ont d\u00e9cid\u00e9 de contribuer \u00e0 la restauration de la couverture foresti\u00e8re en C\u00f4te d&#8217;Ivoire.<\/strong><\/em><\/p>\n<p>\u00c0 cette occasion, le pr\u00e9sident de l&#8217;Union des Journalistes de Bouak\u00e9, Soro Korona, s&#8217;est exprim\u00e9 sur sa satisfaction quant \u00e0 la r\u00e9alisation de ce projet \u00e9co-citoyen dans cette localit\u00e9.<\/p>\n<p>&#8220;Je suis tr\u00e8s heureux de voir notre projet se concr\u00e9tiser aujourd&#8217;hui, un petit r\u00eave devenu r\u00e9alit\u00e9 dans le village d&#8217;Agbakro. Ce mercredi 19 juin 2024 restera grav\u00e9 dans les annales de l&#8217;Union des journalistes de Bouak\u00e9, ainsi que dans celles du Minist\u00e8re des Eaux et For\u00eats dirig\u00e9 par le Ministre Tchagba Laurent, et bien s\u00fbr, du cantonnement des Eaux et For\u00eats de Botro et du poste de Diabo&#8221;, a-t-il d\u00e9clar\u00e9.<\/p>\n<p>&#8220;Il s&#8217;agit pour nous de montrer \u00e0 nos concitoyens qu&#8217;il y a urgence et de les informer sur les projets ax\u00e9s sur les bonnes pratiques agro-\u00e9cologiques afin de les aider \u00e0 devenir des amis de la for\u00eat et de l&#8217;environnement. Cela passe par une culture du reboisement qui doit devenir un r\u00e9flexe pour les agriculteurs&#8221;, a-t-il ajout\u00e9.<\/p>\n<p>\u00c0 son tour, S\u00e9bastien Boni, le commandant des Eaux et For\u00eats du cantonnement de Botro, a soulign\u00e9 l&#8217;importance de cette action men\u00e9e par les journalistes. &#8220;Aujourd&#8217;hui, nous recherchons encore d\u00e9sesp\u00e9r\u00e9ment des pluies pour pouvoir cr\u00e9er des buttes, ce qui montre que la situation est plus que critique. La seule solution r\u00e9side dans le reboisement et l&#8217;agro-\u00e9cologie. Les arbres, dans nos vies, nous fournissent de l&#8217;oxyg\u00e8ne, stabilisent le sol, abritent une multitude de formes de vie et jouent un r\u00f4le crucial dans la r\u00e9gulation du climat. En plantant des arbres aujourd&#8217;hui, nous investissons dans un avenir plus vert et plus sain. Chacun de nous a un r\u00f4le \u00e0 jouer dans la pr\u00e9servation de notre patrimoine forestier&#8221;, a-t-il d\u00e9clar\u00e9.<\/p>\n<p>Le porte-parole du village, Eug\u00e8ne Kouam\u00e9, a remerci\u00e9 les initiateurs du projet d&#8217;avoir choisi sa localit\u00e9 et les a assur\u00e9s de la r\u00e9ussite du projet visant \u00e0 lutter contre le changement climatique.<\/p>\n<p>&#8220;Sachez que le village fera tout son possible pour que ce projet connaisse le succ\u00e8s. Vous ne serez pas d\u00e9\u00e7us, nous nous engageons tous pour la r\u00e9ussite de ce projet&#8221;, a-t-il assur\u00e9.<\/p>\n<p><strong>Nambac\u00e9r\u00e9 Jo\u00ebl <\/strong><\/p>\n","protected":false},"excerpt":{"rendered":"<p>L&#8217;Union des Journalistes de Bouak\u00e9 (UJB), en collaboration avec la direction des Eaux et For\u00eats, a organis\u00e9 le mercredi 19 juin 2024 une op\u00e9ration de reboisement dans le village d&#8217;Agbakro, situ\u00e9 dans la commune de Diabo. Dans le cadre de cette initiative, 1100 plants de tecks ont \u00e9t\u00e9 plant\u00e9s sur une superficie d&#8217;un hectare sp\u00e9cialement [&hellip;]<\/p>\n","protected":false},"author":3,"featured_media":34395,"comment_status":"closed","ping_status":"closed","sticky":false,"template":"","format":"standard","meta":{"_monsterinsights_skip_tracking":false,"_monsterinsights_sitenote_active":false,"_monsterinsights_sitenote_note":"","_monsterinsights_sitenote_category":0,"footnotes":""},"categories":[2,3],"tags":[3718,125,3720,1900,3719],"class_list":["post-34394","post","type-post","status-publish","format-standard","has-post-thumbnail","hentry","category-featured","category-societe","tag-agbakro","tag-bouake","tag-eco-citoyen","tag-projet","tag-union-des-journalistes"],"_links":{"self":[{"href":"https:\/\/www.lintelligentdabidjan.info\/news\/wp-json\/wp\/v2\/posts\/34394","targetHints":{"allow":["GET"]}}],"collection":[{"href":"https:\/\/www.lintelligentdabidjan.info\/news\/wp-json\/wp\/v2\/posts"}],"about":[{"href":"https:\/\/www.lintelligentdabidjan.info\/news\/wp-json\/wp\/v2\/types\/post"}],"author":[{"embeddable":true,"href":"https:\/\/www.lintelligentdabidjan.info\/news\/wp-json\/wp\/v2\/users\/3"}],"replies":[{"embeddable":true,"href":"https:\/\/www.lintelligentdabidjan.info\/news\/wp-json\/wp\/v2\/comments?post=34394"}],"version-history":[{"count":1,"href":"https:\/\/www.lintelligentdabidjan.info\/news\/wp-json\/wp\/v2\/posts\/34394\/revisions"}],"predecessor-version":[{"id":34396,"href":"https:\/\/www.lintelligentdabidjan.info\/news\/wp-json\/wp\/v2\/posts\/34394\/revisions\/34396"}],"wp:featuredmedia":[{"embeddable":true,"href":"https:\/\/www.lintelligentdabidjan.info\/news\/wp-json\/wp\/v2\/media\/34395"}],"wp:attachment":[{"href":"https:\/\/www.lintelligentdabidjan.info\/news\/wp-json\/wp\/v2\/media?parent=34394"}],"wp:term":[{"taxonomy":"category","embeddable":true,"href":"https:\/\/www.lintelligentdabidjan.info\/news\/wp-json\/wp\/v2\/categories?post=34394"},{"taxonomy":"post_tag","embeddable":true,"href":"https:\/\/www.lintelligentdabidjan.info\/news\/wp-json\/wp\/v2\/tags?post=34394"}],"curies":[{"name":"wp","href":"https:\/\/api.w.org\/{rel}","templated":true}]}}