{"id":34437,"date":"2024-06-27T07:11:14","date_gmt":"2024-06-27T05:11:14","guid":{"rendered":"https:\/\/www.lintelligentdabidjan.info\/news\/?p=34437"},"modified":"2024-06-27T07:11:52","modified_gmt":"2024-06-27T05:11:52","slug":"anne-desiree-ouloto-aux-fonctionnaires-apres-leur-decoration-vous-etes-des-serviteurs-devoues-de-letat-de-cote-divoire","status":"publish","type":"post","link":"https:\/\/www.lintelligentdabidjan.info\/news\/anne-desiree-ouloto-aux-fonctionnaires-apres-leur-decoration-vous-etes-des-serviteurs-devoues-de-letat-de-cote-divoire\/","title":{"rendered":"Anne D\u00e9sir\u00e9e Ouloto aux fonctionnaires apr\u00e8s leur d\u00e9coration :    \u00abVous \u00eates des serviteurs d\u00e9vou\u00e9s de l&#8217;\u00c9tat de C\u00f4te d&#8217;Ivoire\u00bb"},"content":{"rendered":"<p><em><strong>Une c\u00e9r\u00e9monie de d\u00e9coration des fonctionnaires et agents de l\u2019\u00c9tat dans l\u2019ordre du m\u00e9rite de la fonction publique s&#8217;est tenue le mercredi 26  juin 2024 \u00e0 la salle Lougah Fran\u00e7ois du palais de la culture d\u2019Abidjan-Treichville.<\/strong><\/em><\/p>\n<p>En marge de la c\u00e9l\u00e9bration des Journ\u00e9es de la Fonction publique, des fonctionnaires et agents de l&#8217;\u00c9tat ont \u00e9t\u00e9 d\u00e9cor\u00e9s dans l\u2019ordre du m\u00e9rite de la fonction publique. Ce sont au total 524 personnes dont 94 au rang de Commandeurs, 114 au rang des Officiers et 285 au rang de Chevaliers qui ont \u00e9t\u00e9 distingu\u00e9es pour leur d\u00e9vouement et leur abn\u00e9gation pour le travail bien fait. Cette reconnaissance met en lumi\u00e8re l&#8217;importance de valoriser les actions vertueuses et exemplaires au sein de l&#8217;administration publique. Ainsi, en r\u00e9compensant l&#8217;excellence et la performance, elle contribue \u00e0 renforcer la confiance des citoyens envers les institutions publiques. \u00ab En proc\u00e9dant aux diff\u00e9rentes d\u00e9corations, la fonction publique exprime sa fiert\u00e9 et sa gratitude pour les nombreux sacrifices consentis et les efforts fournis par chacune et chacun \u00e0 son poste de travail. Vous d\u00e9montrez ainsi aux g\u00e9n\u00e9rations futures le chemin de l&#8217;excellence et la mani\u00e8re vertueuse d&#8217;assurer notre mission de gardien du service public. Vous \u00eates des serviteurs d\u00e9vou\u00e9s de l&#8217;\u00c9tat de C\u00f4te d&#8217;Ivoire. Au nom du pr\u00e9sident de la R\u00e9publique et du premier ministre, je voudrais vous renouveler mes chaleureuses salutations ainsi que celles de l&#8217;ensemble des membres du gouvernement pour votre dynamisme et votre contribution essentielle \u00e0 la construction de la C\u00f4te d&#8217;Ivoire nouvelle\u00bb, a d\u00e9clar\u00e9 Anne D\u00e9sir\u00e9e Ouloto, ministre d&#8217;\u00c9tat, ministre de la Fonction publique et de la Modernisation de l&#8217;administration.<\/p>\n<p><strong>Les conseils de Anne D\u00e9sir\u00e9e Ouloto aux fonctionnaires et agents de l&#8217;\u00c9tat <\/strong><\/p>\n<p>Saisissant l&#8217;occasion de cette rencontre, la ministre a invit\u00e9 les fonctionnaires et agents de l&#8217;\u00c9tat \u00e0 laisser \u00e9clore leurs g\u00e9nies, leurs comp\u00e9tences, mais surtout leurs talents au service d&#8217;un service public de qualit\u00e9. \u00ab Chaque jour, nous avons l&#8217;opportunit\u00e9 de faire les diff\u00e9rences dans la vie des usagers, de r\u00e9pondre \u00e0 leur besoin avec efficacit\u00e9, empathie et de contribuer au d\u00e9veloppement harmonieux de notre pays. En encourageant l&#8217;innovation, la cr\u00e9ativit\u00e9, l&#8217;am\u00e9lioration continue, nous renfor\u00e7ons notre capacit\u00e9 \u00e0 relever les d\u00e9fis du pr\u00e9sent et \u00e0 anticiper ceux de l&#8217;avenir. Nous devons \u00eatre tous des acteurs du changement positif, des leaders dans nos domaines respectifs et des agents de transformation sociale.<\/p>\n<p>Je vous invite \u00e0 poursuivre votre engagement avec passion et d\u00e9termination\u00bb, a-t-elle conseill\u00e9.<\/p>\n<p>Notons qu\u2019une vague de 914 fonctionnaires et agents de l&#8217;\u00c9tat seront d\u00e9cor\u00e9s, le jeudi 27 juin 2024 \u00e0 l\u2019apoth\u00e9ose de la journ\u00e9e de la fonction publique.<\/p>\n<p><strong>Olivier Dion avec A. Traor\u00e9 <\/strong><\/p>\n","protected":false},"excerpt":{"rendered":"<p>Une c\u00e9r\u00e9monie de d\u00e9coration des fonctionnaires et agents de l\u2019\u00c9tat dans l\u2019ordre du m\u00e9rite de la fonction publique s&#8217;est tenue le mercredi 26 juin 2024 \u00e0 la salle Lougah Fran\u00e7ois du palais de la culture d\u2019Abidjan-Treichville. En marge de la c\u00e9l\u00e9bration des Journ\u00e9es de la Fonction publique, des fonctionnaires et agents de l&#8217;\u00c9tat ont \u00e9t\u00e9 [&hellip;]<\/p>\n","protected":false},"author":3,"featured_media":34438,"comment_status":"closed","ping_status":"closed","sticky":false,"template":"","format":"standard","meta":{"_monsterinsights_skip_tracking":false,"_monsterinsights_sitenote_active":false,"_monsterinsights_sitenote_note":"","_monsterinsights_sitenote_category":0,"footnotes":""},"categories":[2,3],"tags":[3724,77,3725,1096,1540,3726],"class_list":["post-34437","post","type-post","status-publish","format-standard","has-post-thumbnail","hentry","category-featured","category-societe","tag-anne-desiree-ouloto","tag-cote-divoire","tag-decoration","tag-etat","tag-fonctionnaires","tag-serviteurs"],"_links":{"self":[{"href":"https:\/\/www.lintelligentdabidjan.info\/news\/wp-json\/wp\/v2\/posts\/34437","targetHints":{"allow":["GET"]}}],"collection":[{"href":"https:\/\/www.lintelligentdabidjan.info\/news\/wp-json\/wp\/v2\/posts"}],"about":[{"href":"https:\/\/www.lintelligentdabidjan.info\/news\/wp-json\/wp\/v2\/types\/post"}],"author":[{"embeddable":true,"href":"https:\/\/www.lintelligentdabidjan.info\/news\/wp-json\/wp\/v2\/users\/3"}],"replies":[{"embeddable":true,"href":"https:\/\/www.lintelligentdabidjan.info\/news\/wp-json\/wp\/v2\/comments?post=34437"}],"version-history":[{"count":1,"href":"https:\/\/www.lintelligentdabidjan.info\/news\/wp-json\/wp\/v2\/posts\/34437\/revisions"}],"predecessor-version":[{"id":34439,"href":"https:\/\/www.lintelligentdabidjan.info\/news\/wp-json\/wp\/v2\/posts\/34437\/revisions\/34439"}],"wp:featuredmedia":[{"embeddable":true,"href":"https:\/\/www.lintelligentdabidjan.info\/news\/wp-json\/wp\/v2\/media\/34438"}],"wp:attachment":[{"href":"https:\/\/www.lintelligentdabidjan.info\/news\/wp-json\/wp\/v2\/media?parent=34437"}],"wp:term":[{"taxonomy":"category","embeddable":true,"href":"https:\/\/www.lintelligentdabidjan.info\/news\/wp-json\/wp\/v2\/categories?post=34437"},{"taxonomy":"post_tag","embeddable":true,"href":"https:\/\/www.lintelligentdabidjan.info\/news\/wp-json\/wp\/v2\/tags?post=34437"}],"curies":[{"name":"wp","href":"https:\/\/api.w.org\/{rel}","templated":true}]}}