{"id":34452,"date":"2024-06-28T06:47:33","date_gmt":"2024-06-28T04:47:33","guid":{"rendered":"https:\/\/www.lintelligentdabidjan.info\/news\/?p=34452"},"modified":"2024-06-28T06:47:33","modified_gmt":"2024-06-28T04:47:33","slug":"bouake-les-acteurs-de-la-filiere-betail-viande-appeles-a-se-regrouper-en-interprofession","status":"publish","type":"post","link":"https:\/\/www.lintelligentdabidjan.info\/news\/bouake-les-acteurs-de-la-filiere-betail-viande-appeles-a-se-regrouper-en-interprofession\/","title":{"rendered":"Bouak\u00e9-   Les acteurs de la fili\u00e8re b\u00e9tail-viande appel\u00e9s \u00e0 se regrouper en interprofession"},"content":{"rendered":"<p><em><strong>Le minist\u00e8re des Ressources Animales et Halieutiques (MIRAH), en collaboration avec l&#8217;Union \u00c9conomique et Mon\u00e9taire Ouest Africaine, a organis\u00e9 deux ateliers visant \u00e0 renforcer les capacit\u00e9s et \u00e0 mettre en place une interprofession dans la fili\u00e8re b\u00e9tail-viande. Cette formation s&#8217;inscrit dans le cadre de la structuration des fili\u00e8res des ressources animales et halieutiques. Les ateliers ont eu lieu le jeudi 27 juin 2024, au quartier commerce de Bouak\u00e9, sous le th\u00e8me &#8220;Renforcement des capacit\u00e9s des acteurs de la fili\u00e8re b\u00e9tail-viande dans la gestion d&#8217;une organisation interprofessionnelle&#8221;.<\/strong><\/em><\/p>\n<p>Lors de l&#8217;ouverture de cet atelier, le conseiller technique en charge de la production animale, Konan Bany Jean-Pierre, repr\u00e9sentant le ministre Sidi Ti\u00e9moko Tour\u00e9, ministre des Ressources animales et halieutiques, a invit\u00e9 les acteurs de la fili\u00e8re b\u00e9tail-viande \u00e0 se regrouper en interprofession afin de b\u00e9n\u00e9ficier de plusieurs avantages.<\/p>\n<p>\u00ab Dans le secteur des ressources animales et halieutiques, notamment dans la fili\u00e8re b\u00e9tail-viande, la majorit\u00e9 des acteurs ne sont pas organis\u00e9s en structure professionnelle. Ils exercent souvent leurs activit\u00e9s de mani\u00e8re individuelle. Il est donc important qu&#8217;ils comprennent les avantages de se regrouper. La cr\u00e9ation d&#8217;une interprofession permettra de rassembler un maximum d&#8217;\u00e9leveurs afin d&#8217;acqu\u00e9rir une certaine cr\u00e9dibilit\u00e9. Les avantages de cette initiative incluent l&#8217;acc\u00e8s \u00e0 la technologie, sachant que la plupart des \u00e9levages en C\u00f4te d&#8217;Ivoire sont encore traditionnels. Il est donc n\u00e9cessaire de passer \u00e0 un syst\u00e8me semi-intensif. Nous aurons \u00e9galement acc\u00e8s au financement, car de nombreux \u00e9leveurs affirment ne pas \u00eatre accompagn\u00e9s. Le fait de se structurer ouvrira les portes du financement. Enfin, la formation est \u00e9galement un avantage, car le minist\u00e8re des ressources animales et halieutiques a initi\u00e9 ce que nous appelons un centre d&#8217;application et de sp\u00e9cialisation, qui permettra aux \u00e9leveurs de se former pour \u00eatre performants. C&#8217;est une priorit\u00e9 pour le minist\u00e8re et pour l&#8217;\u00c9tat de C\u00f4te d&#8217;Ivoire \u00bb, a-t-il indiqu\u00e9.<\/p>\n<p>\u00ab Nous suivons la vision du ministre Sidi Ti\u00e9moko Tour\u00e9, qui a mobilis\u00e9 les moyens n\u00e9cessaires pour soutenir la fili\u00e8re. Aujourd&#8217;hui, nous sommes ici avec la fili\u00e8re b\u00e9tail-viande, demain nous serons avec les autres fili\u00e8res, notamment la fili\u00e8re porcine, la p\u00eache et l&#8217;aquaculture \u00bb, a-t-il ajout\u00e9.<\/p>\n<p>Le  g\u00e9n\u00e9ral Soumahoro Gahoussou, pr\u00e9sident du comit\u00e9 provisoire du conseil ad hoc pour la fili\u00e8re b\u00e9tail-viande en C\u00f4te d&#8217;Ivoire, pour sa part, s&#8217;est r\u00e9joui de cette initiative visant \u00e0 mieux organiser la fili\u00e8re.<\/p>\n<p>\u00ab C&#8217;est une excellente nouvelle pour nous, les acteurs, car la mise en place de l&#8217;interprofession signifie que l&#8217;\u00c9tat commence \u00e0 nous faire confiance en nous confiant une partie de ses pr\u00e9rogatives. Nous sommes ravis de rejoindre cette interprofession, car cela nous permettra de b\u00e9n\u00e9ficier de nombreuses initiatives. J&#8217;invite les acteurs \u00e0 s&#8217;approprier ce s\u00e9minaire car il s&#8217;agit d&#8217;un renforcement des capacit\u00e9s \u00bb, s&#8217;est-il r\u00e9joui.<\/p>\n<p>Ces deux jours d&#8217;ateliers consisteront, dans un premier temps, \u00e0 former les acteurs sur l&#8217;importance de l&#8217;organisation interprofessionnelle agricole (OIA). Le deuxi\u00e8me atelier, qui se d\u00e9roulera ce  vendredi 28 juin 2024, permettra la validation des projets de cadres r\u00e9glementaires de l&#8217;OIA de la fili\u00e8re b\u00e9tail-viande, qui sera bient\u00f4t mise en place.<\/p>\n<p><strong>Nambac\u00e9r\u00e9 Jo\u00ebl <\/strong><\/p>\n","protected":false},"excerpt":{"rendered":"<p>Le minist\u00e8re des Ressources Animales et Halieutiques (MIRAH), en collaboration avec l&#8217;Union \u00c9conomique et Mon\u00e9taire Ouest Africaine, a organis\u00e9 deux ateliers visant \u00e0 renforcer les capacit\u00e9s et \u00e0 mettre en place une interprofession dans la fili\u00e8re b\u00e9tail-viande. Cette formation s&#8217;inscrit dans le cadre de la structuration des fili\u00e8res des ressources animales et halieutiques. Les ateliers [&hellip;]<\/p>\n","protected":false},"author":3,"featured_media":34453,"comment_status":"closed","ping_status":"closed","sticky":false,"template":"","format":"standard","meta":{"_monsterinsights_skip_tracking":false,"_monsterinsights_sitenote_active":false,"_monsterinsights_sitenote_note":"","_monsterinsights_sitenote_category":0,"footnotes":""},"categories":[2,18],"tags":[1782,125,3737,2611],"class_list":["post-34452","post","type-post","status-publish","format-standard","has-post-thumbnail","hentry","category-featured","category-economie","tag-acteurs","tag-bouake","tag-filiere-betail-viande","tag-interprofession"],"_links":{"self":[{"href":"https:\/\/www.lintelligentdabidjan.info\/news\/wp-json\/wp\/v2\/posts\/34452","targetHints":{"allow":["GET"]}}],"collection":[{"href":"https:\/\/www.lintelligentdabidjan.info\/news\/wp-json\/wp\/v2\/posts"}],"about":[{"href":"https:\/\/www.lintelligentdabidjan.info\/news\/wp-json\/wp\/v2\/types\/post"}],"author":[{"embeddable":true,"href":"https:\/\/www.lintelligentdabidjan.info\/news\/wp-json\/wp\/v2\/users\/3"}],"replies":[{"embeddable":true,"href":"https:\/\/www.lintelligentdabidjan.info\/news\/wp-json\/wp\/v2\/comments?post=34452"}],"version-history":[{"count":1,"href":"https:\/\/www.lintelligentdabidjan.info\/news\/wp-json\/wp\/v2\/posts\/34452\/revisions"}],"predecessor-version":[{"id":34454,"href":"https:\/\/www.lintelligentdabidjan.info\/news\/wp-json\/wp\/v2\/posts\/34452\/revisions\/34454"}],"wp:featuredmedia":[{"embeddable":true,"href":"https:\/\/www.lintelligentdabidjan.info\/news\/wp-json\/wp\/v2\/media\/34453"}],"wp:attachment":[{"href":"https:\/\/www.lintelligentdabidjan.info\/news\/wp-json\/wp\/v2\/media?parent=34452"}],"wp:term":[{"taxonomy":"category","embeddable":true,"href":"https:\/\/www.lintelligentdabidjan.info\/news\/wp-json\/wp\/v2\/categories?post=34452"},{"taxonomy":"post_tag","embeddable":true,"href":"https:\/\/www.lintelligentdabidjan.info\/news\/wp-json\/wp\/v2\/tags?post=34452"}],"curies":[{"name":"wp","href":"https:\/\/api.w.org\/{rel}","templated":true}]}}