{"id":34557,"date":"2024-07-09T01:52:00","date_gmt":"2024-07-08T23:52:00","guid":{"rendered":"https:\/\/www.lintelligentdabidjan.info\/news\/?p=34557"},"modified":"2024-07-09T01:52:08","modified_gmt":"2024-07-08T23:52:08","slug":"ujlog-lebry-marie-leonard-encourage-les-etudiants-a-participer-aux-concours-dacces-a-linfs","status":"publish","type":"post","link":"https:\/\/www.lintelligentdabidjan.info\/news\/ujlog-lebry-marie-leonard-encourage-les-etudiants-a-participer-aux-concours-dacces-a-linfs\/","title":{"rendered":"UJLoG-   Lebry Marie L\u00e9onard encourage les  \u00e9tudiants  \u00e0 participer aux concours d&#8217;acc\u00e8s \u00e0 l&#8217;INFS"},"content":{"rendered":"<p><em><strong>Le directeur g\u00e9n\u00e9ral de l\u2019Institut national de formation judiciaire (INFJ), Lebry Marie L\u00e9onard, a encourag\u00e9 les \u00e9tudiants de l&#8217;Universit\u00e9 Jean Lorougnon Gu\u00e9d\u00e9 de Daloa \u00e0 participer aux concours d&#8217;acc\u00e8s \u00e0 l&#8217;INFS lors d&#8217;une journ\u00e9e-carri\u00e8re organis\u00e9e, le vendredi 05 juillet 2024.<\/strong><\/em><\/p>\n<p>Cet \u00e9v\u00e9nement, en partenariat avec le Programme des Nations unies pour le d\u00e9veloppement (PNUD), avait pour objectif de promouvoir les carri\u00e8res judiciaires parmi les \u00e9tudiants en droit de l&#8217;Universit\u00e9. Le directeur a soulign\u00e9 l&#8217;importance des concours d&#8217;admission \u00e0  l&#8217;INFJ, formant des professionnels pour diverses branches du secteur judiciaire telles que la magistrature, les greffes, le personnel p\u00e9nitentiaire, et la protection judiciaire de l&#8217;enfance et de la jeunesse. Il a \u00e9galement mis en avant l&#8217;objectif de recruter les candidats les plus qualifi\u00e9s pour constituer une \u00e9quipe judiciaire comp\u00e9tente et adapt\u00e9e aux besoins sp\u00e9cifiques du secteur.<\/p>\n<p>Tout en \u00e9claircissant sur les crit\u00e8res d&#8217;admission et le processus de s\u00e9lection, qui impliquent des concours directs et professionnels et pr\u00e9cisant que l&#8217;universit\u00e9 Jean Lorougnon Gu\u00e9d\u00e9, avec sa facult\u00e9 de droit, joue un r\u00f4le-cl\u00e9 dans la sensibilisation des \u00e9tudiants \u00e0 ces opportunit\u00e9s professionnelles, il a incit\u00e9 les \u00e9tudiants, notamment ceux en droit, \u00e0 envisager ces carri\u00e8res. Il a \u00e9galement abord\u00e9 les id\u00e9es re\u00e7ues entourant l&#8217;acc\u00e8s aux concours de l&#8217;INFJ, encourageant les \u00e9tudiants \u00e0 pers\u00e9v\u00e9rer malgr\u00e9 les \u00e9checs initiaux. <\/p>\n<p>\u00ab Il est fr\u00e9quent que certains se d\u00e9couragent en raison de certains pr\u00e9jug\u00e9s, mais il est crucial de se former et de se pr\u00e9parer de mani\u00e8re ad\u00e9quate pour r\u00e9ussir aux concours. Quelques \u00e9checs ne devraient pas \u00e9branler votre d\u00e9termination si vous \u00eates motiv\u00e9s, car devenir magistrat ne se fait pas par hasard ; il faut une conviction profonde \u00bb, a-t-il sensibilis\u00e9. <\/p>\n<p>Pascal Amien, analyste justice et droits de l\u2019homme au PNUD, a \u00e9galement soulign\u00e9 le soutien de son organisation \u00e0 cette initiative. \u00ab Il est crucial de soutenir cette initiative pour accro\u00eetre le nombre de magistrats et de membres des services de la justice afin d\u2019am\u00e9liorer l\u2019acc\u00e8s \u00e0 la justice \u00bb, a-t-il affirm\u00e9.<\/p>\n<p>Cette journ\u00e9e-carri\u00e8re s\u2019inscrit dans le cadre d\u2019un projet de renforcement de l\u2019acc\u00e8s \u00e0 la justice et de modernisation de l\u2019institution judiciaire, financ\u00e9 par le D\u00e9partement d\u2019\u00c9tat am\u00e9ricain. Ce projet, mis en \u0153uvre par le PNUD en partenariat avec le minist\u00e8re de la Justice, vise \u00e0 soutenir une justice plus moderne, efficace, \u00e9quitable et inclusive en C\u00f4te d\u2019Ivoire.<\/p>\n<p><strong>Beker Yao <\/strong><\/p>\n","protected":false},"excerpt":{"rendered":"<p>Le directeur g\u00e9n\u00e9ral de l\u2019Institut national de formation judiciaire (INFJ), Lebry Marie L\u00e9onard, a encourag\u00e9 les \u00e9tudiants de l&#8217;Universit\u00e9 Jean Lorougnon Gu\u00e9d\u00e9 de Daloa \u00e0 participer aux concours d&#8217;acc\u00e8s \u00e0 l&#8217;INFS lors d&#8217;une journ\u00e9e-carri\u00e8re organis\u00e9e, le vendredi 05 juillet 2024. Cet \u00e9v\u00e9nement, en partenariat avec le Programme des Nations unies pour le d\u00e9veloppement (PNUD), avait [&hellip;]<\/p>\n","protected":false},"author":3,"featured_media":34558,"comment_status":"closed","ping_status":"closed","sticky":false,"template":"","format":"standard","meta":{"footnotes":""},"categories":[2,3],"tags":[3797,3796,598,3798,3795,2608],"class_list":["post-34557","post","type-post","status-publish","format-standard","has-post-thumbnail","hentry","category-featured","category-societe","tag-concours-dacces","tag-encourage","tag-etudiants","tag-infs","tag-lebry-marie-leonard","tag-ujlog"],"_links":{"self":[{"href":"https:\/\/www.lintelligentdabidjan.info\/news\/wp-json\/wp\/v2\/posts\/34557","targetHints":{"allow":["GET"]}}],"collection":[{"href":"https:\/\/www.lintelligentdabidjan.info\/news\/wp-json\/wp\/v2\/posts"}],"about":[{"href":"https:\/\/www.lintelligentdabidjan.info\/news\/wp-json\/wp\/v2\/types\/post"}],"author":[{"embeddable":true,"href":"https:\/\/www.lintelligentdabidjan.info\/news\/wp-json\/wp\/v2\/users\/3"}],"replies":[{"embeddable":true,"href":"https:\/\/www.lintelligentdabidjan.info\/news\/wp-json\/wp\/v2\/comments?post=34557"}],"version-history":[{"count":1,"href":"https:\/\/www.lintelligentdabidjan.info\/news\/wp-json\/wp\/v2\/posts\/34557\/revisions"}],"predecessor-version":[{"id":34559,"href":"https:\/\/www.lintelligentdabidjan.info\/news\/wp-json\/wp\/v2\/posts\/34557\/revisions\/34559"}],"wp:featuredmedia":[{"embeddable":true,"href":"https:\/\/www.lintelligentdabidjan.info\/news\/wp-json\/wp\/v2\/media\/34558"}],"wp:attachment":[{"href":"https:\/\/www.lintelligentdabidjan.info\/news\/wp-json\/wp\/v2\/media?parent=34557"}],"wp:term":[{"taxonomy":"category","embeddable":true,"href":"https:\/\/www.lintelligentdabidjan.info\/news\/wp-json\/wp\/v2\/categories?post=34557"},{"taxonomy":"post_tag","embeddable":true,"href":"https:\/\/www.lintelligentdabidjan.info\/news\/wp-json\/wp\/v2\/tags?post=34557"}],"curies":[{"name":"wp","href":"https:\/\/api.w.org\/{rel}","templated":true}]}}