{"id":34607,"date":"2024-07-15T02:36:42","date_gmt":"2024-07-15T00:36:42","guid":{"rendered":"https:\/\/www.lintelligentdabidjan.info\/news\/?p=34607"},"modified":"2024-07-15T03:02:17","modified_gmt":"2024-07-15T01:02:17","slug":"protection-du-patrimoine-forestier-la-cote-divoire-reaffirme-son-engagement-pour-lafforestation-et-le-reboisement-depuis-brazzaville","status":"publish","type":"post","link":"https:\/\/www.lintelligentdabidjan.info\/news\/protection-du-patrimoine-forestier-la-cote-divoire-reaffirme-son-engagement-pour-lafforestation-et-le-reboisement-depuis-brazzaville\/","title":{"rendered":"Protection du patrimoine forestier-  La C\u00f4te d\u2019Ivoire r\u00e9affirme son engagement pour l&#8217;afforestation et le reboisement depuis Brazzaville"},"content":{"rendered":"<p><em><strong>Le ministre de l\u2019Environnement et de la Transition \u00e9cologique, Assahor\u00e9 Jacques, a affirm\u00e9 son engagement \u00e0 faire du boisement et du reboisement des leviers essentiels pour la pr\u00e9servation du patrimoine forestier ivoirien. Il a exprim\u00e9 cette volont\u00e9 lors de la conf\u00e9rence internationale sur l\u2019afforestation et le reboisement (CIAR), qui s\u2019est tenue du 02 au 05 juillet 2024 au centre de conf\u00e9rence internationale de Kint\u00e9n\u00e9 \u00e0 Brazzaville, en R\u00e9publique du Congo.<\/strong><\/em><\/p>\n<p>Assahor\u00e9 Jacques entend augmenter la superficie foresti\u00e8re de la C\u00f4te d\u2019Ivoire \u00e0 travers des initiatives et projets nationaux relatifs \u00e0 l\u2019accroissement de la capacit\u00e9 de s\u00e9questration de carbone, de la pr\u00e9servation des habitats, la biodiversit\u00e9 et du soutien \u00e0 la production des biens et services fournis par les for\u00eats. \u00ab Le reboisement et l\u2019afforestation sont une question essentielle qui rentre dans le cadre de la capacit\u00e9 de s\u00e9questration de carbone, un levier important pour lutter contre le changement climatique. L\u2019organisation r\u00e9ussie de cette conf\u00e9rence met en exergue les valeurs \u00e9cologiques et \u00e9conomiques des for\u00eats pour nos \u00c9tats \u00bb, a-t-il expliqu\u00e9.<br \/>\n Cette tribune a \u00e9t\u00e9 \u00e9galement l\u2019occasion pour le ministre de l\u2019environnement et de la transition \u00e9cologique, de plaider pour l&#8217;harmonisation des l\u00e9gislations africaines afin de rendre les pays du continent plus comp\u00e9titifs sur le march\u00e9 carbone. Il a soulign\u00e9 que cette approche commune permettrait de r\u00e9duire la fragmentation du march\u00e9 et d&#8217;am\u00e9liorer la vente du carbone africain. \u00ab Le march\u00e9 carbone, bien qu\u2019\u00e9tant un outil de mobilisation de financement, requiert une certaine r\u00e9glementation et de la prudence, comme le conseillent  les bailleurs de fonds. Il faut franchir des \u00e9tapes importantes telles que renforcer les capacit\u00e9s des acteurs nationaux, \u00e9tablir un registre carbone et une r\u00e9glementation forte pour \u00eatre plus comp\u00e9titif sur ce march\u00e9 subtil. C\u2019est dans ce cadre que la C\u00f4te d\u2019Ivoire b\u00e9n\u00e9ficie d\u2019un appui du PNUD pour franchir ce cap de la r\u00e9glementation pour \u00eatre bien outill\u00e9e \u00bb, a-t-il souhait\u00e9. Au cours de ce s\u00e9jour en terre congolaise, Assahor\u00e9 Jacques s\u2019est donn\u00e9 \u00e9galement pour mission de renforcer la coop\u00e9ration r\u00e9gionale \u00e0 travers des \u00e9changes avec la ministre congolaise de l\u2019Environnement, du D\u00e9veloppement durable, du Bassin du Congo, sur l&#8217;actualisation de l&#8217;accord de coop\u00e9ration en mati\u00e8re d&#8217;environnement et de d\u00e9veloppement durable entre les deux pays, puis sur les perspectives pour le fonctionnement de la Convention d\u2019Abidjan.  <\/p>\n<p><strong>Moustapha Ismaila avec sercom<\/strong><\/p>\n","protected":false},"excerpt":{"rendered":"<p>Le ministre de l\u2019Environnement et de la Transition \u00e9cologique, Assahor\u00e9 Jacques, a affirm\u00e9 son engagement \u00e0 faire du boisement et du reboisement des leviers essentiels pour la pr\u00e9servation du patrimoine forestier ivoirien. Il a exprim\u00e9 cette volont\u00e9 lors de la conf\u00e9rence internationale sur l\u2019afforestation et le reboisement (CIAR), qui s\u2019est tenue du 02 au 05 [&hellip;]<\/p>\n","protected":false},"author":3,"featured_media":34619,"comment_status":"closed","ping_status":"closed","sticky":false,"template":"","format":"standard","meta":{"_monsterinsights_skip_tracking":false,"_monsterinsights_sitenote_active":false,"_monsterinsights_sitenote_note":"","_monsterinsights_sitenote_category":0,"footnotes":""},"categories":[2,18],"tags":[3818,3820,77,2162,3817,3819],"class_list":["post-34607","post","type-post","status-publish","format-standard","has-post-thumbnail","hentry","category-featured","category-economie","tag-afforestation","tag-brazzaville","tag-cote-divoire","tag-engagement","tag-protection-du-patrimoine-forestier","tag-reboisement"],"_links":{"self":[{"href":"https:\/\/www.lintelligentdabidjan.info\/news\/wp-json\/wp\/v2\/posts\/34607","targetHints":{"allow":["GET"]}}],"collection":[{"href":"https:\/\/www.lintelligentdabidjan.info\/news\/wp-json\/wp\/v2\/posts"}],"about":[{"href":"https:\/\/www.lintelligentdabidjan.info\/news\/wp-json\/wp\/v2\/types\/post"}],"author":[{"embeddable":true,"href":"https:\/\/www.lintelligentdabidjan.info\/news\/wp-json\/wp\/v2\/users\/3"}],"replies":[{"embeddable":true,"href":"https:\/\/www.lintelligentdabidjan.info\/news\/wp-json\/wp\/v2\/comments?post=34607"}],"version-history":[{"count":1,"href":"https:\/\/www.lintelligentdabidjan.info\/news\/wp-json\/wp\/v2\/posts\/34607\/revisions"}],"predecessor-version":[{"id":34608,"href":"https:\/\/www.lintelligentdabidjan.info\/news\/wp-json\/wp\/v2\/posts\/34607\/revisions\/34608"}],"wp:featuredmedia":[{"embeddable":true,"href":"https:\/\/www.lintelligentdabidjan.info\/news\/wp-json\/wp\/v2\/media\/34619"}],"wp:attachment":[{"href":"https:\/\/www.lintelligentdabidjan.info\/news\/wp-json\/wp\/v2\/media?parent=34607"}],"wp:term":[{"taxonomy":"category","embeddable":true,"href":"https:\/\/www.lintelligentdabidjan.info\/news\/wp-json\/wp\/v2\/categories?post=34607"},{"taxonomy":"post_tag","embeddable":true,"href":"https:\/\/www.lintelligentdabidjan.info\/news\/wp-json\/wp\/v2\/tags?post=34607"}],"curies":[{"name":"wp","href":"https:\/\/api.w.org\/{rel}","templated":true}]}}