{"id":34609,"date":"2024-07-15T02:38:49","date_gmt":"2024-07-15T00:38:49","guid":{"rendered":"https:\/\/www.lintelligentdabidjan.info\/news\/?p=34609"},"modified":"2024-07-15T03:04:24","modified_gmt":"2024-07-15T01:04:24","slug":"cote-divoire-le-general-lassina-doumbia-reconnaissant-aux-epouses-des-militaires","status":"publish","type":"post","link":"https:\/\/www.lintelligentdabidjan.info\/news\/cote-divoire-le-general-lassina-doumbia-reconnaissant-aux-epouses-des-militaires\/","title":{"rendered":"C\u00f4te d\u2019Ivoire-   Le G\u00e9n\u00e9ral  Lassina Doumbia reconnaissant aux \u00e9pouses des militaires"},"content":{"rendered":"<p><em><strong>L&#8217;\u00c9dition 2024 de la  c\u00e9l\u00e9bration de la f\u00eate des m\u00e8res de l\u2019AEMCI (Association des \u00e9pouses des militaires de C\u00f4te d\u2019Ivoire), s&#8217;est tenue le samedi 13 juillet 2024, au stade de la Garde R\u00e9publicaine 2 de Yamoussoukro. Pr\u00e9sent \u00e0 cette c\u00e9r\u00e9monie, le Chef d\u2019\u00c9tat-major  des Forces arm\u00e9es de C\u00f4te d\u2019Ivoire,  le G\u00e9n\u00e9ral de Corps d\u2019Arm\u00e9e, Lassina Doumbia a  exprim\u00e9 sa gratitude   \u00e0 l&#8217;AEMCI pour tout ce qu&#8217;elle fait pour les militaires. <\/strong><\/em><\/p>\n<p>\u00ab  Nous vous aimons. Nous tenons \u00e0 vous dire merci  pour ce que vous faites pour nous.  Nous-m\u00eames,  nous savons  que nous ne sommes pas les meilleurs maris. Nous-m\u00eames,  nous savons que ce n\u2019est pas facile avec  nous, on se conna\u00eet ! Mais merci pour le soutien que vous ne cessez de nous apporter.  Merci pour l\u2019\u00e9quilibre que vous ne cessez  de nous apporter \u00bb a fait savoir Lassina Doumbia.<br \/>\n Pour le Chef d&#8217;\u00c9tat-major, qui \u00e9tait accompagn\u00e9 des officiers sup\u00e9rieurs de toutes les forces arm\u00e9es de C\u00f4te d\u2019Ivoire, celles-ci repr\u00e9sentent un apport incommensurable dans l\u2019\u00e9quilibre mental, social et professionnel des militaires. En un mot, elles sont essentielles pour les militaires ivoiriens. C\u2019est pourquoi il les a assur\u00e9es de son soutien ind\u00e9fectible.<\/p>\n<p>\u00ab (\u2026) Nous sommes avec vous. Nous prions avec vous pour toutes les veuves,   pour toutes celles que nos compagnons, nos fr\u00e8res d\u2019arme  ont d\u00fb laisser en chemin. Nous prions avec elles pour que Dieu m\u00eame  panse leurs blessures,  pour  que Dieu leur apporte tout son soutien. Nous prions aussi pour toutes les femmes qui ont \u00e9t\u00e9 touch\u00e9es dans leur \u00e9quilibre psychologique que ce soit par des blessures contract\u00e9es par leur \u00e9poux ou du fait de nos incartades coutumi\u00e8res. Que Dieu m\u00eame vous donne la force de pardonner. Que Dieu lui-m\u00eame vous donne la force de nous soutenir, de continuer d\u2019accepter  les circonstances de la vie \u00bb a-t-il dit. <\/p>\n<p>Transmettant par ailleurs le message d&#8217;encouragement du ministre d\u2019\u00c9tat, ministre de la D\u00e9fense, T\u00e9n\u00e9 Birahima Ouattara, \u00e0 ces dames, le G\u00e9n\u00e9ral de Corps d\u2019Arm\u00e9e a salu\u00e9 la forte mobilisation du jour et f\u00e9licit\u00e9 la pr\u00e9sidente de l\u2019AEMCI, Tour\u00e9 Natacha, ainsi que son \u00e9quipe, pour tout ce qu\u2019elles font afin que l\u2019AEMCI atteigne ses objectifs. Il a soulign\u00e9 \u00e0 cet effet que les objectifs de l\u2019AEMCI occupent une place de choix parmi les priorit\u00e9s du minist\u00e8re de la D\u00e9fense et de l&#8217;\u00c9tat-major des FACI, notamment en ce qui concerne l\u2019autonomisation des femmes, \u00e9pouses de militaires.<\/p>\n<p>\u00ab Faire en sorte que chacune des \u00e9pouses des militaires puisse se prendre en charge. Que chacune des \u00e9pouses des militaires puisse exercer  une activit\u00e9 g\u00e9n\u00e9ratrice de revenus, que ce soit de fa\u00e7on collective ou de fa\u00e7on individuelle.  Vous avez tous nos soutiens \u00bb a-t-il  mentionn\u00e9.<\/p>\n<p>Le don de la tutelle \u00e0 l\u2019Aemci et de l\u2019 \u00c9tat major aux  familles d\u00e9munies<br \/>\nAinsi, il a annonc\u00e9 le don de 5 millions de FCFA que le ministre d\u2019\u00c9tat, ministre de la D\u00e9fense met \u00e0 disposition du bureau de l\u2019AEMCI afin de soutenir ces femmes dans la continuit\u00e9 de leurs activit\u00e9s en toute s\u00e9r\u00e9nit\u00e9. Dans le m\u00eame \u00e9lan, Doumbia Lassina, au nom de l\u2019\u00c9tat-major et de tous ses collaborateurs pr\u00e9sents, a remis la somme de 2 millions de FCFA pour exprimer leur solidarit\u00e9 envers quinze familles d\u00e9munies, qui avaient re\u00e7u la visite du bureau de l\u2019AEMCI la veille.<\/p>\n<p><strong>La reconnaissance de la pr\u00e9sente Tour\u00e9 Natacha<\/strong><\/p>\n<p> Pour sa part, la pr\u00e9sidente de l\u2019AEMCI, Tour\u00e9 Natacha, a exprim\u00e9 la gratitude et la reconnaissance de toutes les membres de cette association envers le ministre d\u2019\u00c9tat, T\u00e9n\u00e9 Birahima Ouattara, le CMA et l\u2019\u00c9tat-major pour leur soutien ind\u00e9fectible envers leurs familles et la communaut\u00e9 militaire.<\/p>\n<p>\u00ab Votre d\u00e9vouement envers vos collaborateurs, collaboratrices, nos \u00e9poux, nos hommes, nos familles, votre soutien envers nos militaires et leurs familles, ainsi que votre vision strat\u00e9gique pour renforcer la s\u00e9curit\u00e9 et la stabilit\u00e9 de notre nation sont des exemples de leadership remarquable qui nous inspirent et nous motivent \u00bb, a-t-elle confi\u00e9. <\/p>\n<p>Elle a \u00e9galement salu\u00e9 l&#8217;acquisition du nouveau si\u00e8ge mis \u00e0 leur disposition, soulignant que cela renforcera le lien entre les familles et les forces arm\u00e9es. Par ailleurs, la pr\u00e9sidente Tour\u00e9 a annonc\u00e9 \u00e0 l\u2019assistance la concr\u00e9tisation d\u2019un de leurs projets phares, notamment la r\u00e9alisation d&#8217;une usine de production d&#8217;atti\u00e9k\u00e9 \u00e0 Yamoussoukro d&#8217;ici la fin de l&#8217;ann\u00e9e 2024. La c\u00e9l\u00e9bration s\u2019est poursuivie avec des prestations artistiques, des sketches, un concours de danse, une tombola et des distinctions.<\/p>\n<p><strong>Harry Diallo \u00e0 Yamoussoukro   <\/strong><\/p>\n","protected":false},"excerpt":{"rendered":"<p>L&#8217;\u00c9dition 2024 de la c\u00e9l\u00e9bration de la f\u00eate des m\u00e8res de l\u2019AEMCI (Association des \u00e9pouses des militaires de C\u00f4te d\u2019Ivoire), s&#8217;est tenue le samedi 13 juillet 2024, au stade de la Garde R\u00e9publicaine 2 de Yamoussoukro. Pr\u00e9sent \u00e0 cette c\u00e9r\u00e9monie, le Chef d\u2019\u00c9tat-major des Forces arm\u00e9es de C\u00f4te d\u2019Ivoire, le G\u00e9n\u00e9ral de Corps d\u2019Arm\u00e9e, Lassina [&hellip;]<\/p>\n","protected":false},"author":3,"featured_media":34620,"comment_status":"closed","ping_status":"closed","sticky":false,"template":"","format":"standard","meta":{"_monsterinsights_skip_tracking":false,"_monsterinsights_sitenote_active":false,"_monsterinsights_sitenote_note":"","_monsterinsights_sitenote_category":0,"footnotes":""},"categories":[2,3],"tags":[77,2959,3821,1454],"class_list":["post-34609","post","type-post","status-publish","format-standard","has-post-thumbnail","hentry","category-featured","category-societe","tag-cote-divoire","tag-epouses","tag-general-lassina-doumbia","tag-militaires"],"_links":{"self":[{"href":"https:\/\/www.lintelligentdabidjan.info\/news\/wp-json\/wp\/v2\/posts\/34609","targetHints":{"allow":["GET"]}}],"collection":[{"href":"https:\/\/www.lintelligentdabidjan.info\/news\/wp-json\/wp\/v2\/posts"}],"about":[{"href":"https:\/\/www.lintelligentdabidjan.info\/news\/wp-json\/wp\/v2\/types\/post"}],"author":[{"embeddable":true,"href":"https:\/\/www.lintelligentdabidjan.info\/news\/wp-json\/wp\/v2\/users\/3"}],"replies":[{"embeddable":true,"href":"https:\/\/www.lintelligentdabidjan.info\/news\/wp-json\/wp\/v2\/comments?post=34609"}],"version-history":[{"count":1,"href":"https:\/\/www.lintelligentdabidjan.info\/news\/wp-json\/wp\/v2\/posts\/34609\/revisions"}],"predecessor-version":[{"id":34610,"href":"https:\/\/www.lintelligentdabidjan.info\/news\/wp-json\/wp\/v2\/posts\/34609\/revisions\/34610"}],"wp:featuredmedia":[{"embeddable":true,"href":"https:\/\/www.lintelligentdabidjan.info\/news\/wp-json\/wp\/v2\/media\/34620"}],"wp:attachment":[{"href":"https:\/\/www.lintelligentdabidjan.info\/news\/wp-json\/wp\/v2\/media?parent=34609"}],"wp:term":[{"taxonomy":"category","embeddable":true,"href":"https:\/\/www.lintelligentdabidjan.info\/news\/wp-json\/wp\/v2\/categories?post=34609"},{"taxonomy":"post_tag","embeddable":true,"href":"https:\/\/www.lintelligentdabidjan.info\/news\/wp-json\/wp\/v2\/tags?post=34609"}],"curies":[{"name":"wp","href":"https:\/\/api.w.org\/{rel}","templated":true}]}}