{"id":3465,"date":"2017-03-30T12:05:45","date_gmt":"2017-03-30T10:05:45","guid":{"rendered":"http:\/\/www.lintelligentdabidjan.info\/news\/?p=3465"},"modified":"2017-03-30T12:05:45","modified_gmt":"2017-03-30T10:05:45","slug":"transport-urbain-a-abidjan-117-nouveaux-bus-pour-renforcer-un-parc-auto","status":"publish","type":"post","link":"https:\/\/www.lintelligentdabidjan.info\/news\/transport-urbain-a-abidjan-117-nouveaux-bus-pour-renforcer-un-parc-auto\/","title":{"rendered":"Transport urbain \u00e0 Abidjan  117 nouveaux bus pour renforcer un parc-auto"},"content":{"rendered":"<p>La Soci\u00e9t\u00e9\u00a0 de transport Abidjanais (Sotra) a acquis de 117 nouveaux sur 500 attendus. La c\u00e9r\u00e9monie de r\u00e9ception de ces nouveaux engins en provenance de l&#8217;Inde a eu lieu le mercredi 29 mars 2017 dans l\u2019espace portuaire d\u2019Abidjan. Selon Meit\u00e9 Bouak\u00e9, le directeur g\u00e9n\u00e9ral de la soci\u00e9t\u00e9 , l\u2019acquisition de ces nouveaux engins s\u2019inscrit dans le programme d\u2019am\u00e9lioration de d\u00e9placement de la population abidjanaise souhait\u00e9 par le Pr\u00e9sident de la R\u00e9publique Alassane Ouattara.<!--more--> Ce programme pr\u00e9voit \u00e0 terme 2000 bus et est estim\u00e9 \u00e0 87 millions de dollars.\u00a0 Les premiers arriv\u00e9s font partie de la premi\u00e8re grande vague de 500 bus qui devront \u00eatre r\u00e9ceptionn\u00e9s d\u2019ici \u00e0 Mai 2017. Ces autobus, destin\u00e9s au grand public (\u00e9l\u00e8ves, \u00e9tudiants) etc, seront mis en circulation selon le DG dans quelques jours, le temps d\u2019accomplir les formalit\u00e9s y aff\u00e9rentes. \u00ab Aujourd\u2019hui est un grand jour pour la Sotra et aussi un grand jour pour la population abidjanaise parce que nous recevons le premier lot des 500 autobus sur un projet de 2000 autobus promis par le Pr\u00e9sident de la R\u00e9publique. Aujourd\u2019hui est un grand jour parce que l\u2019arriv\u00e9e de ce premier lot marque le d\u00e9but de l\u2019ex\u00e9cution\u00a0 de ce vaste programme qui verra la Sotra \u00e9mergente en 2020 \u00bb, s\u2019est r\u00e9joui le Dg qui ajoute : \u00abCes bus seront imm\u00e9diatement mis en service lorsque nous aurons fini les modalit\u00e9s pratiques de contr\u00f4le et de mise en conformit\u00e9 avec nos exigences d\u2019exploitation.\u00a0 Le temps de ces mises en conformit\u00e9 prends 2 \u00e0 3 jours parce qu\u2019il faut faire la visite technique, passer au guichet unique, mettre les logos sur les autobus, faire un contr\u00f4le de toutes les installations \u00e9lectriques avant de les mettre en service.<\/p>\n<p>Nous avons d\u00e9j\u00e0 pr\u00e9vu les lignes qui doivent \u00eatre desservies. C\u2019est un grand programme qui ne prend pas seulement en compte les autobus, mais tout l\u2019environnement technique et toute la chaine de la maintenance \u00bb, a pr\u00e9cis\u00e9 Meit\u00e9 Bouak\u00e9. La capacit\u00e9 d\u2019accueil d\u2019un engin est de 100 places.<\/p>\n<p>EF<\/p>\n","protected":false},"excerpt":{"rendered":"<p>La Soci\u00e9t\u00e9\u00a0 de transport Abidjanais (Sotra) a acquis de 117 nouveaux sur 500 attendus. La c\u00e9r\u00e9monie de r\u00e9ception de ces nouveaux engins en provenance de l&#8217;Inde a eu lieu le mercredi 29 mars 2017 dans l\u2019espace portuaire d\u2019Abidjan. Selon Meit\u00e9 Bouak\u00e9, le directeur g\u00e9n\u00e9ral de la soci\u00e9t\u00e9 , l\u2019acquisition de ces nouveaux engins s\u2019inscrit dans [&hellip;]<\/p>\n","protected":false},"author":2,"featured_media":3466,"comment_status":"closed","ping_status":"closed","sticky":false,"template":"","format":"standard","meta":{"footnotes":""},"categories":[18],"tags":[],"class_list":["post-3465","post","type-post","status-publish","format-standard","has-post-thumbnail","hentry","category-economie"],"_links":{"self":[{"href":"https:\/\/www.lintelligentdabidjan.info\/news\/wp-json\/wp\/v2\/posts\/3465","targetHints":{"allow":["GET"]}}],"collection":[{"href":"https:\/\/www.lintelligentdabidjan.info\/news\/wp-json\/wp\/v2\/posts"}],"about":[{"href":"https:\/\/www.lintelligentdabidjan.info\/news\/wp-json\/wp\/v2\/types\/post"}],"author":[{"embeddable":true,"href":"https:\/\/www.lintelligentdabidjan.info\/news\/wp-json\/wp\/v2\/users\/2"}],"replies":[{"embeddable":true,"href":"https:\/\/www.lintelligentdabidjan.info\/news\/wp-json\/wp\/v2\/comments?post=3465"}],"version-history":[{"count":1,"href":"https:\/\/www.lintelligentdabidjan.info\/news\/wp-json\/wp\/v2\/posts\/3465\/revisions"}],"predecessor-version":[{"id":3467,"href":"https:\/\/www.lintelligentdabidjan.info\/news\/wp-json\/wp\/v2\/posts\/3465\/revisions\/3467"}],"wp:featuredmedia":[{"embeddable":true,"href":"https:\/\/www.lintelligentdabidjan.info\/news\/wp-json\/wp\/v2\/media\/3466"}],"wp:attachment":[{"href":"https:\/\/www.lintelligentdabidjan.info\/news\/wp-json\/wp\/v2\/media?parent=3465"}],"wp:term":[{"taxonomy":"category","embeddable":true,"href":"https:\/\/www.lintelligentdabidjan.info\/news\/wp-json\/wp\/v2\/categories?post=3465"},{"taxonomy":"post_tag","embeddable":true,"href":"https:\/\/www.lintelligentdabidjan.info\/news\/wp-json\/wp\/v2\/tags?post=3465"}],"curies":[{"name":"wp","href":"https:\/\/api.w.org\/{rel}","templated":true}]}}