{"id":34672,"date":"2024-07-22T00:46:44","date_gmt":"2024-07-21T22:46:44","guid":{"rendered":"https:\/\/www.lintelligentdabidjan.info\/news\/?p=34672"},"modified":"2024-07-22T01:18:01","modified_gmt":"2024-07-21T23:18:01","slug":"presidentielle-2025-desire-kouame-nguessan-annonce-officiellement-sa-candidature","status":"publish","type":"post","link":"https:\/\/www.lintelligentdabidjan.info\/news\/presidentielle-2025-desire-kouame-nguessan-annonce-officiellement-sa-candidature\/","title":{"rendered":"Pr\u00e9sidentielle 2025- D\u00e9sir\u00e9 Kouam\u00e9 N&#8217;guessan annonce officiellement sa candidature"},"content":{"rendered":"<p><em><strong>D\u00e9sir\u00e9 Kouam\u00e9 N&#8217;guessan a annonc\u00e9 officiellement sa candidature \u00e0 la pr\u00e9sidentielle 2025. <\/strong><\/em><\/p>\n<p>L&#8217;Union pour le Rayonnement de la C\u00f4te d&#8217;Ivoire (URCI) a organis\u00e9 la triple c\u00e9r\u00e9monie \u00e0 l&#8217;occasion de sa rentr\u00e9e politique, de son 4\u00e8me anniversaire et de la pr\u00e9sentation de son candidat \u00e0 la pr\u00e9sidentielle de 2025 \u00e0 la Maison de la Presse au Plateau le samedi 20 juillet 2024 .<\/p>\n<p>L&#8217;Union pour le Rayonnement de la C\u00f4te d&#8217;Ivoire (URCI) a pr\u00e9sent\u00e9 D\u00e9sir\u00e9 Kouam\u00e9 N&#8217;Guessan comme son candidat \u00e0 la pr\u00e9sidentielle de 2025. Celui-ci a indiqu\u00e9 que l&#8217;URCI se positionne comme un parti de gauche r\u00e9solument attach\u00e9 \u00e0 la forme r\u00e9publicaine de l&#8217;\u00c9tat et \u00e0 son contenu d\u00e9mocratique, au respect des droits de l&#8217;homme et des libert\u00e9s publiques, individuelles et collectives, dans le cadre d&#8217;une d\u00e9mocratie politique, \u00e9conomique et sociale. Son objectif est la conqu\u00eate et l\u2019exercice du pouvoir de l\u2019\u00c9tat.<\/p>\n<p>Il a encourag\u00e9 les militants de son parti \u00e0 redoubler d\u2019engagement et d\u2019union autour de sa personne pour la r\u00e9alisation de ce projet.<\/p>\n<p>&#8220;Notre enthousiasme et notre engagement sont sans doute le meilleur antidote contre un \u00e9ventuel quatri\u00e8me mandat. Je voudrais d\u00e9crier la situation difficile de notre pays, \u00e0 savoir la chert\u00e9 de la vie, la pr\u00e9carit\u00e9, le ch\u00f4mage et l&#8217;ins\u00e9curit\u00e9&#8221;, a t-il d\u00e9clar\u00e9 .<\/p>\n<p>D\u00e9sir\u00e9 Kouam\u00e9 a indiqu\u00e9 \u00e0 ses militants qu&#8217;ils entraient dans une ann\u00e9e \u00e9lectorale d\u00e9cisive et qu&#8217;ils avaient besoin de toutes les forces disponibles pour porter leurs id\u00e9es, leurs solutions et leurs espoirs dans une C\u00f4te d&#8217;Ivoire qu&#8217;ils souhaitaient rayonnante, unie et prosp\u00e8re. Il a soulign\u00e9 qu&#8217;ils avaient 15 mois pour en faire un jour de mobilisation et de c\u00e9l\u00e9bration. D\u00e9sir\u00e9 Kouam\u00e9 a exhort\u00e9 ses camarades \u00e0 faire en sorte que leur dynamisme et leur d\u00e9termination permettent un jour au peuple de C\u00f4te d&#8217;Ivoire de relever la t\u00eate face \u00e0 la mis\u00e8re et \u00e0 l\u2019adversit\u00e9.<\/p>\n<p>&#8220;Que ceux qui n\u2019ont pas de carte nationale d\u2019identit\u00e9 ou d\u2019extrait de naissance participent aux audiences foraines, et que ceux qui ne sont pas inscrits sur la liste \u00e9lectorale, ainsi que les nouveaux majeurs, v\u00e9rifient leur nom sur cette liste pour \u00e9viter des surprises d\u00e9sagr\u00e9ables.<\/p>\n<p>S&#8217;ils ne le font pas, il n\u2019y aura pas de changement, et les m\u00eames personnes continueront \u00e0 nous gouverner, car nous ne pourrons pas acc\u00e9der au pouvoir d&#8217;\u00c9tat. Pour le changement, j&#8217;ai d\u00e9cid\u00e9 et je vous annonce officiellement et solennellement que je suis candidat \u00e0 l&#8217;\u00e9lection pr\u00e9sidentielle de 2025.&#8221;<\/p>\n<p>La c\u00e9r\u00e9monie s\u2019est achev\u00e9e par la coupure d&#8217;un g\u00e2teau marquant le quatri\u00e8me anniversaire de la cr\u00e9ation de l\u2019Union pour le Rayonnement de la C\u00f4te d&#8217;Ivoire (URCI).<\/p>\n<p>L&#8217;URCI a \u00e9t\u00e9 fond\u00e9e le 21 juin 2020 et reconnue officiellement par l&#8217;\u00c9tat ivoirien le 3 f\u00e9vrier 2022.<\/p>\n<p><strong>Olivier Dion avec Gerard Batoua<\/strong><\/p>\n","protected":false},"excerpt":{"rendered":"<p>D\u00e9sir\u00e9 Kouam\u00e9 N&#8217;guessan a annonc\u00e9 officiellement sa candidature \u00e0 la pr\u00e9sidentielle 2025. L&#8217;Union pour le Rayonnement de la C\u00f4te d&#8217;Ivoire (URCI) a organis\u00e9 la triple c\u00e9r\u00e9monie \u00e0 l&#8217;occasion de sa rentr\u00e9e politique, de son 4\u00e8me anniversaire et de la pr\u00e9sentation de son candidat \u00e0 la pr\u00e9sidentielle de 2025 \u00e0 la Maison de la Presse au [&hellip;]<\/p>\n","protected":false},"author":3,"featured_media":34673,"comment_status":"closed","ping_status":"closed","sticky":false,"template":"","format":"standard","meta":{"footnotes":""},"categories":[2,17],"tags":[2073,3845,1621],"class_list":["post-34672","post","type-post","status-publish","format-standard","has-post-thumbnail","hentry","category-featured","category-politique","tag-candidature","tag-desire-kouame-nguessan","tag-presidentielle-2025"],"_links":{"self":[{"href":"https:\/\/www.lintelligentdabidjan.info\/news\/wp-json\/wp\/v2\/posts\/34672","targetHints":{"allow":["GET"]}}],"collection":[{"href":"https:\/\/www.lintelligentdabidjan.info\/news\/wp-json\/wp\/v2\/posts"}],"about":[{"href":"https:\/\/www.lintelligentdabidjan.info\/news\/wp-json\/wp\/v2\/types\/post"}],"author":[{"embeddable":true,"href":"https:\/\/www.lintelligentdabidjan.info\/news\/wp-json\/wp\/v2\/users\/3"}],"replies":[{"embeddable":true,"href":"https:\/\/www.lintelligentdabidjan.info\/news\/wp-json\/wp\/v2\/comments?post=34672"}],"version-history":[{"count":2,"href":"https:\/\/www.lintelligentdabidjan.info\/news\/wp-json\/wp\/v2\/posts\/34672\/revisions"}],"predecessor-version":[{"id":34690,"href":"https:\/\/www.lintelligentdabidjan.info\/news\/wp-json\/wp\/v2\/posts\/34672\/revisions\/34690"}],"wp:featuredmedia":[{"embeddable":true,"href":"https:\/\/www.lintelligentdabidjan.info\/news\/wp-json\/wp\/v2\/media\/34673"}],"wp:attachment":[{"href":"https:\/\/www.lintelligentdabidjan.info\/news\/wp-json\/wp\/v2\/media?parent=34672"}],"wp:term":[{"taxonomy":"category","embeddable":true,"href":"https:\/\/www.lintelligentdabidjan.info\/news\/wp-json\/wp\/v2\/categories?post=34672"},{"taxonomy":"post_tag","embeddable":true,"href":"https:\/\/www.lintelligentdabidjan.info\/news\/wp-json\/wp\/v2\/tags?post=34672"}],"curies":[{"name":"wp","href":"https:\/\/api.w.org\/{rel}","templated":true}]}}