{"id":34678,"date":"2024-07-22T00:57:27","date_gmt":"2024-07-21T22:57:27","guid":{"rendered":"https:\/\/www.lintelligentdabidjan.info\/news\/?p=34678"},"modified":"2024-07-22T00:57:54","modified_gmt":"2024-07-21T22:57:54","slug":"forces-armees-de-cote-divoire-98-nouveaux-officiers-grossissent-les-rangs","status":"publish","type":"post","link":"https:\/\/www.lintelligentdabidjan.info\/news\/forces-armees-de-cote-divoire-98-nouveaux-officiers-grossissent-les-rangs\/","title":{"rendered":"Forces arm\u00e9es de C\u00f4te d\u2019Ivoire:  98 nouveaux officiers grossissent les rangs"},"content":{"rendered":"<p><em><strong>Le Vice-pr\u00e9sident de la R\u00e9publique, Ti\u00e9moko Meyliet Kon\u00e9, a proc\u00e9d\u00e9, ce jeudi 18 juillet 2024, \u00e0 la remise de galons \u00e0 la 54e promotion d\u2019\u00e9l\u00e8ves officiers de la promotion \u00ab Fiert\u00e9 \u00bb et \u00e0 la 18e promotion de m\u00e9decins \u00e9l\u00e8ves officiers. C\u2019\u00e9tait lors de la traditionnelle f\u00eate de fin d\u2019ann\u00e9e de l\u2019Acad\u00e9mie des Forces Arm\u00e9es (AFA) de Zambakro.<\/strong><\/em><\/p>\n<p>Compos\u00e9e de 107 nouveaux sous-lieutenants, dont 90 Ivoiriens et 17 issus de pays d\u2019Afrique de l\u2019Ouest et centrale, amis de la C\u00f4te d\u2019Ivoire, cette promotion compte en son sein 13 \u00e9l\u00e8ves officiers f\u00e9minins. Quant aux m\u00e9decins \u00e9l\u00e8ves officiers (lieutenants), ce sont 9 g\u00e9n\u00e9ralistes, dont 8 de la C\u00f4te d\u2019Ivoire et une personne f\u00e9minine de la R\u00e9publique du Congo.<\/p>\n<p>Ainsi, au nom du Pr\u00e9sident de la R\u00e9publique, Chef Supr\u00eame des Arm\u00e9es, le Vice-pr\u00e9sident de la R\u00e9publique, Ti\u00e9moko Meyliet Kon\u00e9, a remis \u00e0 ces m\u00e9decins \u00e9l\u00e8ves officiers et \u00e9l\u00e8ves officiers de la promotion \u00ab FIERT\u00c9 \u00bb les insignes de leurs grades qui font d\u2019eux d\u00e9sormais des lieutenants et sous-lieutenants de leurs arm\u00e9es respectives, peu de temps apr\u00e8s qu\u2019ils ont pr\u00eat\u00e9 le serment de loyaut\u00e9 \u00e0 leurs arm\u00e9es respectives.<\/p>\n<p>Pour leurs cadets de la 55e promotion, qui ont re\u00e7u leur nom de bapt\u00eame \u00ab Promotion R\u00e9silience \u00bb et pour parrain, le g\u00e9n\u00e9ral de division en 2e session Kon\u00e9 Mambi, ils sont au nombre de 125, dont 104 Ivoiriens et 21 issus de 10 pays africains. \u00c0 cette occasion, le Ministre d\u2019\u00c9tat, Ministre de la D\u00e9fense, M. T\u00e9n\u00e9 Birahima Ouattara, a invit\u00e9 ces promus \u00e0 toujours demeurer fid\u00e8les au serment qu\u2019ils ont pr\u00eat\u00e9, avant de leur rappeler le symbole que repr\u00e9sente leur nom de promotion.<br \/>\n: \u00ab R\u00e9silience est le symbole de votre unit\u00e9 et de votre engagement commun, envers les nations que vous serez appel\u00e9s \u00e0 servir et \u00e0 d\u00e9fendre au prix de grands sacrifices \u00bb a-t-il martel\u00e9. <\/p>\n<p>Il a demand\u00e9 \u00e0 ces derniers de s\u2019inspirer des carri\u00e8res exemplaires des personnalit\u00e9s militaires qu\u2019ils ont choisies pour parrain et d\u2019en faire la boussole des valeurs qu\u2019ils porteront tout au long de leurs carri\u00e8res. Non sans f\u00e9liciter le chef d\u2019\u00e9tat-major g\u00e9n\u00e9ral des Arm\u00e9es pour les r\u00e9formes qui tiennent compte du nouvel environnement s\u00e9curitaire, ainsi que l\u2019ensemble de l\u2019encadrement de l\u2019Acad\u00e9mie.<\/p>\n<p>Il a aussi salu\u00e9 la contribution significative des partenaires de cet \u00e9tablissement, notamment l\u2019Universit\u00e9 Alassane Ouattara de Bouak\u00e9, l\u2019Universit\u00e9 P\u00e9l\u00e9fero Gon Coulibaly de Korhogo, ainsi que la Fondation Konrad Adenauer pour leur apport au rayonnement des \u00e9coles militaires.<\/p>\n<p>Cette double c\u00e9r\u00e9monie de remise d\u2019\u00e9paulettes et de bapt\u00eame de promotion a \u00e9t\u00e9 cl\u00f4tur\u00e9e par un d\u00e9fil\u00e9 de troupes \u00e0 pied.<\/p>\n<p><strong> Harry Diallo \u00e0 Yamoussoukro<\/strong><\/p>\n","protected":false},"excerpt":{"rendered":"<p>Le Vice-pr\u00e9sident de la R\u00e9publique, Ti\u00e9moko Meyliet Kon\u00e9, a proc\u00e9d\u00e9, ce jeudi 18 juillet 2024, \u00e0 la remise de galons \u00e0 la 54e promotion d\u2019\u00e9l\u00e8ves officiers de la promotion \u00ab Fiert\u00e9 \u00bb et \u00e0 la 18e promotion de m\u00e9decins \u00e9l\u00e8ves officiers. C\u2019\u00e9tait lors de la traditionnelle f\u00eate de fin d\u2019ann\u00e9e de l\u2019Acad\u00e9mie des Forces Arm\u00e9es [&hellip;]<\/p>\n","protected":false},"author":3,"featured_media":34679,"comment_status":"closed","ping_status":"closed","sticky":false,"template":"","format":"standard","meta":{"_monsterinsights_skip_tracking":false,"_monsterinsights_sitenote_active":false,"_monsterinsights_sitenote_note":"","_monsterinsights_sitenote_category":0,"footnotes":""},"categories":[2,3],"tags":[77,3849,2343,3850],"class_list":["post-34678","post","type-post","status-publish","format-standard","has-post-thumbnail","hentry","category-featured","category-societe","tag-cote-divoire","tag-forces-armees","tag-officiers","tag-rangs"],"_links":{"self":[{"href":"https:\/\/www.lintelligentdabidjan.info\/news\/wp-json\/wp\/v2\/posts\/34678","targetHints":{"allow":["GET"]}}],"collection":[{"href":"https:\/\/www.lintelligentdabidjan.info\/news\/wp-json\/wp\/v2\/posts"}],"about":[{"href":"https:\/\/www.lintelligentdabidjan.info\/news\/wp-json\/wp\/v2\/types\/post"}],"author":[{"embeddable":true,"href":"https:\/\/www.lintelligentdabidjan.info\/news\/wp-json\/wp\/v2\/users\/3"}],"replies":[{"embeddable":true,"href":"https:\/\/www.lintelligentdabidjan.info\/news\/wp-json\/wp\/v2\/comments?post=34678"}],"version-history":[{"count":1,"href":"https:\/\/www.lintelligentdabidjan.info\/news\/wp-json\/wp\/v2\/posts\/34678\/revisions"}],"predecessor-version":[{"id":34680,"href":"https:\/\/www.lintelligentdabidjan.info\/news\/wp-json\/wp\/v2\/posts\/34678\/revisions\/34680"}],"wp:featuredmedia":[{"embeddable":true,"href":"https:\/\/www.lintelligentdabidjan.info\/news\/wp-json\/wp\/v2\/media\/34679"}],"wp:attachment":[{"href":"https:\/\/www.lintelligentdabidjan.info\/news\/wp-json\/wp\/v2\/media?parent=34678"}],"wp:term":[{"taxonomy":"category","embeddable":true,"href":"https:\/\/www.lintelligentdabidjan.info\/news\/wp-json\/wp\/v2\/categories?post=34678"},{"taxonomy":"post_tag","embeddable":true,"href":"https:\/\/www.lintelligentdabidjan.info\/news\/wp-json\/wp\/v2\/tags?post=34678"}],"curies":[{"name":"wp","href":"https:\/\/api.w.org\/{rel}","templated":true}]}}