{"id":34681,"date":"2024-07-22T01:03:02","date_gmt":"2024-07-21T23:03:02","guid":{"rendered":"https:\/\/www.lintelligentdabidjan.info\/news\/?p=34681"},"modified":"2024-07-22T01:03:27","modified_gmt":"2024-07-21T23:03:27","slug":"daloa-les-metiers-davenir-au-centre-de-la-13e-edition-du-salon-de-lorientation","status":"publish","type":"post","link":"https:\/\/www.lintelligentdabidjan.info\/news\/daloa-les-metiers-davenir-au-centre-de-la-13e-edition-du-salon-de-lorientation\/","title":{"rendered":"Daloa- Les m\u00e9tiers d&#8217;avenir au centre de la 13e \u00e9dition du salon de l&#8217;orientation"},"content":{"rendered":"<p><em><strong>D\u00e9but\u00e9e \u00e0 Abidjan, la 13e \u00e9dition du Salon de l&#8217;Orientation  a pos\u00e9 ses valises  au Centre culturel municipal de Daloa du jeudi 18  au vendredi 19 juillet 2024, sous le th\u00e8me &#8220;Choisir juste et utile&#8221;.<\/strong><\/em><\/p>\n<p>Cet \u00e9v\u00e9nement a attir\u00e9 une foule enthousiaste de nouveaux bacheliers, d&#8217;\u00e9tudiants et de parents d\u00e9sireux d&#8217;explorer les opportunit\u00e9s \u00e9ducatives et professionnelles qui s&#8217;offrent \u00e0 eux. Kouassi Jean-Fran\u00e7ois, commissaire g\u00e9n\u00e9ral d\u00e9l\u00e9gu\u00e9 du Salon, a soulign\u00e9 que l&#8217;objectif principal de cette \u00e9dition \u00e9tait d&#8217;accompagner les jeunes dans leurs choix d&#8217;orientation scolaire et professionnelle. <\/p>\n<p>Selon lui, l&#8217;accent a \u00e9t\u00e9 mis sur les m\u00e9tiers d&#8217;avenir et les domaines d&#8217;activit\u00e9 prometteurs, afin de fournir des conseils avis\u00e9s et des informations approfondies sur les diff\u00e9rentes fili\u00e8res de formation disponibles, tant en C\u00f4te d&#8217;Ivoire qu&#8217;\u00e0 l&#8217;\u00e9tranger.<\/p>\n<p>\u00ab Le salon a \u00e9galement mis l&#8217;accent sur les domaines d&#8217;activit\u00e9 plut\u00f4t que sur des m\u00e9tiers sp\u00e9cifiques, afin de r\u00e9duire le besoin de r\u00e9orientation future. Cette approche encourage les jeunes \u00e0 explorer une diversit\u00e9 de possibilit\u00e9s, en accord avec leurs comp\u00e9tences individuelles, et offre une flexibilit\u00e9 accrue dans leur parcours \u00e9ducatif et professionnel \u00bb, a-t-il ajout\u00e9. L&#8217;\u00e9v\u00e9nement r\u00e9unit une trentaine d&#8217;exposants locaux et d&#8217;institutions \u00e9ducatives renomm\u00e9es, offrant aux visiteurs la possibilit\u00e9 de rencontrer des conseillers en orientation, de passer des tests de personnalit\u00e9 et d&#8217;aptitudes, ainsi que de recevoir des conseils personnalis\u00e9s bas\u00e9s sur leurs r\u00e9sultats au baccalaur\u00e9at. Cette approche proactive vise \u00e0 fournir aux jeunes les outils n\u00e9cessaires pour prendre des d\u00e9cisions \u00e9clair\u00e9es et durables concernant leur avenir \u00e9ducatif et professionnel. Kouassi Jean-Fran\u00e7ois s&#8217;est f\u00e9licit\u00e9 de l&#8217;enthousiasme des jeunes pour les questions d&#8217;orientation scolaire et professionnelle. <\/p>\n<p> <strong>Beker Yao <\/strong><\/p>\n","protected":false},"excerpt":{"rendered":"<p>D\u00e9but\u00e9e \u00e0 Abidjan, la 13e \u00e9dition du Salon de l&#8217;Orientation a pos\u00e9 ses valises au Centre culturel municipal de Daloa du jeudi 18 au vendredi 19 juillet 2024, sous le th\u00e8me &#8220;Choisir juste et utile&#8221;. Cet \u00e9v\u00e9nement a attir\u00e9 une foule enthousiaste de nouveaux bacheliers, d&#8217;\u00e9tudiants et de parents d\u00e9sireux d&#8217;explorer les opportunit\u00e9s \u00e9ducatives et [&hellip;]<\/p>\n","protected":false},"author":3,"featured_media":34682,"comment_status":"closed","ping_status":"closed","sticky":false,"template":"","format":"standard","meta":{"_monsterinsights_skip_tracking":false,"_monsterinsights_sitenote_active":false,"_monsterinsights_sitenote_note":"","_monsterinsights_sitenote_category":0,"footnotes":""},"categories":[2,3],"tags":[3852,1648,2609,105,3851,3853],"class_list":["post-34681","post","type-post","status-publish","format-standard","has-post-thumbnail","hentry","category-featured","category-societe","tag-13e-edition","tag-avenir","tag-centre","tag-daloa","tag-metiers","tag-salon-de-lorientation"],"_links":{"self":[{"href":"https:\/\/www.lintelligentdabidjan.info\/news\/wp-json\/wp\/v2\/posts\/34681","targetHints":{"allow":["GET"]}}],"collection":[{"href":"https:\/\/www.lintelligentdabidjan.info\/news\/wp-json\/wp\/v2\/posts"}],"about":[{"href":"https:\/\/www.lintelligentdabidjan.info\/news\/wp-json\/wp\/v2\/types\/post"}],"author":[{"embeddable":true,"href":"https:\/\/www.lintelligentdabidjan.info\/news\/wp-json\/wp\/v2\/users\/3"}],"replies":[{"embeddable":true,"href":"https:\/\/www.lintelligentdabidjan.info\/news\/wp-json\/wp\/v2\/comments?post=34681"}],"version-history":[{"count":1,"href":"https:\/\/www.lintelligentdabidjan.info\/news\/wp-json\/wp\/v2\/posts\/34681\/revisions"}],"predecessor-version":[{"id":34683,"href":"https:\/\/www.lintelligentdabidjan.info\/news\/wp-json\/wp\/v2\/posts\/34681\/revisions\/34683"}],"wp:featuredmedia":[{"embeddable":true,"href":"https:\/\/www.lintelligentdabidjan.info\/news\/wp-json\/wp\/v2\/media\/34682"}],"wp:attachment":[{"href":"https:\/\/www.lintelligentdabidjan.info\/news\/wp-json\/wp\/v2\/media?parent=34681"}],"wp:term":[{"taxonomy":"category","embeddable":true,"href":"https:\/\/www.lintelligentdabidjan.info\/news\/wp-json\/wp\/v2\/categories?post=34681"},{"taxonomy":"post_tag","embeddable":true,"href":"https:\/\/www.lintelligentdabidjan.info\/news\/wp-json\/wp\/v2\/tags?post=34681"}],"curies":[{"name":"wp","href":"https:\/\/api.w.org\/{rel}","templated":true}]}}