{"id":34695,"date":"2024-07-23T03:11:12","date_gmt":"2024-07-23T01:11:12","guid":{"rendered":"https:\/\/www.lintelligentdabidjan.info\/news\/?p=34695"},"modified":"2024-07-23T03:11:56","modified_gmt":"2024-07-23T01:11:56","slug":"7eme-congres-de-la-fesaci-cg-les-syndicalistes-du-haut-sassandra-pour-le-respect-des-decisions-judiciaires","status":"publish","type":"post","link":"https:\/\/www.lintelligentdabidjan.info\/news\/7eme-congres-de-la-fesaci-cg-les-syndicalistes-du-haut-sassandra-pour-le-respect-des-decisions-judiciaires\/","title":{"rendered":"7\u00e8me congr\u00e8s de la Fesaci-CG &#8211;   Les syndicalistes du  Haut-Sassandra  pour le respect des d\u00e9cisions judiciaires"},"content":{"rendered":"<p><em><strong>Les membres de la F\u00e9d\u00e9ration des Syndicats Autonomes de C\u00f4te d\u2019Ivoire \u2013 Conf\u00e9d\u00e9ration G\u00e9n\u00e9rale (Fesaci-CG)  du  Haut-Sassandra   demandent le  respect des d\u00e9cisions judiciaires concernant le 7\u00e8me congr\u00e8s de cette f\u00e9d\u00e9ration. Ils l\u2019ont fait savoir le 19 juillet 2024 lors d\u2019une conf\u00e9rence de presse  par la voix de  Zakoua Dekadoh Marc, d\u00e9l\u00e9gu\u00e9 r\u00e9gional du Haut Sassandra.<\/strong><\/em><\/p>\n<p>La F\u00e9d\u00e9ration des Syndicats Autonomes de C\u00f4te d\u2019Ivoire \u2013 Conf\u00e9d\u00e9ration G\u00e9n\u00e9rale (Fesaci-CG) fait face \u00e0 une p\u00e9riode de turbulences internes en C\u00f4te d\u2019Ivoire. Le 10 juillet 2024, le tribunal a \u00e9mis l&#8217;ordonnance judiciaire n\u00b03542, reportant le 7\u00e8me congr\u00e8s de la Fesaci-CG, initialement pr\u00e9vu pour les 13 et 14 juillet 2024, aux 28 et 29 septembre 2024. Ce report a \u00e9t\u00e9 d\u00e9cid\u00e9 suite \u00e0 la d\u00e9couverte d\u2019une irr\u00e9gularit\u00e9 financi\u00e8re de 200 millions de francs CFA lors d&#8217;un audit command\u00e9 par le Secr\u00e9taire G\u00e9n\u00e9ral Conf\u00e9d\u00e9ral par int\u00e9rim, Kouam\u00e9 Kra F\u00e9lix, afin de garantir une transparence totale.<\/p>\n<p>Cependant,   , certains membres de la f\u00e9d\u00e9ration ont tent\u00e9 de contourner l&#8217;ordonnance en organisant une r\u00e9union pour \u00e9lire un nouveau Secr\u00e9taire G\u00e9n\u00e9ral Conf\u00e9d\u00e9ral, une initiative fermement condamn\u00e9e par la d\u00e9l\u00e9gation r\u00e9gionale du Haut-Sassandra.<\/p>\n<p><strong>\u00ab bic\u00e9phalisme inacceptable \u00bb<\/strong><\/p>\n<p>Face \u00e0 la presse,  Zakoua Dekadoh Marc, d\u00e9l\u00e9gu\u00e9 r\u00e9gional du Haut-Sassandra,   a d\u00e9nonc\u00e9 cette man\u0153uvre comme un \u201cbic\u00e9phalisme inacceptable\u201d et une violation flagrante des r\u00e8gles de la Fesaci-CG et des d\u00e9cisions judiciaires. <\/p>\n<p>Il a soulign\u00e9 que ce \u00ab rassemblement ill\u00e9gal \u00bb enfreignait les statuts de l&#8217;organisation et ignorait l&#8217;ordonnance du tribunal, qui avait pour but de clarifier la situation financi\u00e8re avant la tenue des \u00e9lections.<\/p>\n<p>Zakoua Dekadoh Marc a \u00e9galement critiqu\u00e9 le &#8220;pseudo-congr\u00e8s&#8221; organis\u00e9 en d\u00e9pit de la d\u00e9cision judiciaire, signalant l&#8217;absence de plusieurs d\u00e9l\u00e9gations r\u00e9gionales et la r\u00e9apparition inattendue du tr\u00e9sorier g\u00e9n\u00e9ral, qui \u00e9tait initialement port\u00e9 disparu.<\/p>\n<p>Face \u00e0 cette situation,  ils  appellent au respect des d\u00e9cisions judiciaires et demandent des sanctions contre les instigateurs de cette tentative de contournement. <\/p>\n<p>Ils insistent sur l&#8217;importance de suivre les proc\u00e9dures statutaires et de g\u00e9rer la crise avec rigueur et transparence.<\/p>\n<p>Les syndicats placent leur confiance en la justice ivoirienne pour r\u00e9tablir l\u2019ordre et garantir le respect des statuts de l\u2019organisation. <\/p>\n<p>Ils se pr\u00e9parent pour le congr\u00e8s report\u00e9 des 28 et 29 septembre 2024, esp\u00e9rant une r\u00e9solution favorable pour tous les membres.<\/p>\n<p><strong>Beker Yao <\/strong><\/p>\n","protected":false},"excerpt":{"rendered":"<p>Les membres de la F\u00e9d\u00e9ration des Syndicats Autonomes de C\u00f4te d\u2019Ivoire \u2013 Conf\u00e9d\u00e9ration G\u00e9n\u00e9rale (Fesaci-CG) du Haut-Sassandra demandent le respect des d\u00e9cisions judiciaires concernant le 7\u00e8me congr\u00e8s de cette f\u00e9d\u00e9ration. Ils l\u2019ont fait savoir le 19 juillet 2024 lors d\u2019une conf\u00e9rence de presse par la voix de Zakoua Dekadoh Marc, d\u00e9l\u00e9gu\u00e9 r\u00e9gional du Haut Sassandra. [&hellip;]<\/p>\n","protected":false},"author":3,"featured_media":34696,"comment_status":"closed","ping_status":"closed","sticky":false,"template":"","format":"standard","meta":{"footnotes":""},"categories":[2,3],"tags":[3855,3856,1972,3858,3857],"class_list":["post-34695","post","type-post","status-publish","format-standard","has-post-thumbnail","hentry","category-featured","category-societe","tag-7eme-congres","tag-fesaci-cg","tag-haut-sassandra","tag-judiciaires","tag-syndicalistes"],"_links":{"self":[{"href":"https:\/\/www.lintelligentdabidjan.info\/news\/wp-json\/wp\/v2\/posts\/34695","targetHints":{"allow":["GET"]}}],"collection":[{"href":"https:\/\/www.lintelligentdabidjan.info\/news\/wp-json\/wp\/v2\/posts"}],"about":[{"href":"https:\/\/www.lintelligentdabidjan.info\/news\/wp-json\/wp\/v2\/types\/post"}],"author":[{"embeddable":true,"href":"https:\/\/www.lintelligentdabidjan.info\/news\/wp-json\/wp\/v2\/users\/3"}],"replies":[{"embeddable":true,"href":"https:\/\/www.lintelligentdabidjan.info\/news\/wp-json\/wp\/v2\/comments?post=34695"}],"version-history":[{"count":1,"href":"https:\/\/www.lintelligentdabidjan.info\/news\/wp-json\/wp\/v2\/posts\/34695\/revisions"}],"predecessor-version":[{"id":34697,"href":"https:\/\/www.lintelligentdabidjan.info\/news\/wp-json\/wp\/v2\/posts\/34695\/revisions\/34697"}],"wp:featuredmedia":[{"embeddable":true,"href":"https:\/\/www.lintelligentdabidjan.info\/news\/wp-json\/wp\/v2\/media\/34696"}],"wp:attachment":[{"href":"https:\/\/www.lintelligentdabidjan.info\/news\/wp-json\/wp\/v2\/media?parent=34695"}],"wp:term":[{"taxonomy":"category","embeddable":true,"href":"https:\/\/www.lintelligentdabidjan.info\/news\/wp-json\/wp\/v2\/categories?post=34695"},{"taxonomy":"post_tag","embeddable":true,"href":"https:\/\/www.lintelligentdabidjan.info\/news\/wp-json\/wp\/v2\/tags?post=34695"}],"curies":[{"name":"wp","href":"https:\/\/api.w.org\/{rel}","templated":true}]}}