{"id":34738,"date":"2024-07-27T01:32:01","date_gmt":"2024-07-26T23:32:01","guid":{"rendered":"https:\/\/www.lintelligentdabidjan.info\/news\/?p=34738"},"modified":"2024-07-27T01:32:01","modified_gmt":"2024-07-26T23:32:01","slug":"14e-edition-de-la-semaine-nationale-du-civisme-dans-le-cavally-a-partir-du-29-juillet-voici-les-differentes-articulations","status":"publish","type":"post","link":"https:\/\/www.lintelligentdabidjan.info\/news\/14e-edition-de-la-semaine-nationale-du-civisme-dans-le-cavally-a-partir-du-29-juillet-voici-les-differentes-articulations\/","title":{"rendered":"14e \u00e9dition de la Semaine Nationale du Civisme dans le Cavally \u00e0 partir du 29 juillet-  Voici les diff\u00e9rentes articulations"},"content":{"rendered":"<p><em><strong>Les diff\u00e9rentes articulations de la 14e \u00e9dition de la Semaine Nationale du Civisme dans le Cavally, pr\u00e9vue du 29 juillet au 3 ao\u00fbt 2024, sont connues.<\/strong><\/em><\/p>\n<p>Apr\u00e8s la r\u00e9gion du Haut-Sassandra en 2023, la 14e \u00e9dition de la Semaine Nationale du Civisme se tiendra dans la r\u00e9gion du Cavally. Cette initiative du Minist\u00e8re de la Promotion de la Jeunesse, de l\u2019Insertion professionnelle et du Service Civique, par l\u2019interm\u00e9diaire de sa direction du civisme et de l&#8217;engagement citoyen, aura lieu du 29 juillet au 3 ao\u00fbt 2024 dans la r\u00e9gion du Cavally.<\/p>\n<p>L\u2019objectif g\u00e9n\u00e9ral de cette 14e \u00e9dition, plac\u00e9e sous le th\u00e8me \u00ab Vivons nos valeurs pour consolider la paix et la coh\u00e9sion sociale \u00bb, est de promouvoir les valeurs civiques et citoyennes afin de renforcer la paix et la coh\u00e9sion sociale dans la r\u00e9gion du Cavally, particuli\u00e8rement touch\u00e9e par les crises ivoiriennes.<\/p>\n<p>\u00ab En pr\u00e9lude \u00e0 la pr\u00e9sidentielle de 2025, il est bon de rappeler aux Ivoiriens l\u2019importance de pr\u00e9server la paix et de renforcer la coh\u00e9sion sociale \u00bb, a expliqu\u00e9 Georgette Kouassi, Directrice du civisme et de l\u2019engagement citoyen.<\/p>\n<p><strong>Des activit\u00e9s de formation et de sensibilisation pr\u00e9vues<\/strong><\/p>\n<p>Comme les \u00e9ditions pr\u00e9c\u00e9dentes, cette 14e \u00e9dition sera marqu\u00e9e par des activit\u00e9s de formation et de sensibilisation. En collaboration avec le minist\u00e8re des Transports, une campagne de sensibilisation sur la s\u00e9curit\u00e9 routi\u00e8re est pr\u00e9vue. De plus, en partenariat avec le minist\u00e8re de l&#8217;Hydraulique, de l&#8217;Assainissement et de la Salubrit\u00e9, qui organise la Semaine Nationale de la Propret\u00e9, une grande op\u00e9ration de salubrit\u00e9 se d\u00e9roulera dans la r\u00e9gion. Les habitants du Cavally recevront des r\u00e9compenses et des dons de mat\u00e9riel de salubrit\u00e9 \u00e0 l\u2019issue des festivit\u00e9s de la Semaine Nationale du Civisme 2024.<\/p>\n<p>Institu\u00e9e par le d\u00e9cret n\u00b098-386 du 30 juin 1998, la Semaine Nationale du Civisme vise \u00e0 sensibiliser la population aux valeurs civiques et morales ainsi qu\u2019aux conditions favorables \u00e0 leur mise en \u0153uvre.<\/p>\n<p><strong>Tour\u00e9 Abdoulaye<\/strong><\/p>\n","protected":false},"excerpt":{"rendered":"<p>Les diff\u00e9rentes articulations de la 14e \u00e9dition de la Semaine Nationale du Civisme dans le Cavally, pr\u00e9vue du 29 juillet au 3 ao\u00fbt 2024, sont connues. Apr\u00e8s la r\u00e9gion du Haut-Sassandra en 2023, la 14e \u00e9dition de la Semaine Nationale du Civisme se tiendra dans la r\u00e9gion du Cavally. Cette initiative du Minist\u00e8re de la [&hellip;]<\/p>\n","protected":false},"author":3,"featured_media":34739,"comment_status":"closed","ping_status":"closed","sticky":false,"template":"","format":"standard","meta":{"_monsterinsights_skip_tracking":false,"_monsterinsights_sitenote_active":false,"_monsterinsights_sitenote_note":"","_monsterinsights_sitenote_category":0,"footnotes":""},"categories":[2,3],"tags":[3884,2027,712,3885],"class_list":["post-34738","post","type-post","status-publish","format-standard","has-post-thumbnail","hentry","category-featured","category-societe","tag-14e-edition","tag-articulations","tag-cavally","tag-semaine-nationale-du-civisme"],"_links":{"self":[{"href":"https:\/\/www.lintelligentdabidjan.info\/news\/wp-json\/wp\/v2\/posts\/34738","targetHints":{"allow":["GET"]}}],"collection":[{"href":"https:\/\/www.lintelligentdabidjan.info\/news\/wp-json\/wp\/v2\/posts"}],"about":[{"href":"https:\/\/www.lintelligentdabidjan.info\/news\/wp-json\/wp\/v2\/types\/post"}],"author":[{"embeddable":true,"href":"https:\/\/www.lintelligentdabidjan.info\/news\/wp-json\/wp\/v2\/users\/3"}],"replies":[{"embeddable":true,"href":"https:\/\/www.lintelligentdabidjan.info\/news\/wp-json\/wp\/v2\/comments?post=34738"}],"version-history":[{"count":1,"href":"https:\/\/www.lintelligentdabidjan.info\/news\/wp-json\/wp\/v2\/posts\/34738\/revisions"}],"predecessor-version":[{"id":34740,"href":"https:\/\/www.lintelligentdabidjan.info\/news\/wp-json\/wp\/v2\/posts\/34738\/revisions\/34740"}],"wp:featuredmedia":[{"embeddable":true,"href":"https:\/\/www.lintelligentdabidjan.info\/news\/wp-json\/wp\/v2\/media\/34739"}],"wp:attachment":[{"href":"https:\/\/www.lintelligentdabidjan.info\/news\/wp-json\/wp\/v2\/media?parent=34738"}],"wp:term":[{"taxonomy":"category","embeddable":true,"href":"https:\/\/www.lintelligentdabidjan.info\/news\/wp-json\/wp\/v2\/categories?post=34738"},{"taxonomy":"post_tag","embeddable":true,"href":"https:\/\/www.lintelligentdabidjan.info\/news\/wp-json\/wp\/v2\/tags?post=34738"}],"curies":[{"name":"wp","href":"https:\/\/api.w.org\/{rel}","templated":true}]}}