{"id":34741,"date":"2024-07-29T07:17:05","date_gmt":"2024-07-29T05:17:05","guid":{"rendered":"https:\/\/www.lintelligentdabidjan.info\/news\/?p=34741"},"modified":"2024-07-29T07:17:05","modified_gmt":"2024-07-29T05:17:05","slug":"apres-la-liberation-des-emprises-le-25-juillet-2024-la-chefferie-dabidjan-adjame-village-appelle-a-la-reprise-des-negociations","status":"publish","type":"post","link":"https:\/\/www.lintelligentdabidjan.info\/news\/apres-la-liberation-des-emprises-le-25-juillet-2024-la-chefferie-dabidjan-adjame-village-appelle-a-la-reprise-des-negociations\/","title":{"rendered":"Apr\u00e8s la lib\u00e9ration des emprises le 25 juillet 2024-    La chefferie d\u2019Abidjan Adjam\u00e9 Village appelle \u00e0 la reprise des n\u00e9gociations"},"content":{"rendered":"<p><em><strong>\u00c0 Abidjan Adjam\u00e9  Village, quelle est la situation apr\u00e8s la lib\u00e9ration des emprises le jeudi 25 juillet 2024. <\/strong><\/em><\/p>\n<p>Le si\u00e8ge de la chefferie d\u2019Adjam\u00e9 village, dans la commune d\u2019Adjam\u00e9 sert de refuge \u00e0 certains habitants, depuis le lancement d\u2019une op\u00e9ration  de lib\u00e9ration des emprises, dans le cadre du projet de construction du 4\u00e8me pont d\u2019Abidjan.<\/p>\n<p>Ce qui saute aux yeux \u00e0 Adjam\u00e9 village, c\u2019est le calme qui r\u00e8gne et la pr\u00e9sence d\u2019un important d\u00e9tachement de la police nationale.  Les populations s\u2019en remettent \u00e0 Dieu. <\/p>\n<p>\u00ab Nous vivons un d\u00e9sastre humain d\u00fb \u00e0 des  incompr\u00e9hensions. Nous sommes dans un village et quand on veut mener un projet, il faut prendre langue avec les populations concern\u00e9es.  Pour ce que nous savons, c\u2019est que cette voie ne devait pas passer par Adjam\u00e9 village, ni par l\u2019avenue Reboul. C\u2019est pourquoi nous demandons le respect du trac\u00e9 initial. Nous avons \u00e9chang\u00e9 avec les \u00e9missaires du Premier ministre Robert Beugr\u00e9 Mamb\u00e9 au cours du mois de mai 2024. Au niveau de la chefferie, nous avons mis en place une commission de 10 membres pour conduire les n\u00e9gociations en 13 points. C\u2019est dans l\u2019attente de la validation de ces points par le Premier ministre que, le jeudi 25 juillet 2024, des individus arm\u00e9s de machettes, de gourdins, avec des sacs remplis de pierres ont attaqu\u00e9 nos parents \u00bb, a confi\u00e9 le secr\u00e9taire g\u00e9n\u00e9ral de la chefferie d\u2019Adjam\u00e9 village, Mobio Kossokr\u00e9 Prosper.<br \/>\nSelon lui, plusieurs distances qui devaient faire l\u2019objet de lib\u00e9ration, ont \u00e9t\u00e9 annonc\u00e9es sur le trac\u00e9 . \u00ab D\u2019abord on a parl\u00e9 de 30 m\u00e8tres, puis 25, puis 15, puis 13 m\u00e8tres. Nous implorons Dieu, afin qu\u2019il touche le c\u0153ur du Pr\u00e9sident de la R\u00e9publique et du Premier ministre. Nous voulons toujours \u00eatre ensemble. On ne parle de village que d\u00e8s lors que tout le monde vit ensemble. Il faut que le Pr\u00e9sident de la R\u00e9publique et le Premier ministre fassent en sorte que le village existe. Il faut qu\u2019ils soient regardants sur cette question, c\u2019est pourquoi nous demandons de revenir \u00e0 la table de n\u00e9gociation, afin de trouver une solution pour le cas sp\u00e9cifique d\u2019Adjam\u00e9 village. C\u2019est un village. C\u2019est Adjam\u00e9 village qui a donn\u00e9 naissance \u00e0 la commune d\u2019Adjam\u00e9 et \u00e0 la ville d\u2019Abidjan. Il faut qu\u2019on trouve une solution pour les enfants qui dorment dans les gravats, les femmes qui se lavent dehors. Il faut mettre fin aux d\u00e9molitions pour aller \u00e0 la n\u00e9gociation \u00bb, a ajout\u00e9 Mobio Kossokr\u00e9. Il a insist\u00e9 sur le fait que le chef du village, Nandjui Boua Ch\u00e9rubin, n\u2019a pas re\u00e7u 5 FCFA pour une quelconque indemnisation. \u00ab Ce sont des all\u00e9gations, une malice pour induire le peuple en erreur et faire croire que nous sommes de mauvaise foi \u00bb, d\u00e9nonce-t-il. <\/p>\n<p><strong>Des d\u00e9molitions au-del\u00e0 de ce qui \u00e9tait pr\u00e9vu <\/strong><\/p>\n<p>La deuxi\u00e8me phase de ce projet doit partir de la mairie, passer par l\u2019avenue Reboul pour atteindre la caserne des sapeurs-pompiers de l\u2019Ind\u00e9ni\u00e9. Dans leurs t\u00e9moignages, des personnes impact\u00e9es indiquent que les d\u00e9molitions effectu\u00e9es le 25 juillet 2024, ont d\u00e9pass\u00e9 les limites pr\u00e9vues. \u00ab Je suis n\u00e9e \u00e0 Adjam\u00e9 village, j\u2019ai tout fait ici. La question que je me pose c\u2019est est-ce qu\u2019un pont passe au milieu d\u2019un village ? C\u2019est vrai que nous sommes en ville, mais nous formons un village, nous avons nos traditions. M\u00eame si un pont doit passer dans le village, il faudrait que cela se fasse avec l\u2019accord des villageois. Pendant que les gens sont en pourparlers, on d\u00e9cide de tout casser et on va m\u00eame jusqu\u2019\u00e0 d\u00e9passer les limites qui \u00e9taient pr\u00e9vues.  Je suis choqu\u00e9e  et en col\u00e8re, parce que nous sommes impuissants. Mais, on a un Dieu \u00e0 qui on regarde \u00bb, a dit Lucette Koutouan . Assise \u00e0 c\u00f4t\u00e9, une autre native du village regrette la destruction de l\u2019h\u00e9ritage culturel Atchan : \u00ab On parle de milliards sur un compte-s\u00e9questre, cela veut dire que rien n\u2019a \u00e9t\u00e9 donn\u00e9 au chef. Il faut qu\u2019on soit s\u00e9rieux. Moi, je suis la petite-fille de Nandjui Abrogoua. La maison de mon grand-p\u00e8re a \u00e9t\u00e9 d\u00e9truite par deux caterpillars. Cette maison, c\u2019est toute une histoire. Tout est parti comme \u00e7a \u00bb.<\/p>\n<p><strong>Olivier Dion <\/strong><\/p>\n","protected":false},"excerpt":{"rendered":"<p>\u00c0 Abidjan Adjam\u00e9 Village, quelle est la situation apr\u00e8s la lib\u00e9ration des emprises le jeudi 25 juillet 2024. Le si\u00e8ge de la chefferie d\u2019Adjam\u00e9 village, dans la commune d\u2019Adjam\u00e9 sert de refuge \u00e0 certains habitants, depuis le lancement d\u2019une op\u00e9ration de lib\u00e9ration des emprises, dans le cadre du projet de construction du 4\u00e8me pont d\u2019Abidjan. [&hellip;]<\/p>\n","protected":false},"author":3,"featured_media":34742,"comment_status":"closed","ping_status":"closed","sticky":false,"template":"","format":"standard","meta":{"_monsterinsights_skip_tracking":false,"_monsterinsights_sitenote_active":false,"_monsterinsights_sitenote_note":"","_monsterinsights_sitenote_category":0,"footnotes":""},"categories":[2,3],"tags":[3888,3887,3886,1662,3889],"class_list":["post-34741","post","type-post","status-publish","format-standard","has-post-thumbnail","hentry","category-featured","category-societe","tag-adjame-village","tag-chefferie-dabidjan","tag-emprises","tag-liberation","tag-negociations"],"_links":{"self":[{"href":"https:\/\/www.lintelligentdabidjan.info\/news\/wp-json\/wp\/v2\/posts\/34741","targetHints":{"allow":["GET"]}}],"collection":[{"href":"https:\/\/www.lintelligentdabidjan.info\/news\/wp-json\/wp\/v2\/posts"}],"about":[{"href":"https:\/\/www.lintelligentdabidjan.info\/news\/wp-json\/wp\/v2\/types\/post"}],"author":[{"embeddable":true,"href":"https:\/\/www.lintelligentdabidjan.info\/news\/wp-json\/wp\/v2\/users\/3"}],"replies":[{"embeddable":true,"href":"https:\/\/www.lintelligentdabidjan.info\/news\/wp-json\/wp\/v2\/comments?post=34741"}],"version-history":[{"count":1,"href":"https:\/\/www.lintelligentdabidjan.info\/news\/wp-json\/wp\/v2\/posts\/34741\/revisions"}],"predecessor-version":[{"id":34743,"href":"https:\/\/www.lintelligentdabidjan.info\/news\/wp-json\/wp\/v2\/posts\/34741\/revisions\/34743"}],"wp:featuredmedia":[{"embeddable":true,"href":"https:\/\/www.lintelligentdabidjan.info\/news\/wp-json\/wp\/v2\/media\/34742"}],"wp:attachment":[{"href":"https:\/\/www.lintelligentdabidjan.info\/news\/wp-json\/wp\/v2\/media?parent=34741"}],"wp:term":[{"taxonomy":"category","embeddable":true,"href":"https:\/\/www.lintelligentdabidjan.info\/news\/wp-json\/wp\/v2\/categories?post=34741"},{"taxonomy":"post_tag","embeddable":true,"href":"https:\/\/www.lintelligentdabidjan.info\/news\/wp-json\/wp\/v2\/tags?post=34741"}],"curies":[{"name":"wp","href":"https:\/\/api.w.org\/{rel}","templated":true}]}}