{"id":34750,"date":"2024-07-30T02:43:35","date_gmt":"2024-07-30T00:43:35","guid":{"rendered":"https:\/\/www.lintelligentdabidjan.info\/news\/?p=34750"},"modified":"2024-07-30T02:43:42","modified_gmt":"2024-07-30T00:43:42","slug":"14eme-edition-de-la-semaine-nationale-du-civisme-dans-le-cavally-les-activites-ont-demarre-hier-a-guiglo","status":"publish","type":"post","link":"https:\/\/www.lintelligentdabidjan.info\/news\/14eme-edition-de-la-semaine-nationale-du-civisme-dans-le-cavally-les-activites-ont-demarre-hier-a-guiglo\/","title":{"rendered":"14\u00e8me \u00e9dition de la semaine nationale du Civisme dans le Cavally-  Les activit\u00e9s ont d\u00e9marr\u00e9 hier \u00e0 Guiglo"},"content":{"rendered":"<p><em><strong>Les activit\u00e9s de la 14\u00e8me \u00e9dition de la Semaine nationale du Civisme  ont d\u00e9marr\u00e9 le lundi 29 juillet 2024 \u00e0 Guiglo dans le  Cavally, la r\u00e9gion qui abrite cette \u00e9dition.<\/strong><\/em><\/p>\n<p>Les activit\u00e9s marquant la 14e \u00e9dition de la Semaine Nationale du Civisme, initi\u00e9e par le Minist\u00e8re de la Promotion de la Jeunesse, de l\u2019Insertion Professionnelle et du Service Civique \u00e0 travers sa Direction du Civisme et de l\u2019Engagement Citoyen, ont d\u00e9but\u00e9 le lundi 29 juillet 2024 par une c\u00e9r\u00e9monie d\u2019honneur \u00e0 l\u2019embl\u00e8me national \u00e0 la pr\u00e9fecture de Guiglo.<\/p>\n<p>Pr\u00e9sid\u00e9e par Dongo Kobenan, pr\u00e9fet de la r\u00e9gion du Cavally et pr\u00e9fet du d\u00e9partement de Guiglo, cette c\u00e9r\u00e9monie a r\u00e9uni le corps pr\u00e9fectoral, les forces de d\u00e9fense et de s\u00e9curit\u00e9, les chefs traditionnels, ainsi que les fonctionnaires locaux.<\/p>\n<p>Pour cette \u00e9dition, le th\u00e8me \u00ab Vivons nos valeurs pour consolider la paix et la coh\u00e9sion sociale \u00bb vise \u00e0 promouvoir les valeurs civiques et citoyennes afin de renforcer la paix et la coh\u00e9sion sociale dans la r\u00e9gion du Cavally, qui a souffert durant les crises ivoiriennes.<\/p>\n<p>\u00c0 cette occasion, Mme Bouanh Georgette Kouassi, Directrice du Civisme et de l\u2019Engagement Citoyen, a pr\u00e9sent\u00e9 le programme de la Semaine Nationale du Civisme avant de remettre symboliquement le portrait du Pr\u00e9sident et un drapeau au Pr\u00e9fet ainsi qu\u2019au Commandant de la Gendarmerie de la r\u00e9gion du Cavally.<\/p>\n<p>Le Pr\u00e9fet Dongo Kobenan a salu\u00e9 cette initiative du Minist\u00e8re. Apr\u00e8s avoir d\u00e9nonc\u00e9 les nombreux cas d\u2019incivisme dans sa localit\u00e9, il a exhort\u00e9 les populations de la r\u00e9gion du Cavally \u00e0 se mobiliser massivement pour participer aux diff\u00e9rentes activit\u00e9s pr\u00e9vues dans le programme de la Semaine Nationale du Civisme. Il est \u00e0 noter que les activit\u00e9s se d\u00e9rouleront \u00e9galement dans les autres d\u00e9partements du Cavally, notamment \u00e0 Touleupleu, Ta\u00ef, et Blolequin.<\/p>\n<p><strong>Tour\u00e9 Abdoulaye<\/strong><\/p>\n","protected":false},"excerpt":{"rendered":"<p>Les activit\u00e9s de la 14\u00e8me \u00e9dition de la Semaine nationale du Civisme ont d\u00e9marr\u00e9 le lundi 29 juillet 2024 \u00e0 Guiglo dans le Cavally, la r\u00e9gion qui abrite cette \u00e9dition. Les activit\u00e9s marquant la 14e \u00e9dition de la Semaine Nationale du Civisme, initi\u00e9e par le Minist\u00e8re de la Promotion de la Jeunesse, de l\u2019Insertion Professionnelle [&hellip;]<\/p>\n","protected":false},"author":3,"featured_media":34751,"comment_status":"closed","ping_status":"closed","sticky":false,"template":"","format":"standard","meta":{"_monsterinsights_skip_tracking":false,"_monsterinsights_sitenote_active":false,"_monsterinsights_sitenote_note":"","_monsterinsights_sitenote_category":0,"footnotes":""},"categories":[2,3],"tags":[1171,3890,712,674,3885],"class_list":["post-34750","post","type-post","status-publish","format-standard","has-post-thumbnail","hentry","category-featured","category-societe","tag-activites","tag-14eme-edition","tag-cavally","tag-guiglo","tag-semaine-nationale-du-civisme"],"_links":{"self":[{"href":"https:\/\/www.lintelligentdabidjan.info\/news\/wp-json\/wp\/v2\/posts\/34750","targetHints":{"allow":["GET"]}}],"collection":[{"href":"https:\/\/www.lintelligentdabidjan.info\/news\/wp-json\/wp\/v2\/posts"}],"about":[{"href":"https:\/\/www.lintelligentdabidjan.info\/news\/wp-json\/wp\/v2\/types\/post"}],"author":[{"embeddable":true,"href":"https:\/\/www.lintelligentdabidjan.info\/news\/wp-json\/wp\/v2\/users\/3"}],"replies":[{"embeddable":true,"href":"https:\/\/www.lintelligentdabidjan.info\/news\/wp-json\/wp\/v2\/comments?post=34750"}],"version-history":[{"count":1,"href":"https:\/\/www.lintelligentdabidjan.info\/news\/wp-json\/wp\/v2\/posts\/34750\/revisions"}],"predecessor-version":[{"id":34752,"href":"https:\/\/www.lintelligentdabidjan.info\/news\/wp-json\/wp\/v2\/posts\/34750\/revisions\/34752"}],"wp:featuredmedia":[{"embeddable":true,"href":"https:\/\/www.lintelligentdabidjan.info\/news\/wp-json\/wp\/v2\/media\/34751"}],"wp:attachment":[{"href":"https:\/\/www.lintelligentdabidjan.info\/news\/wp-json\/wp\/v2\/media?parent=34750"}],"wp:term":[{"taxonomy":"category","embeddable":true,"href":"https:\/\/www.lintelligentdabidjan.info\/news\/wp-json\/wp\/v2\/categories?post=34750"},{"taxonomy":"post_tag","embeddable":true,"href":"https:\/\/www.lintelligentdabidjan.info\/news\/wp-json\/wp\/v2\/tags?post=34750"}],"curies":[{"name":"wp","href":"https:\/\/api.w.org\/{rel}","templated":true}]}}