{"id":34753,"date":"2024-07-30T02:46:04","date_gmt":"2024-07-30T00:46:04","guid":{"rendered":"https:\/\/www.lintelligentdabidjan.info\/news\/?p=34753"},"modified":"2024-07-30T02:46:04","modified_gmt":"2024-07-30T00:46:04","slug":"semaine-nationale-du-civisme-a-tai-le-prefet-de-mamadou-bakayoko-exhorte-a-des-actions-de-citoyennete","status":"publish","type":"post","link":"https:\/\/www.lintelligentdabidjan.info\/news\/semaine-nationale-du-civisme-a-tai-le-prefet-de-mamadou-bakayoko-exhorte-a-des-actions-de-citoyennete\/","title":{"rendered":"Semaine Nationale du Civisme  \u00e0  Ta\u00ef- Le Pr\u00e9fet de Mamadou Bakayoko, exhorte \u00e0 des actions de citoyennet\u00e9"},"content":{"rendered":"<p><em><strong>Le premier responsable  du d\u00e9partement de Ta\u00ef, le pr\u00e9fet hors grade Mamadou Bakayoko, a proc\u00e9d\u00e9 ce lundi 29 juillet 2024 au lancement de la Semaine nationale du Civisme. Lors de cette c\u00e9r\u00e9monie, il a exhort\u00e9 ses administr\u00e9s au respect des valeurs r\u00e9publicaines. C\u2019\u00e9tait en pr\u00e9sence des directeurs, chefs de service, autorit\u00e9s administratives, guides religieux et chefs coutumiers de Ta\u00ef, qu&#8217;il a \u00e9galement invit\u00e9s \u00e0 s&#8217;impliquer davantage pour la r\u00e9ussite de ces journ\u00e9es, qui se d\u00e9rouleront du lundi 29 juillet au samedi 3 ao\u00fbt 2024.<\/strong><\/em><\/p>\n<p>Il a aussi appel\u00e9 toutes les forces vives de Ta\u00ef \u00e0 se mobiliser pour le 64e anniversaire de l\u2019ind\u00e9pendance de la C\u00f4te d&#8217;Ivoire, qui aura lieu le mercredi 7 ao\u00fbt 2024. En faisant le tour des diff\u00e9rents aspects du d\u00e9partement, le pr\u00e9fet Mamadou Bakayoko a salu\u00e9 la qualit\u00e9 du travail de ses administr\u00e9s, malgr\u00e9 les difficult\u00e9s rencontr\u00e9es en mati\u00e8re d&#8217;acc\u00e8s routier \u00e0 d&#8217;autres localit\u00e9s du d\u00e9partement.<\/p>\n<p><strong>Konhon Dominique<\/strong><\/p>\n","protected":false},"excerpt":{"rendered":"<p>Le premier responsable du d\u00e9partement de Ta\u00ef, le pr\u00e9fet hors grade Mamadou Bakayoko, a proc\u00e9d\u00e9 ce lundi 29 juillet 2024 au lancement de la Semaine nationale du Civisme. Lors de cette c\u00e9r\u00e9monie, il a exhort\u00e9 ses administr\u00e9s au respect des valeurs r\u00e9publicaines. C\u2019\u00e9tait en pr\u00e9sence des directeurs, chefs de service, autorit\u00e9s administratives, guides religieux et [&hellip;]<\/p>\n","protected":false},"author":3,"featured_media":34754,"comment_status":"closed","ping_status":"closed","sticky":false,"template":"","format":"standard","meta":{"_monsterinsights_skip_tracking":false,"_monsterinsights_sitenote_active":false,"_monsterinsights_sitenote_note":"","_monsterinsights_sitenote_category":0,"footnotes":""},"categories":[2,3],"tags":[2207,3893,2152,3892,541,3885,3891],"class_list":["post-34753","post","type-post","status-publish","format-standard","has-post-thumbnail","hentry","category-featured","category-societe","tag-actions","tag-citoyennete","tag-exhorte","tag-mamadou-bakayoko","tag-prefet","tag-semaine-nationale-du-civisme","tag-tai"],"_links":{"self":[{"href":"https:\/\/www.lintelligentdabidjan.info\/news\/wp-json\/wp\/v2\/posts\/34753","targetHints":{"allow":["GET"]}}],"collection":[{"href":"https:\/\/www.lintelligentdabidjan.info\/news\/wp-json\/wp\/v2\/posts"}],"about":[{"href":"https:\/\/www.lintelligentdabidjan.info\/news\/wp-json\/wp\/v2\/types\/post"}],"author":[{"embeddable":true,"href":"https:\/\/www.lintelligentdabidjan.info\/news\/wp-json\/wp\/v2\/users\/3"}],"replies":[{"embeddable":true,"href":"https:\/\/www.lintelligentdabidjan.info\/news\/wp-json\/wp\/v2\/comments?post=34753"}],"version-history":[{"count":1,"href":"https:\/\/www.lintelligentdabidjan.info\/news\/wp-json\/wp\/v2\/posts\/34753\/revisions"}],"predecessor-version":[{"id":34755,"href":"https:\/\/www.lintelligentdabidjan.info\/news\/wp-json\/wp\/v2\/posts\/34753\/revisions\/34755"}],"wp:featuredmedia":[{"embeddable":true,"href":"https:\/\/www.lintelligentdabidjan.info\/news\/wp-json\/wp\/v2\/media\/34754"}],"wp:attachment":[{"href":"https:\/\/www.lintelligentdabidjan.info\/news\/wp-json\/wp\/v2\/media?parent=34753"}],"wp:term":[{"taxonomy":"category","embeddable":true,"href":"https:\/\/www.lintelligentdabidjan.info\/news\/wp-json\/wp\/v2\/categories?post=34753"},{"taxonomy":"post_tag","embeddable":true,"href":"https:\/\/www.lintelligentdabidjan.info\/news\/wp-json\/wp\/v2\/tags?post=34753"}],"curies":[{"name":"wp","href":"https:\/\/api.w.org\/{rel}","templated":true}]}}