{"id":34762,"date":"2024-07-31T02:16:57","date_gmt":"2024-07-31T00:16:57","guid":{"rendered":"https:\/\/www.lintelligentdabidjan.info\/news\/?p=34762"},"modified":"2024-07-31T02:17:22","modified_gmt":"2024-07-31T00:17:22","slug":"lintelligent-en-pdf-leconomie-circulaire-et-la-technologie-au-service-du-desordre-urbain-pour-des-villes-durables-en-afrique-comment-ecocir-2024-a-abidjan-a-ete-lance","status":"publish","type":"post","link":"https:\/\/www.lintelligentdabidjan.info\/news\/lintelligent-en-pdf-leconomie-circulaire-et-la-technologie-au-service-du-desordre-urbain-pour-des-villes-durables-en-afrique-comment-ecocir-2024-a-abidjan-a-ete-lance\/","title":{"rendered":"L&#8217;Intelligent en PDF:    L&#8217;\u00e9conomie circulaire et la technologie au service du d\u00e9sordre urbain pour des villes durables en Afrique  Comment ECOCIR 2024 \u00e0 Abidjan a \u00e9t\u00e9 lanc\u00e9"},"content":{"rendered":"<p><strong>L\u2019\u00e9dition 2024 du forum international de l\u2019\u00e9conomie circulaire a \u00e9t\u00e9 lanc\u00e9e le mardi 30 juillet 2024 \u00e0 l\u2019h\u00f4tel du District d\u2019Abidjan. Cette ann\u00e9e, les organisateurs entendent mettre l\u2019\u00e9conomie circulaire et les technologies au service des villes durables et de la lutte contre le d\u00e9sordre urbain dans la droite ligne de la mission assign\u00e9e au ministre,gouverneur du District autonome d\u2019Abidjan, qui \u00e9tait repr\u00e9sent\u00e9 par Danho Paulin. Comment ECOCIR 2024 \u00e0 Abidjan a \u00e9t\u00e9 lanc\u00e9? <\/strong><\/p>\n<p>Article \u00e0 d\u00e9couvrir dans vos kiosques et en ligne sur<\/p>\n<p><a href=\"https:\/\/news.abidjan.net\/titrologie\/39-lintelligent-dabidjan\/articles\" target=\"_blank\">https:\/\/news.abidjan.net\/titrologie\/39-lintelligent-dabidjan\/articles<\/a><\/p>\n<p>\u00c0 lire aussi ce que Beugr\u00e9 Mamb\u00e9 a dit lors de la Journ\u00e9e nationale de l&#8217;arbre \u00e9dition 2024, la d\u00e9dicace du roman \u2018\u2019Robert, Catapila et l\u2019orpailleuse\u2019\u2019 de Venance Konan, l&#8217;annonce d&#8217;une candidature de l&#8217;\u00c9gypte aux Jeux olympiques en Afrique par le pr\u00e9sident de l&#8217;Acnoa , \u00e9chos de TradimoVacances<\/p>\n<p>2024 \u00e0 Korhogo, Ma lettre des JO Paris .<\/p>\n<p>Cliquez pour les d\u00e9tails<\/p>\n<p><a href=\"https:\/\/www.pressecotedivoire.ci\/titrologie\" target=\"_blank\">https:\/\/www.pressecotedivoire.ci\/titrologie<\/a><\/p>\n<p>\u00c0 voir \u00e9galement Lu pour vous sur &#8220;MURMURES&#8221; DE SUZEL GRIE-HAZOUME || OU L\u2019AFRIQUE DANS SA DIMENSION SURNATURELLE et la projection du film &#8220;Kahonan&#8221; \u00e0 Bouak\u00e9.<\/p>\n<p><a href=\"https:\/\/news.lia.ci\/\" target=\"_blank\">https:\/\/news.lia.ci\/<\/a><\/p>\n","protected":false},"excerpt":{"rendered":"<p>L\u2019\u00e9dition 2024 du forum international de l\u2019\u00e9conomie circulaire a \u00e9t\u00e9 lanc\u00e9e le mardi 30 juillet 2024 \u00e0 l\u2019h\u00f4tel du District d\u2019Abidjan. Cette ann\u00e9e, les organisateurs entendent mettre l\u2019\u00e9conomie circulaire et les technologies au service des villes durables et de la lutte contre le d\u00e9sordre urbain dans la droite ligne de la mission assign\u00e9e au ministre,gouverneur [&hellip;]<\/p>\n","protected":false},"author":3,"featured_media":34763,"comment_status":"closed","ping_status":"closed","sticky":false,"template":"","format":"standard","meta":{"_monsterinsights_skip_tracking":false,"_monsterinsights_sitenote_active":false,"_monsterinsights_sitenote_note":"","_monsterinsights_sitenote_category":0,"footnotes":""},"categories":[2,3],"tags":[],"class_list":["post-34762","post","type-post","status-publish","format-standard","has-post-thumbnail","hentry","category-featured","category-societe"],"_links":{"self":[{"href":"https:\/\/www.lintelligentdabidjan.info\/news\/wp-json\/wp\/v2\/posts\/34762","targetHints":{"allow":["GET"]}}],"collection":[{"href":"https:\/\/www.lintelligentdabidjan.info\/news\/wp-json\/wp\/v2\/posts"}],"about":[{"href":"https:\/\/www.lintelligentdabidjan.info\/news\/wp-json\/wp\/v2\/types\/post"}],"author":[{"embeddable":true,"href":"https:\/\/www.lintelligentdabidjan.info\/news\/wp-json\/wp\/v2\/users\/3"}],"replies":[{"embeddable":true,"href":"https:\/\/www.lintelligentdabidjan.info\/news\/wp-json\/wp\/v2\/comments?post=34762"}],"version-history":[{"count":1,"href":"https:\/\/www.lintelligentdabidjan.info\/news\/wp-json\/wp\/v2\/posts\/34762\/revisions"}],"predecessor-version":[{"id":34764,"href":"https:\/\/www.lintelligentdabidjan.info\/news\/wp-json\/wp\/v2\/posts\/34762\/revisions\/34764"}],"wp:featuredmedia":[{"embeddable":true,"href":"https:\/\/www.lintelligentdabidjan.info\/news\/wp-json\/wp\/v2\/media\/34763"}],"wp:attachment":[{"href":"https:\/\/www.lintelligentdabidjan.info\/news\/wp-json\/wp\/v2\/media?parent=34762"}],"wp:term":[{"taxonomy":"category","embeddable":true,"href":"https:\/\/www.lintelligentdabidjan.info\/news\/wp-json\/wp\/v2\/categories?post=34762"},{"taxonomy":"post_tag","embeddable":true,"href":"https:\/\/www.lintelligentdabidjan.info\/news\/wp-json\/wp\/v2\/tags?post=34762"}],"curies":[{"name":"wp","href":"https:\/\/api.w.org\/{rel}","templated":true}]}}