{"id":34766,"date":"2024-08-01T02:20:33","date_gmt":"2024-08-01T00:20:33","guid":{"rendered":"https:\/\/www.lintelligentdabidjan.info\/news\/?p=34766"},"modified":"2024-08-01T22:35:10","modified_gmt":"2024-08-01T20:35:10","slug":"journee-de-nutrition-2024-a-daloa-8-des-enfants-souffrent-de-malnutrition-aigues","status":"publish","type":"post","link":"https:\/\/www.lintelligentdabidjan.info\/news\/journee-de-nutrition-2024-a-daloa-8-des-enfants-souffrent-de-malnutrition-aigues\/","title":{"rendered":"Journ\u00e9e de Nutrition 2024 \u00e0 Daloa-  8% des enfants souffrent de malnutrition aigu\u00ebs"},"content":{"rendered":"<p><strong>\u00c0 l&#8217;occasion de l&#8217;ouverture de la troisi\u00e8me \u00e9dition des Journ\u00e9es de Nutrition 2024 \u00e0 Daloa, N&#8217;dri Faustin, coordinateur de la Plateforme nationale multisectorielle d&#8217;information pour la nutrition, a pr\u00e9sent\u00e9 les donn\u00e9es r\u00e9centes sur l&#8217;\u00e9tat nutritionnel en C\u00f4te d&#8217;Ivoire. Il a r\u00e9v\u00e9l\u00e9 que la C\u00f4te d\u2019Ivoire  fait face \u00e0 un triple fardeau de la malnutrition.  *Selon les statistiques les plus r\u00e9centes, 8% des enfants souffrent de malnutrition aigu\u00ebs et 60% des femmes souffrent d&#8217;an\u00e9mies.*<\/strong> <\/p>\n<p>En r\u00e9ponse \u00e0 cette crise nutritionnelle, le gouvernement ivoirien a lanc\u00e9 un Plan national multisectoriel de nutrition 2025-2027, avec un budget de 204 milliards de FCFA. Ce plan vise \u00e0 lutter contre les trois formes de malnutrition identifi\u00e9es et \u00e0 am\u00e9liorer la situation nutritionnelle \u00e0 travers tout le pays.  N&#8217;dri Faustin a soulign\u00e9 que la nutrition est un enjeu crucial pour le d\u00e9veloppement du capital humain, comme l&#8217;a \u00e9galement affirm\u00e9 le Pr\u00e9sident de la R\u00e9publique. Il a exprim\u00e9 la gratitude du Se-Connape envers l\u2019Universit\u00e9 de Daloa pour sa participation \u00e0 cette activit\u00e9 essentielle, tout en r\u00e9it\u00e9rant l&#8217;engagement du Se-Connape \u00e0 soutenir l&#8217;universit\u00e9 dans ses initiatives.  Dr Faustin a \u00e9galement soulign\u00e9 l&#8217;importance de disposer de donn\u00e9es fiables pour orienter les d\u00e9cisions en mati\u00e8re de nutrition, pr\u00e9cisant que les recherches universitaires sont fondamentales pour la formulation de politiques nutritionnelles efficaces.<\/p>\n<p><strong>Modifier les habitudes alimentaires et  promouvoir des pratiques plus saines <\/strong><\/p>\n<p>Pour sa part, Dr Niaba Koffi Pierre Val\u00e9rie, enseignant-chercheur en nutrition \u00e0 l\u2019UJLoG et responsable du groupe de recherche interdisciplinaire en nutrition alimentaire et sant\u00e9, a rappel\u00e9 l&#8217;urgence de la question nutritionnelle, particuli\u00e8rement pour les femmes enceintes, les femmes allaitantes et les enfants, qui sont particuli\u00e8rement vuln\u00e9rables aux carences en fer, iode et vitamines. Il a expliqu\u00e9 que ces d\u00e9ficits peuvent avoir des cons\u00e9quences graves sur la sant\u00e9 publique, soulignant la n\u00e9cessit\u00e9 d&#8217;une \u00e9ducation nutritionnelle efficace. \u00ab Le manque de sensibilisation en nutrition est une cause majeure des carences alimentaires. Pour y rem\u00e9dier, il est essentiel d&#8217;informer la population sur la s\u00e9lection et la consommation \u00e9quilibr\u00e9e d&#8217;aliments riches en micronutriments. Les Journ\u00e9es de Nutrition visent \u00e0 modifier les habitudes alimentaires et \u00e0 promouvoir des pratiques plus saines \u00bb, a-t-il pr\u00e9cis\u00e9. Au nom de l&#8217;universit\u00e9, Dr Kouassi Cl\u00e9ment, vice-directeur de l&#8217;UFR Agroforesterie de l\u2019Universit\u00e9, a soulign\u00e9 que leur institution, reconnue pour son orientation scientifique, doit \u00eatre proche de la communaut\u00e9. C&#8217;est pourquoi l&#8217;\u00e9v\u00e9nement a \u00e9t\u00e9 d\u00e9localis\u00e9 cette ann\u00e9e pour se rapprocher des habitants plut\u00f4t que de rester exclusivement \u00e0 l&#8217;universit\u00e9.<\/p>\n<p><strong>Les habitudes alimentaires<\/strong><\/p>\n<p>\u00ab Les Journ\u00e9es de Nutrition ont pour objectif de sensibiliser la population de Daloa aux enjeux d&#8217;une alimentation \u00e9quilibr\u00e9e et de fournir des services de d\u00e9pistage gratuits. Cela permet de d\u00e9tecter des maladies chroniques li\u00e9es \u00e0 l&#8217;alimentation et d&#8217;offrir des conseils pour am\u00e9liorer la gestion de la sant\u00e9. Les d\u00e9pistages ont r\u00e9v\u00e9l\u00e9 des cas de sous-poids, de diab\u00e8te et d&#8217;hypertension, permettant aux personnes concern\u00e9es de b\u00e9n\u00e9ficier d&#8217;un suivi appropri\u00e9 avant m\u00eame de devoir se rendre \u00e0 l&#8217;h\u00f4pital \u00bb, a-t-il ajout\u00e9. De plus, il a pr\u00e9cis\u00e9 que l&#8217;\u00e9v\u00e9nement b\u00e9n\u00e9ficie \u00e9galement aux \u00e9tudiants de l&#8217;INFAS, qui re\u00e7oivent une formation pratique et th\u00e9orique sur les questions nutritionnelles. Ces futurs professionnels sont form\u00e9s pour transmettre leurs connaissances \u00e0 la communaut\u00e9. Concernant les habitudes alimentaires, Dr Kouassi recommande de privil\u00e9gier une alimentation vari\u00e9e et \u00e9quilibr\u00e9e en incluant des l\u00e9gumes, des fruits, des prot\u00e9ines maigres et des grains entiers \u00e0 chaque repas. Il souligne que la nutrition joue un r\u00f4le crucial non seulement dans la sant\u00e9 physique, mais aussi dans la qualit\u00e9 de vie. Durant trois jours, des conf\u00e9rences, des panels et des groupes de discussion seront organis\u00e9s pour approfondir les enjeux de la nutrition et promouvoir des habitudes alimentaires saines. Les Journ\u00e9es de Nutrition continuent ainsi de renforcer l&#8217;\u00e9ducation en sant\u00e9 et d&#8217;am\u00e9liorer la qualit\u00e9 de vie des habitants de Daloa.<\/p>\n<p><strong>Beker Yao<\/strong><\/p>\n","protected":false},"excerpt":{"rendered":"<p>\u00c0 l&#8217;occasion de l&#8217;ouverture de la troisi\u00e8me \u00e9dition des Journ\u00e9es de Nutrition 2024 \u00e0 Daloa, N&#8217;dri Faustin, coordinateur de la Plateforme nationale multisectorielle d&#8217;information pour la nutrition, a pr\u00e9sent\u00e9 les donn\u00e9es r\u00e9centes sur l&#8217;\u00e9tat nutritionnel en C\u00f4te d&#8217;Ivoire. Il a r\u00e9v\u00e9l\u00e9 que la C\u00f4te d\u2019Ivoire fait face \u00e0 un triple fardeau de la malnutrition. *Selon [&hellip;]<\/p>\n","protected":false},"author":3,"featured_media":34767,"comment_status":"closed","ping_status":"closed","sticky":false,"template":"","format":"standard","meta":{"_monsterinsights_skip_tracking":false,"_monsterinsights_sitenote_active":false,"_monsterinsights_sitenote_note":"","_monsterinsights_sitenote_category":0,"footnotes":""},"categories":[2,3],"tags":[105,497,3898,3899],"class_list":["post-34766","post","type-post","status-publish","format-standard","has-post-thumbnail","hentry","category-featured","category-societe","tag-daloa","tag-enfants","tag-journee-de-nutrition-2024","tag-malnutrition-aigue"],"_links":{"self":[{"href":"https:\/\/www.lintelligentdabidjan.info\/news\/wp-json\/wp\/v2\/posts\/34766","targetHints":{"allow":["GET"]}}],"collection":[{"href":"https:\/\/www.lintelligentdabidjan.info\/news\/wp-json\/wp\/v2\/posts"}],"about":[{"href":"https:\/\/www.lintelligentdabidjan.info\/news\/wp-json\/wp\/v2\/types\/post"}],"author":[{"embeddable":true,"href":"https:\/\/www.lintelligentdabidjan.info\/news\/wp-json\/wp\/v2\/users\/3"}],"replies":[{"embeddable":true,"href":"https:\/\/www.lintelligentdabidjan.info\/news\/wp-json\/wp\/v2\/comments?post=34766"}],"version-history":[{"count":3,"href":"https:\/\/www.lintelligentdabidjan.info\/news\/wp-json\/wp\/v2\/posts\/34766\/revisions"}],"predecessor-version":[{"id":34773,"href":"https:\/\/www.lintelligentdabidjan.info\/news\/wp-json\/wp\/v2\/posts\/34766\/revisions\/34773"}],"wp:featuredmedia":[{"embeddable":true,"href":"https:\/\/www.lintelligentdabidjan.info\/news\/wp-json\/wp\/v2\/media\/34767"}],"wp:attachment":[{"href":"https:\/\/www.lintelligentdabidjan.info\/news\/wp-json\/wp\/v2\/media?parent=34766"}],"wp:term":[{"taxonomy":"category","embeddable":true,"href":"https:\/\/www.lintelligentdabidjan.info\/news\/wp-json\/wp\/v2\/categories?post=34766"},{"taxonomy":"post_tag","embeddable":true,"href":"https:\/\/www.lintelligentdabidjan.info\/news\/wp-json\/wp\/v2\/tags?post=34766"}],"curies":[{"name":"wp","href":"https:\/\/api.w.org\/{rel}","templated":true}]}}