{"id":34781,"date":"2024-08-02T04:21:33","date_gmt":"2024-08-02T02:21:33","guid":{"rendered":"https:\/\/www.lintelligentdabidjan.info\/news\/?p=34781"},"modified":"2024-08-02T04:21:50","modified_gmt":"2024-08-02T02:21:50","slug":"fete-des-armees-en-cote-divoire-le-premier-ministre-beugre-mambe-present","status":"publish","type":"post","link":"https:\/\/www.lintelligentdabidjan.info\/news\/fete-des-armees-en-cote-divoire-le-premier-ministre-beugre-mambe-present\/","title":{"rendered":"F\u00eate des arm\u00e9es en C\u00f4te d\u2019Ivoire &#8211;  Le Premier ministre Beugr\u00e9  Mamb\u00e9 pr\u00e9sent"},"content":{"rendered":"<p><em><strong>Comment s&#8217;est d\u00e9roul\u00e9e la 5 \u00e8me \u00e9dition de la f\u00eate des arm\u00e9es qui s&#8217;est tenue en pr\u00e9sence de Robert Mamb\u00e9, repr\u00e9sentant le chef de l&#8217;\u00c9tat ?<\/strong><\/em><\/p>\n<p>La fin de la 5\u00e8me \u00e9dition de la f\u00eate des arm\u00e9es a \u00e9t\u00e9 marqu\u00e9e, le mercredi 31 juillet 2024, par un d\u00e9fil\u00e9 militaire et un hommage \u00e0 tous ceux qui ont contribu\u00e9 au d\u00e9veloppement des Forces arm\u00e9es de C\u00f4te d\u2019Ivoire. <\/p>\n<p>Le Premier ministre Robert Beugr\u00e9 Mamb\u00e9, chef du gouvernement repr\u00e9sentait le Pr\u00e9sident Alassane Ouattara, chef supr\u00eame des Arm\u00e9es \u00e0 la 5\u00e8me \u00e9dition de la f\u00eate des arm\u00e9es. \u00ab  Cette c\u00e9r\u00e9monie, pleine de symboles et de souvenirs, nous permet d\u2019appr\u00e9cier le parcours de notre Arm\u00e9e pour la D\u00e9fense de la m\u00e8re patrie (\u2026) Depuis quelques ann\u00e9es, les Forces arm\u00e9es de C\u00f4te d\u2019Ivoire ont d\u00e9cid\u00e9 de comm\u00e9morer leur cr\u00e9ation ; ceci, \u00e0 travers diverses activit\u00e9s de coh\u00e9sion et d\u2019actions civilo-militaires, sanctionn\u00e9es par une prise d\u2019armes. Cette initiative a pour but d\u2019affirmer son nouveau statut de fer de lance de notre nation : une Nation unie, debout et solidaire. Cette ann\u00e9e, les Forces arm\u00e9es de C\u00f4te d\u2019Ivoire ont d\u00e9cid\u00e9 d\u2019aller \u00e0 la conqu\u00eate de leur fiert\u00e9. Nous nous en r\u00e9jouissons. En choisissant ce th\u00e8me, elles veulent affirmer ici, haut et fort \u00e0 son Excellence Monsieur le Pr\u00e9sident de la R\u00e9publique, Chef Supr\u00eame des Arm\u00e9es et au Peuple ivoirien, que les investissements de ces derni\u00e8res ann\u00e9es, leur ont permis de conqu\u00e9rir leur dignit\u00e9 de soldat \u00bb, a justifi\u00e9 T\u00e9n\u00e9 Birahima Ouattara, ministre d\u2019\u00c9tat, ministre de la D\u00e9fense.<\/p>\n<p>La m\u00e9daille des Arm\u00e9es d\u00e9cern\u00e9e \u00e0 des personnalit\u00e9s, dont la m\u00e9daille des Arm\u00e9es, \u00e9chelons Or au ministre de l\u2019Enseignement technique, de la Formation professionnelle et de l\u2019Apprentissage, N\u2019guessan Koffi et celle en Argent au ministre d\u00e9l\u00e9gu\u00e9 aupr\u00e8s du ministre des Affaires \u00e9trang\u00e8res, de l\u2019Int\u00e9gration africaine et des Ivoiriens de l\u2019ext\u00e9rieur, charg\u00e9 de l\u2019Int\u00e9gration africaine et des Ivoiriens de l\u2019ext\u00e9rieur, Ouattara Watabona. Le Premier ministre Robert Beugr\u00e9 Mamb\u00e9 et le ministre d\u2019\u00c9tat, ministre de la D\u00e9fense ont d\u00e9pos\u00e9 une gerbe de fleurs au monument aux morts du Camp Gallieni, \u00e0 la m\u00e9moire de tous les soldats tomb\u00e9s au champ d\u2019honneur.<\/p>\n<p><strong>\u00ab Marquer un temps d\u2019arr\u00eat pour une introspection \u00bb<\/strong><\/p>\n<p>Le chef d\u2019\u00e9tat-major g\u00e9n\u00e9ral des Forces arm\u00e9es de C\u00f4te d\u2019Ivoire (FACI), le g\u00e9n\u00e9ral de corps d\u2019arm\u00e9e Lassina Doumbia, a rappel\u00e9 les desseins qui ont pr\u00e9sid\u00e9 \u00e0 la cr\u00e9ation des Forces arm\u00e9es de C\u00f4te d\u2019Ivoire et le sens de la f\u00eate des arm\u00e9es : \u00ab C\u2019est par la loi n\u00b0 60 \u2013 209 du 27 juillet 1960 que les Forces Arm\u00e9es Nationales ont \u00e9t\u00e9 cr\u00e9\u00e9es ; soit dix jours avant la proclamation de l\u2019ind\u00e9pendance du pays. Cette ant\u00e9riorit\u00e9, voulue par les p\u00e8res fondateurs, montre \u00e0 suffisance leur intention de faire des arm\u00e9es, le socle sur lequel devait reposer la nation \u00e0 na\u00eetre, le ciment de son unit\u00e9, les d\u00e9fenseurs et les protectrices de ses int\u00e9r\u00eats. Ainsi, il s\u2019agit pour nous militaires, \u00e0 cette date anniversaire, de marquer un temps d\u2019arr\u00eat, celui de l\u2019introspection, de l\u2019\u00e9valuation et de la projection. C\u2019est \u00e9galement un moment de communion avec les populations \u00bb.<\/p>\n<p>Pendant les festivit\u00e9s, plus de 8. 000 arbres ont \u00e9t\u00e9 plant\u00e9s dans toutes les r\u00e9gions militaires de la C\u00f4te d\u2019Ivoire . Des s\u00e9ances de d\u00e9pistage et de traitement du diab\u00e8te et de l\u2019hypertension ont aussi \u00e9t\u00e9 organis\u00e9es, afin de renforcer la coh\u00e9sion entre les populations et leur Arm\u00e9e.<\/p>\n<p><strong>Olivier Dion <\/strong><\/p>\n","protected":false},"excerpt":{"rendered":"<p>Comment s&#8217;est d\u00e9roul\u00e9e la 5 \u00e8me \u00e9dition de la f\u00eate des arm\u00e9es qui s&#8217;est tenue en pr\u00e9sence de Robert Mamb\u00e9, repr\u00e9sentant le chef de l&#8217;\u00c9tat ? La fin de la 5\u00e8me \u00e9dition de la f\u00eate des arm\u00e9es a \u00e9t\u00e9 marqu\u00e9e, le mercredi 31 juillet 2024, par un d\u00e9fil\u00e9 militaire et un hommage \u00e0 tous ceux [&hellip;]<\/p>\n","protected":false},"author":3,"featured_media":34778,"comment_status":"closed","ping_status":"closed","sticky":false,"template":"","format":"standard","meta":{"_monsterinsights_skip_tracking":false,"_monsterinsights_sitenote_active":false,"_monsterinsights_sitenote_note":"","_monsterinsights_sitenote_category":0,"footnotes":""},"categories":[2,3],"tags":[177,77,3901],"class_list":["post-34781","post","type-post","status-publish","format-standard","has-post-thumbnail","hentry","category-featured","category-societe","tag-beugre-mambe","tag-cote-divoire","tag-fete-des-armees"],"_links":{"self":[{"href":"https:\/\/www.lintelligentdabidjan.info\/news\/wp-json\/wp\/v2\/posts\/34781","targetHints":{"allow":["GET"]}}],"collection":[{"href":"https:\/\/www.lintelligentdabidjan.info\/news\/wp-json\/wp\/v2\/posts"}],"about":[{"href":"https:\/\/www.lintelligentdabidjan.info\/news\/wp-json\/wp\/v2\/types\/post"}],"author":[{"embeddable":true,"href":"https:\/\/www.lintelligentdabidjan.info\/news\/wp-json\/wp\/v2\/users\/3"}],"replies":[{"embeddable":true,"href":"https:\/\/www.lintelligentdabidjan.info\/news\/wp-json\/wp\/v2\/comments?post=34781"}],"version-history":[{"count":1,"href":"https:\/\/www.lintelligentdabidjan.info\/news\/wp-json\/wp\/v2\/posts\/34781\/revisions"}],"predecessor-version":[{"id":34782,"href":"https:\/\/www.lintelligentdabidjan.info\/news\/wp-json\/wp\/v2\/posts\/34781\/revisions\/34782"}],"wp:featuredmedia":[{"embeddable":true,"href":"https:\/\/www.lintelligentdabidjan.info\/news\/wp-json\/wp\/v2\/media\/34778"}],"wp:attachment":[{"href":"https:\/\/www.lintelligentdabidjan.info\/news\/wp-json\/wp\/v2\/media?parent=34781"}],"wp:term":[{"taxonomy":"category","embeddable":true,"href":"https:\/\/www.lintelligentdabidjan.info\/news\/wp-json\/wp\/v2\/categories?post=34781"},{"taxonomy":"post_tag","embeddable":true,"href":"https:\/\/www.lintelligentdabidjan.info\/news\/wp-json\/wp\/v2\/tags?post=34781"}],"curies":[{"name":"wp","href":"https:\/\/api.w.org\/{rel}","templated":true}]}}