{"id":34789,"date":"2024-08-02T04:32:50","date_gmt":"2024-08-02T02:32:50","guid":{"rendered":"https:\/\/www.lintelligentdabidjan.info\/news\/?p=34789"},"modified":"2024-08-02T04:33:01","modified_gmt":"2024-08-02T02:33:01","slug":"lintelligent-en-pdf-pas-de-conseil-des-ministres-jusquau-5-septembre-2024-le-gouvernement-ivoirien-est-en-vacances-pour-un-mois-depuis-hier","status":"publish","type":"post","link":"https:\/\/www.lintelligentdabidjan.info\/news\/lintelligent-en-pdf-pas-de-conseil-des-ministres-jusquau-5-septembre-2024-le-gouvernement-ivoirien-est-en-vacances-pour-un-mois-depuis-hier\/","title":{"rendered":"L&#8217;Intelligent en PDF: Pas de Conseil des Ministres jusqu&#8217;au 5 septembre 2024   Le gouvernement ivoirien est \u00ab en vacances \u00bb pour un mois depuis hier"},"content":{"rendered":"<p><strong>Le gouvernement ivoirien est \u00ab en vacances \u00bb pour un mois depuis hier. Par cons\u00e9quent, il n&#8217;y aura pas de Conseil des ministres jusqu&#8217;au 5 septembre 2024.<\/strong><\/p>\n<p>Le gouvernement est en vacances jusqu&#8217;au 5 septembre 2024. L&#8217;information a \u00e9t\u00e9 communiqu\u00e9e par le porte-parole du gouvernement, le ministre Amadou Coulibaly, \u00e0 l&#8217;issue de son point de presse du Conseil des ministres tenu le jeudi 2 ao\u00fbt 2024 au Palais de la Pr\u00e9sidence de la R\u00e9publique. Qu&#8217;est ce que Amadou Coulibaly a dit exactement et quel est le communiqu\u00e9 final du Conseil des ministres?<\/p>\n<p>Article \u00e0 d\u00e9couvrir dans vos kiosques et en ligne sur<\/p>\n<p><a href=\"https:\/\/news.abidjan.net\/titrologie\/39-lintelligent-dabidjan\/articles\" target=\"_blank\">https:\/\/news.abidjan.net\/titrologie\/39-lintelligent-dabidjan\/articles<\/a><\/p>\n<p>\u00c0 lire aussi l&#8217;interview de Toto Kouakou N\u2019Guessan Alain, SG PDCI-Sakassou, la satisfaction de Anne Ouloto apr\u00e8s le Forum des femmes et des filles du Cavally, R\u00e9v\u00e9lation sur l&#8217;accord sign\u00e9 entre le MIRAH et l&#8217;ARDCI, l&#8217;annonce d&#8217;un colloque international sur une paix durable, la d\u00e9termination de Sylvie Patricia \u00e0 annihiler les menaces sur le cacao ivoirien, Alpha Diallo pour l\u2019inscription du plus grand nombre d\u2019ivoiriens sur la liste \u00e9lectorale.<\/p>\n<p>Cliquez pour les d\u00e9tails<\/p>\n<p><a href=\"https:\/\/www.pressecotedivoire.ci\/titrologie\" target=\"_blank\">https:\/\/www.pressecotedivoire.ci\/titrologie<\/a><\/p>\n<p>\u00c0 voir \u00e9galement ma lettre des JO 2024 et Yenouan Yekoun de M\u2019bahiakro en finale de Wozo vacances 2024.<\/p>\n<p><a href=\"https:\/\/news.lia.ci\/\" target=\"_blank\">https:\/\/news.lia.ci\/<\/a><\/p>\n","protected":false},"excerpt":{"rendered":"<p>Le gouvernement ivoirien est \u00ab en vacances \u00bb pour un mois depuis hier. Par cons\u00e9quent, il n&#8217;y aura pas de Conseil des ministres jusqu&#8217;au 5 septembre 2024. Le gouvernement est en vacances jusqu&#8217;au 5 septembre 2024. L&#8217;information a \u00e9t\u00e9 communiqu\u00e9e par le porte-parole du gouvernement, le ministre Amadou Coulibaly, \u00e0 l&#8217;issue de son point de [&hellip;]<\/p>\n","protected":false},"author":3,"featured_media":34790,"comment_status":"closed","ping_status":"closed","sticky":false,"template":"","format":"standard","meta":{"_monsterinsights_skip_tracking":false,"_monsterinsights_sitenote_active":false,"_monsterinsights_sitenote_note":"","_monsterinsights_sitenote_category":0,"footnotes":""},"categories":[2,3],"tags":[],"class_list":["post-34789","post","type-post","status-publish","format-standard","has-post-thumbnail","hentry","category-featured","category-societe"],"_links":{"self":[{"href":"https:\/\/www.lintelligentdabidjan.info\/news\/wp-json\/wp\/v2\/posts\/34789","targetHints":{"allow":["GET"]}}],"collection":[{"href":"https:\/\/www.lintelligentdabidjan.info\/news\/wp-json\/wp\/v2\/posts"}],"about":[{"href":"https:\/\/www.lintelligentdabidjan.info\/news\/wp-json\/wp\/v2\/types\/post"}],"author":[{"embeddable":true,"href":"https:\/\/www.lintelligentdabidjan.info\/news\/wp-json\/wp\/v2\/users\/3"}],"replies":[{"embeddable":true,"href":"https:\/\/www.lintelligentdabidjan.info\/news\/wp-json\/wp\/v2\/comments?post=34789"}],"version-history":[{"count":1,"href":"https:\/\/www.lintelligentdabidjan.info\/news\/wp-json\/wp\/v2\/posts\/34789\/revisions"}],"predecessor-version":[{"id":34791,"href":"https:\/\/www.lintelligentdabidjan.info\/news\/wp-json\/wp\/v2\/posts\/34789\/revisions\/34791"}],"wp:featuredmedia":[{"embeddable":true,"href":"https:\/\/www.lintelligentdabidjan.info\/news\/wp-json\/wp\/v2\/media\/34790"}],"wp:attachment":[{"href":"https:\/\/www.lintelligentdabidjan.info\/news\/wp-json\/wp\/v2\/media?parent=34789"}],"wp:term":[{"taxonomy":"category","embeddable":true,"href":"https:\/\/www.lintelligentdabidjan.info\/news\/wp-json\/wp\/v2\/categories?post=34789"},{"taxonomy":"post_tag","embeddable":true,"href":"https:\/\/www.lintelligentdabidjan.info\/news\/wp-json\/wp\/v2\/tags?post=34789"}],"curies":[{"name":"wp","href":"https:\/\/api.w.org\/{rel}","templated":true}]}}