{"id":34792,"date":"2024-08-03T00:54:33","date_gmt":"2024-08-02T22:54:33","guid":{"rendered":"https:\/\/www.lintelligentdabidjan.info\/news\/?p=34792"},"modified":"2024-08-03T00:57:48","modified_gmt":"2024-08-02T22:57:48","slug":"cmu-adama-kamara-et-pierre-dimba-signent-un-partenariat-avec-la-societe-civile","status":"publish","type":"post","link":"https:\/\/www.lintelligentdabidjan.info\/news\/cmu-adama-kamara-et-pierre-dimba-signent-un-partenariat-avec-la-societe-civile\/","title":{"rendered":"CMU-Adama Kamara et Pierre Dimba signent un partenariat avec la soci\u00e9t\u00e9 civile."},"content":{"rendered":"<p><em><strong>Apr\u00e8s les influenceurs, les journalistes, c&#8217;\u00e9tait au tour de la soci\u00e9t\u00e9 civile d&#8217;\u00eatre coopt\u00e9e pour vulgariser la Couverture maladie universelle. Hier, au si\u00e8ge de la Bangue mondiale \u00e0 Cocody, le ministre de l&#8217;emploi et de la protection sociale, initiateur de cette<br \/>\npolitique d&#8217;inclusion des hommes de m\u00e9dia, et les autres composantes de la soci\u00e9t\u00e9 en vue de faire conna\u00eetre les avantages de cette politique, \u00e9tait encore \u00e0 la t\u00e2che.<\/strong><\/em><\/p>\n<p>Il avait \u00e0 ses c\u00f4t\u00e9s le ministre de la Sant\u00e9, de l&#8217;hygi\u00e8ne publique et de la Couverture maladie universelle Pierre Dimba et la directrice des Op\u00e9rations de la Banque Mondiale (partenaire financier) pour la C\u00f4te d&#8217;Ivoire, la Guin\u00e9e et le Togo, Madame Marie-Chantal Uwanyigira. En face, plusieurs membres de la soci\u00e9t\u00e9 civile, entre autres Rachelle Gogoua, pr\u00e9sidente de l&#8217;initiative de la soci\u00e9t\u00e9 civile pour les Objectifs de D\u00e9veloppement Durable en C\u00f4te d&#8217;Ivoire (ISCOOD),  <\/p>\n<p>Pulch\u00e9rie Gbalet, pr\u00e9sidente d&#8217;Alternative citoyenne (ACI), et Kon\u00e9 Solange, pr\u00e9sidente des organisations du secteur de la sant\u00e9 en C\u00f4te d&#8217;Ivoire.<br \/>\nToutes ces structures de la soci\u00e9t\u00e9 civile ont pos\u00e9 des pr\u00e9occupations relatives au panier de soins, aux avantages de la CMU qui ne sont pas bien connus par les populations, le probl\u00e8me du retrait des cartes, qui selon ces organisations est un r\u00e9el frein, mais aussi le financement de la sant\u00e9 en C\u00f4te d&#8217;Ivoire. Des r\u00e9ponses claires ont \u00e9t\u00e9 apport\u00e9es \u00e0 ces interrogations, par les deux ministres et la responsable de la Banque mondiale. &#8220;Nous nous sommes rendus compte  que ceux qui ont le plus besoin de la CMU ce  sont nos braves paysans et toutes les personnes qui n&#8217;ont pas assez de moyens financiers. Nous avons des camions qui circulent pour distribuer les cartes de ceux qui n&#8217;ont pas encore retir\u00e9 leurs cartes. Nous sommes preneurs de toutes les propositions, a-t-il dit avant d&#8217;indiquer que le syst\u00e8me en ce qui concerne les pharmacies conventionn\u00e9es et les h\u00f4pitaux, va se g\u00e9n\u00e9raliser. C&#8217;est-\u00e0-dire qu&#8217;\u00e0 terme, tous les h\u00f4pitaux pourront utiliser la carte CMU.  Quant \u00e0 Madame Marie-Chantal Uwanyigira, elle a demand\u00e9 qu&#8217;une plateforme soit cr\u00e9\u00e9e afin de communiquer et \u00e9changer sur les id\u00e9es afin de recueillir les pr\u00e9occupations des populations, \u00e0 travers les figures de la soci\u00e9t\u00e9 civile.  Elle a aussi insist\u00e9 sur l&#8217;importance de la communication. Le ministre Pierre Dimba a pour sa part demand\u00e9 \u00e0 ses interlocuteurs de s&#8217;investir enti\u00e8rement dans cette collaboration qui commence.<\/p>\n<p><strong>Source :Le Mandat<\/strong><\/p>\n","protected":false},"excerpt":{"rendered":"<p>Apr\u00e8s les influenceurs, les journalistes, c&#8217;\u00e9tait au tour de la soci\u00e9t\u00e9 civile d&#8217;\u00eatre coopt\u00e9e pour vulgariser la Couverture maladie universelle. Hier, au si\u00e8ge de la Bangue mondiale \u00e0 Cocody, le ministre de l&#8217;emploi et de la protection sociale, initiateur de cette politique d&#8217;inclusion des hommes de m\u00e9dia, et les autres composantes de la soci\u00e9t\u00e9 en [&hellip;]<\/p>\n","protected":false},"author":3,"featured_media":34793,"comment_status":"closed","ping_status":"closed","sticky":false,"template":"","format":"standard","meta":{"_monsterinsights_skip_tracking":false,"_monsterinsights_sitenote_active":false,"_monsterinsights_sitenote_note":"","_monsterinsights_sitenote_category":0,"footnotes":""},"categories":[2,3],"tags":[3906,3905,1806,1546,2147],"class_list":["post-34792","post","type-post","status-publish","format-standard","has-post-thumbnail","hentry","category-featured","category-societe","tag-adama-kamara","tag-cmu","tag-partenariat","tag-pierre-dimba","tag-societe-civile"],"_links":{"self":[{"href":"https:\/\/www.lintelligentdabidjan.info\/news\/wp-json\/wp\/v2\/posts\/34792","targetHints":{"allow":["GET"]}}],"collection":[{"href":"https:\/\/www.lintelligentdabidjan.info\/news\/wp-json\/wp\/v2\/posts"}],"about":[{"href":"https:\/\/www.lintelligentdabidjan.info\/news\/wp-json\/wp\/v2\/types\/post"}],"author":[{"embeddable":true,"href":"https:\/\/www.lintelligentdabidjan.info\/news\/wp-json\/wp\/v2\/users\/3"}],"replies":[{"embeddable":true,"href":"https:\/\/www.lintelligentdabidjan.info\/news\/wp-json\/wp\/v2\/comments?post=34792"}],"version-history":[{"count":1,"href":"https:\/\/www.lintelligentdabidjan.info\/news\/wp-json\/wp\/v2\/posts\/34792\/revisions"}],"predecessor-version":[{"id":34794,"href":"https:\/\/www.lintelligentdabidjan.info\/news\/wp-json\/wp\/v2\/posts\/34792\/revisions\/34794"}],"wp:featuredmedia":[{"embeddable":true,"href":"https:\/\/www.lintelligentdabidjan.info\/news\/wp-json\/wp\/v2\/media\/34793"}],"wp:attachment":[{"href":"https:\/\/www.lintelligentdabidjan.info\/news\/wp-json\/wp\/v2\/media?parent=34792"}],"wp:term":[{"taxonomy":"category","embeddable":true,"href":"https:\/\/www.lintelligentdabidjan.info\/news\/wp-json\/wp\/v2\/categories?post=34792"},{"taxonomy":"post_tag","embeddable":true,"href":"https:\/\/www.lintelligentdabidjan.info\/news\/wp-json\/wp\/v2\/tags?post=34792"}],"curies":[{"name":"wp","href":"https:\/\/api.w.org\/{rel}","templated":true}]}}