{"id":34795,"date":"2024-08-03T01:04:01","date_gmt":"2024-08-02T23:04:01","guid":{"rendered":"https:\/\/www.lintelligentdabidjan.info\/news\/?p=34795"},"modified":"2024-08-03T01:05:17","modified_gmt":"2024-08-02T23:05:17","slug":"washington-les-participants-de-yali-2024-recus-par-lambassadeur-ibrahima-toure","status":"publish","type":"post","link":"https:\/\/www.lintelligentdabidjan.info\/news\/washington-les-participants-de-yali-2024-recus-par-lambassadeur-ibrahima-toure\/","title":{"rendered":"Washington-Les participants de Yali 2024 re\u00e7us par l&#8217;ambassadeur  Ibrahima Tour\u00e9"},"content":{"rendered":"<p><em><strong>L&#8217;ambassadeur  Ibrahima Tour\u00e9 a re\u00e7u les participants de Yali 2024 \u00e0 Washington. <\/strong><\/em><\/p>\n<p>Les participants ivoiriens au programme Young African Leaders Initiative (YALI) 2024 ont \u00e9t\u00e9 re\u00e7us par l&#8217;Ambassadeur de C\u00f4te d&#8217;Ivoire aux \u00c9tats-Unis, Ibrahima Tour\u00e9, le lundi 29 juillet 2024, \u00e0 la Chancellerie de la mission diplomatique \u00e0 Washington DC. Cette cohorte, compos\u00e9e de 15 personnes, a eu l&#8217;occasion d&#8217;\u00e9changer avec l&#8217;Ambassadeur, entour\u00e9 de plusieurs de ses collaborateurs.<\/p>\n<p>L&#8217;Ambassadeur a f\u00e9licit\u00e9 les participants pour leur r\u00e9ussite dans ce programme, dont les crit\u00e8res de s\u00e9lection sont tr\u00e8s rigoureux. Il les a encourag\u00e9s \u00e0 mettre \u00e0 profit les comp\u00e9tences acquises lors de leur formation pour apporter un impact positif \u00e0 leurs communaut\u00e9s respectives \u00e0 leur retour en C\u00f4te d&#8217;Ivoire.<\/p>\n<p><strong>La gratitude des participants \u00e0 l&#8217;ambassadeur Ibrahima Tour\u00e9 <\/strong><\/p>\n<p>En r\u00e9ponse, Drigbe Marius, porte-parole de la d\u00e9l\u00e9gation des YALI ivoiriens, a exprim\u00e9 sa gratitude \u00e0 l&#8217;Ambassadeur pour son accueil chaleureux et ses conseils pr\u00e9cieux. Les participants ont \u00e9galement exprim\u00e9 leur satisfaction quant \u00e0 la qualit\u00e9 des formations re\u00e7ues, qui ont renforc\u00e9 leurs comp\u00e9tences dans leurs domaines respectifs. Pendant six semaines, ces jeunes ivoiriens ont b\u00e9n\u00e9fici\u00e9 de formations approfondies au sein d&#8217;universit\u00e9s am\u00e9ricaines, couvrant des domaines tels que la gestion des affaires publiques, l&#8217;entrepreneuriat et l&#8217;engagement civique.<\/p>\n<p>Pour rappel, le programme \u00ab Young African Leaders Initiative \u00bb (YALI) a \u00e9t\u00e9 lanc\u00e9 en 2010 par le pr\u00e9sident Barack Obama. Il vise \u00e0 d\u00e9velopper les comp\u00e9tences des participants \u00e0 travers des stages r\u00e9alis\u00e9s dans des universit\u00e9s am\u00e9ricaines.<\/p>\n<p><strong>Olivier Dion<\/strong><\/p>\n","protected":false},"excerpt":{"rendered":"<p>L&#8217;ambassadeur Ibrahima Tour\u00e9 a re\u00e7u les participants de Yali 2024 \u00e0 Washington. Les participants ivoiriens au programme Young African Leaders Initiative (YALI) 2024 ont \u00e9t\u00e9 re\u00e7us par l&#8217;Ambassadeur de C\u00f4te d&#8217;Ivoire aux \u00c9tats-Unis, Ibrahima Tour\u00e9, le lundi 29 juillet 2024, \u00e0 la Chancellerie de la mission diplomatique \u00e0 Washington DC. Cette cohorte, compos\u00e9e de 15 [&hellip;]<\/p>\n","protected":false},"author":3,"featured_media":34796,"comment_status":"closed","ping_status":"closed","sticky":false,"template":"","format":"standard","meta":{"_monsterinsights_skip_tracking":false,"_monsterinsights_sitenote_active":false,"_monsterinsights_sitenote_note":"","_monsterinsights_sitenote_category":0,"footnotes":""},"categories":[2,21,3],"tags":[1965,3909,3610,3907,3908],"class_list":["post-34795","post","type-post","status-publish","format-standard","has-post-thumbnail","hentry","category-featured","category-international","category-societe","tag-ambassadeur","tag-ibrahima-toure","tag-participants","tag-washington","tag-yali-2024"],"_links":{"self":[{"href":"https:\/\/www.lintelligentdabidjan.info\/news\/wp-json\/wp\/v2\/posts\/34795","targetHints":{"allow":["GET"]}}],"collection":[{"href":"https:\/\/www.lintelligentdabidjan.info\/news\/wp-json\/wp\/v2\/posts"}],"about":[{"href":"https:\/\/www.lintelligentdabidjan.info\/news\/wp-json\/wp\/v2\/types\/post"}],"author":[{"embeddable":true,"href":"https:\/\/www.lintelligentdabidjan.info\/news\/wp-json\/wp\/v2\/users\/3"}],"replies":[{"embeddable":true,"href":"https:\/\/www.lintelligentdabidjan.info\/news\/wp-json\/wp\/v2\/comments?post=34795"}],"version-history":[{"count":1,"href":"https:\/\/www.lintelligentdabidjan.info\/news\/wp-json\/wp\/v2\/posts\/34795\/revisions"}],"predecessor-version":[{"id":34797,"href":"https:\/\/www.lintelligentdabidjan.info\/news\/wp-json\/wp\/v2\/posts\/34795\/revisions\/34797"}],"wp:featuredmedia":[{"embeddable":true,"href":"https:\/\/www.lintelligentdabidjan.info\/news\/wp-json\/wp\/v2\/media\/34796"}],"wp:attachment":[{"href":"https:\/\/www.lintelligentdabidjan.info\/news\/wp-json\/wp\/v2\/media?parent=34795"}],"wp:term":[{"taxonomy":"category","embeddable":true,"href":"https:\/\/www.lintelligentdabidjan.info\/news\/wp-json\/wp\/v2\/categories?post=34795"},{"taxonomy":"post_tag","embeddable":true,"href":"https:\/\/www.lintelligentdabidjan.info\/news\/wp-json\/wp\/v2\/tags?post=34795"}],"curies":[{"name":"wp","href":"https:\/\/api.w.org\/{rel}","templated":true}]}}