{"id":34811,"date":"2024-08-05T02:49:36","date_gmt":"2024-08-05T00:49:36","guid":{"rendered":"https:\/\/www.lintelligentdabidjan.info\/news\/?p=34811"},"modified":"2024-08-05T02:50:53","modified_gmt":"2024-08-05T00:50:53","slug":"massere-toure-kone-aux-etudiants-ivoiriens-admis-aux-grandes-ecoles-francaises-soyez-les-ambassadeurs-de-la-cote-divoire-dans-toutes-les-grandes-ecoles-que-vous-allez-regagner-bientot","status":"publish","type":"post","link":"https:\/\/www.lintelligentdabidjan.info\/news\/massere-toure-kone-aux-etudiants-ivoiriens-admis-aux-grandes-ecoles-francaises-soyez-les-ambassadeurs-de-la-cote-divoire-dans-toutes-les-grandes-ecoles-que-vous-allez-regagner-bientot\/","title":{"rendered":"Masser\u00e9 Tour\u00e9-Kon\u00e9 aux \u00e9tudiants ivoiriens admis aux grandes \u00e9coles fran\u00e7aises:  &#8220;Soyez les ambassadeurs de la C\u00f4te d&#8217;Ivoire dans toutes les grandes \u00e9coles que vous allez regagner bient\u00f4t&#8221;."},"content":{"rendered":"<p><em><strong>Masser\u00e9 Tour\u00e9 Kon\u00e9, a au nom du Pr\u00e9sident de la R\u00e9publique, appel\u00e9 les \u00e9tudiants ivoiriens admis aux grandes \u00e9coles fran\u00e7aises \u00e0 \u00eatre des ambassadeurs de la C\u00f4te d&#8217;Ivoire dans ces \u00e9tablissements. <\/strong><\/em><\/p>\n<p>Le vendredi 2 ao\u00fbt 2024, au Palais de la Pr\u00e9sidence de la R\u00e9publique, Mme Mass\u00e9r\u00e9 Tour\u00e9-Kon\u00e9, Secr\u00e9taire G\u00e9n\u00e9rale de la Pr\u00e9sidence, a pr\u00e9sid\u00e9 une c\u00e9r\u00e9monie en l\u2019honneur de vingt-sept (27) \u00e9tudiants ivoiriens admis dans des \u00e9coles fran\u00e7aises d\u2019ing\u00e9nieurs et de commerce de renom pour l\u2019ann\u00e9e acad\u00e9mique 2024-2025. Ces \u00e9tablissements incluent l\u2019\u00c9cole Polytechnique, HEC, l\u2019ESSEC, l\u2019ESCP Business School, l\u2019EDHEC et EM Lyon.<\/p>\n<p>Lors de cette c\u00e9r\u00e9monie, Mme Mass\u00e9r\u00e9 Tour\u00e9-Kon\u00e9 a exprim\u00e9 sa fiert\u00e9 et ses encouragements envers ces jeunes \u00e9tudiants. Elle a soulign\u00e9 que cet \u00e9v\u00e9nement refl\u00e8te l\u2019engagement des institutions ivoiriennes envers l\u2019excellence acad\u00e9mique et l\u2019espoir qu\u2019elles placent en la jeunesse.<\/p>\n<p>Elle a \u00e9galement not\u00e9 que la r\u00e9ussite de ces 27 \u00e9tudiants, issus de divers \u00e9tablissements du pays, t\u00e9moigne du potentiel du syst\u00e8me \u00e9ducatif ivoirien et prouve qu\u2019il existe des opportunit\u00e9s pour tous les \u00e9l\u00e8ves, sans exception, de conna\u00eetre un parcours acad\u00e9mique brillant.<\/p>\n<p>La Secr\u00e9taire G\u00e9n\u00e9rale de la Pr\u00e9sidence de la R\u00e9publique a \u00e9galement soulign\u00e9 les nombreux efforts d\u00e9ploy\u00e9s par le Pr\u00e9sident de la R\u00e9publique et le Gouvernement pour assurer une formation de qualit\u00e9 et favoriser la r\u00e9ussite des jeunes Ivoiriens, ind\u00e9pendamment de leur situation financi\u00e8re ou de leur r\u00e9gion d\u2019origine.<\/p>\n<p>Elle a transmis aux 27 \u00e9tudiants toute la fiert\u00e9 du Chef de l\u2019\u00c9tat, ainsi que ses vives f\u00e9licitations et encouragements.<\/p>\n<p>En conclusion, Mme Mass\u00e9r\u00e9 Tour\u00e9-Kon\u00e9  a renouvel\u00e9 ses chaleureuses f\u00e9licitations et exprim\u00e9 toute sa fiert\u00e9 envers ces \u00e9tudiants b\u00e9n\u00e9ficiaires de bourses d\u2019excellence. Elle les a encourag\u00e9s \u00e0 revenir contribuer, \u00e0 la fin de leurs \u00e9tudes, en mettant leurs comp\u00e9tences et leur expertise au service de notre pays.<\/p>\n<p><strong> &#8220;Chers \u00e9tudiants, chers enfants, le pr\u00e9sident est tr\u00e8s fier de vous !<\/strong><\/p>\n<p>Il me charge de vous adresser ses tr\u00e8s vives et chaleureuses f\u00e9licitations. Il me charge de vous dire que vous avez tous  ses encouragements et vraiment son enti\u00e8re confiance.<\/p>\n<p>Il souhaite que vous soyez les ambassadeurs de la C\u00f4te d&#8217;Ivoire dans toutes les grandes \u00e9coles que vous allez regagner bient\u00f4t. Que vous soyez vraiment les dignes repr\u00e9sentants de la C\u00f4te d&#8217;Ivoire&#8221;, a t-elle lanc\u00e9. <\/p>\n<p><strong>La gratitude des \u00e9tudiants au Pr\u00e9sident de la R\u00e9publique<\/strong><\/p>\n<p>Au nom de ses camarades, Mlle Imane Oyepel, Porte-parole des 27 \u00e9tudiants, a exprim\u00e9 sa profonde gratitude au Pr\u00e9sident de la R\u00e9publique pour son investissement consid\u00e9rable dans la formation de la jeunesse et pour son soutien constant. Elle a soulign\u00e9 que c\u2019est gr\u00e2ce \u00e0 la vision \u00e9clair\u00e9e du Chef de l\u2019\u00c9tat et au d\u00e9vouement du Gouvernement qu\u2019ils sont sur le point de r\u00e9aliser leur r\u00eave.<\/p>\n<p>Elle a demand\u00e9 \u00e0 la Secr\u00e9taire G\u00e9n\u00e9rale de la Pr\u00e9sidence de la R\u00e9publique de transmettre, au nom de ses condisciples, la reconnaissance des \u00e9tudiants et de leurs familles au Pr\u00e9sident Alassane Ouattara. Elle a salu\u00e9 son engagement pour l\u2019excellence qui contribue au rayonnement de la Nation.<\/p>\n<p>Mlle Oyepel a \u00e9galement pris l\u2019engagement, au nom de tous ses camarades, de continuer sur la voie de l\u2019excellence et de faire honneur au pays tout au long de leur formation.<\/p>\n<p>La c\u00e9r\u00e9monie a \u00e9t\u00e9 honor\u00e9e par la pr\u00e9sence de M. Emmanuel Koffi AHOUTOU, Ministre, Directeur de Cabinet du Vice-Pr\u00e9sident de la R\u00e9publique, de M. Ars\u00e8ne Kob\u00e9a TOKA, Directeur de Cabinet du Ministre de l\u2019Enseignement Sup\u00e9rieur et de la Recherche Scientifique, du Colonel Jean-Claude <\/p>\n<p><strong>Tour\u00e9 Abdoulaye <\/strong><\/p>\n","protected":false},"excerpt":{"rendered":"<p>Masser\u00e9 Tour\u00e9 Kon\u00e9, a au nom du Pr\u00e9sident de la R\u00e9publique, appel\u00e9 les \u00e9tudiants ivoiriens admis aux grandes \u00e9coles fran\u00e7aises \u00e0 \u00eatre des ambassadeurs de la C\u00f4te d&#8217;Ivoire dans ces \u00e9tablissements. Le vendredi 2 ao\u00fbt 2024, au Palais de la Pr\u00e9sidence de la R\u00e9publique, Mme Mass\u00e9r\u00e9 Tour\u00e9-Kon\u00e9, Secr\u00e9taire G\u00e9n\u00e9rale de la Pr\u00e9sidence, a pr\u00e9sid\u00e9 une [&hellip;]<\/p>\n","protected":false},"author":3,"featured_media":34812,"comment_status":"closed","ping_status":"closed","sticky":false,"template":"","format":"standard","meta":{"_monsterinsights_skip_tracking":false,"_monsterinsights_sitenote_active":false,"_monsterinsights_sitenote_note":"","_monsterinsights_sitenote_category":0,"footnotes":""},"categories":[2,3],"tags":[3919,737,77,598,3921,3920,895,3918],"class_list":["post-34811","post","type-post","status-publish","format-standard","has-post-thumbnail","hentry","category-featured","category-societe","tag-admis","tag-ambassadeurs","tag-cote-divoire","tag-etudiants","tag-grandes-ecoles","tag-grandes-ecoles-francaises","tag-ivoiriens","tag-massere-toure-kone"],"_links":{"self":[{"href":"https:\/\/www.lintelligentdabidjan.info\/news\/wp-json\/wp\/v2\/posts\/34811","targetHints":{"allow":["GET"]}}],"collection":[{"href":"https:\/\/www.lintelligentdabidjan.info\/news\/wp-json\/wp\/v2\/posts"}],"about":[{"href":"https:\/\/www.lintelligentdabidjan.info\/news\/wp-json\/wp\/v2\/types\/post"}],"author":[{"embeddable":true,"href":"https:\/\/www.lintelligentdabidjan.info\/news\/wp-json\/wp\/v2\/users\/3"}],"replies":[{"embeddable":true,"href":"https:\/\/www.lintelligentdabidjan.info\/news\/wp-json\/wp\/v2\/comments?post=34811"}],"version-history":[{"count":1,"href":"https:\/\/www.lintelligentdabidjan.info\/news\/wp-json\/wp\/v2\/posts\/34811\/revisions"}],"predecessor-version":[{"id":34813,"href":"https:\/\/www.lintelligentdabidjan.info\/news\/wp-json\/wp\/v2\/posts\/34811\/revisions\/34813"}],"wp:featuredmedia":[{"embeddable":true,"href":"https:\/\/www.lintelligentdabidjan.info\/news\/wp-json\/wp\/v2\/media\/34812"}],"wp:attachment":[{"href":"https:\/\/www.lintelligentdabidjan.info\/news\/wp-json\/wp\/v2\/media?parent=34811"}],"wp:term":[{"taxonomy":"category","embeddable":true,"href":"https:\/\/www.lintelligentdabidjan.info\/news\/wp-json\/wp\/v2\/categories?post=34811"},{"taxonomy":"post_tag","embeddable":true,"href":"https:\/\/www.lintelligentdabidjan.info\/news\/wp-json\/wp\/v2\/tags?post=34811"}],"curies":[{"name":"wp","href":"https:\/\/api.w.org\/{rel}","templated":true}]}}