{"id":34820,"date":"2024-08-05T03:05:20","date_gmt":"2024-08-05T01:05:20","guid":{"rendered":"https:\/\/www.lintelligentdabidjan.info\/news\/?p=34820"},"modified":"2024-08-05T03:06:04","modified_gmt":"2024-08-05T01:06:04","slug":"solidarite-ange-zabo-kouassi-decline-les-grandes-articulations-du-festicharite","status":"publish","type":"post","link":"https:\/\/www.lintelligentdabidjan.info\/news\/solidarite-ange-zabo-kouassi-decline-les-grandes-articulations-du-festicharite\/","title":{"rendered":"Solidarit\u00e9 &#8211;  Ange Zabo Kouassi d\u00e9cline les grandes articulations du Festicharit\u00e9"},"content":{"rendered":"<p><em><strong>La c\u00e9r\u00e9monie de lancement du Festicharit\u00e9 s&#8217;est tenue au Centre ivoiro-cor\u00e9en \u00e0 Abidjan-Adjam\u00e9 le jeudi 1er ao\u00fbt 2024. Un moment significatif pour marquer le d\u00e9but de cet \u00e9v\u00e9nement en pr\u00e9sence d&#8217;une vingtaine d&#8217;organisations de la soci\u00e9t\u00e9 civile.<\/strong><\/em><\/p>\n<p>Le festival international de la charit\u00e9 d\u00e9nomm\u00e9 \u2018\u2019Festicharit\u00e9\u2019\u2019, est, selon les organisateurs, le 1er festival qui c\u00e9l\u00e8bre la charit\u00e9 en C\u00f4te d\u2019Ivoire. Ce  festival est initi\u00e9 par l&#8217;Association Shekina, une Ong fran\u00e7aise cr\u00e9\u00e9e en 2016 en France afin d&#8217;apporter un plus \u00e0 l\u2019humanit\u00e9. En outre, l&#8217;Association Shekina est porteur de plusieurs projets dans les domaines de l\u2019\u00c9ducation, l\u2019Agriculture, la Sant\u00e9, l\u2019Entrepreneuriat, l\u2019Autonomisation de la femme et du D\u00e9veloppement durable. <\/p>\n<p>\u00ab Le Festicharit\u00e9 est la plus grande \u0153uvre de charit\u00e9 jamais r\u00e9alis\u00e9e en C\u00f4te d&#8217;Ivoire. C&#8217;est le festival qui r\u00e9unira 50 orphelinats en Abidjan. Les enfants viendront de Bondoukou, de Daloa, de Guiglo, du Nord au Sud la C\u00f4te d&#8217;Ivoire de plus de trente (30) r\u00e9gions de la C\u00f4te d&#8217;Ivoire \u00bb, a dit Ange Eric Zabo Kouassi, commissaire g\u00e9n\u00e9rale du Festicharit\u00e9, pr\u00e9sidente Fondatrice de l&#8217;Ong Shekina.<\/p>\n<p>Puis, elle a indiqu\u00e9 que le Festicharit\u00e9 permettra non seulement \u00e0 soutenir les enfants en leur offrant des dons et en facilitant leur scolarisation, mais aussi \u00e0 \u00e9tendre cette aide aux prisons de C\u00f4te d&#8217;Ivoire. En r\u00e9unissant plus de trente organisations de la soci\u00e9t\u00e9 civile, le Festicharit\u00e9 d\u00e9montre une belle collaboration et un engagement collectif pour le bien-\u00eatre de la communaut\u00e9.  \u00c0 en croire les responsables, en 8 ans, l&#8217;Ong Shekina a r\u00e9alis\u00e9 plusieurs projets dans neuf (09) r\u00e9gions de la C\u00f4te d\u2019ivoire \u00e0 savoir le Kabadougou, le Bounkani, le Haut-Sassandra, le Cavally, la r\u00e9gion des lagunes, du Gb\u00eak\u00ea, du Gu\u00e9mon, de la Bagou\u00e9 et la Nawa gr\u00e2ce \u00e0 ses partenaires et bailleurs de fonds. Parmi ces projets, on peut citer entre autres 21 centres de sant\u00e9 \u00e9lectrifi\u00e9s plus de (04) autres en cours d\u2019\u00e9lectrification, 10.000 repas offerts en cantine scolaire, 100 femmes autonomis\u00e9es par un projet agriculture et transformation et 100 jeunes r\u00e9ins\u00e9r\u00e9s par la production de charbon \u00e9cologique.<\/p>\n<p>Il faut noter que le Festicharit\u00e9 est \u00e0 sa deuxi\u00e8me \u00e9dition et se tiendra du 03 ao\u00fbt au 07 septembre 2024 avec pour grandes articulations un festin de charit\u00e9 pour 10.000 personnes (veuves, orphelins, aveugles, malades, personnes en situation de handicap), une visite avec dons aux femmes et aux mineurs du P\u00f4le p\u00e9nitentiaire d&#8217;Abidjan ex-Maca, une Master class aux ONG\/Associations de C\u00f4te d\u2019Ivoire, un gala de charit\u00e9 et une remise de prix aux meilleurs acteurs de la charit\u00e9 en C\u00f4te d\u2019Ivoire.  En outre, les fonds r\u00e9colt\u00e9s lors de ce festival permettront de b\u00e2tir un orphelinat, un centre de formation et d\u2019autonomisation de la femme et de la Jeune Fille m\u00e8re (Cefa Fjfm) et d\u2019offrir 100.000 repas en milieu scolaire et universitaire d\u00e8s septembre 2024. Selon le   commissaire G\u00e9n\u00e9rale du Festicharit\u00e9, le choix de la p\u00e9riode du 03 ao\u00fbt au 07 septembre pour le Festival est en lien avec la Journ\u00e9e mondiale de la charit\u00e9 c\u00e9l\u00e9br\u00e9e le 05 septembre. Pour Ange Eric Zabo Kouassi cela permet de sensibiliser davantage le public \u00e0 l&#8217;importance de la solidarit\u00e9 et de l&#8217;entraide, tout en cr\u00e9ant une atmosph\u00e8re propice \u00e0 la g\u00e9n\u00e9rosit\u00e9.<\/p>\n<p><strong>Mamadou Ouattara avec L.Abdul<\/strong><\/p>\n","protected":false},"excerpt":{"rendered":"<p>La c\u00e9r\u00e9monie de lancement du Festicharit\u00e9 s&#8217;est tenue au Centre ivoiro-cor\u00e9en \u00e0 Abidjan-Adjam\u00e9 le jeudi 1er ao\u00fbt 2024. Un moment significatif pour marquer le d\u00e9but de cet \u00e9v\u00e9nement en pr\u00e9sence d&#8217;une vingtaine d&#8217;organisations de la soci\u00e9t\u00e9 civile. Le festival international de la charit\u00e9 d\u00e9nomm\u00e9 \u2018\u2019Festicharit\u00e9\u2019\u2019, est, selon les organisateurs, le 1er festival qui c\u00e9l\u00e8bre la [&hellip;]<\/p>\n","protected":false},"author":3,"featured_media":34821,"comment_status":"closed","ping_status":"closed","sticky":false,"template":"","format":"standard","meta":{"_monsterinsights_skip_tracking":false,"_monsterinsights_sitenote_active":false,"_monsterinsights_sitenote_note":"","_monsterinsights_sitenote_category":0,"footnotes":""},"categories":[2,3],"tags":[3925,2027,3926,592],"class_list":["post-34820","post","type-post","status-publish","format-standard","has-post-thumbnail","hentry","category-featured","category-societe","tag-ange-zabo-kouassi","tag-articulations","tag-festicharite","tag-solidarite"],"_links":{"self":[{"href":"https:\/\/www.lintelligentdabidjan.info\/news\/wp-json\/wp\/v2\/posts\/34820","targetHints":{"allow":["GET"]}}],"collection":[{"href":"https:\/\/www.lintelligentdabidjan.info\/news\/wp-json\/wp\/v2\/posts"}],"about":[{"href":"https:\/\/www.lintelligentdabidjan.info\/news\/wp-json\/wp\/v2\/types\/post"}],"author":[{"embeddable":true,"href":"https:\/\/www.lintelligentdabidjan.info\/news\/wp-json\/wp\/v2\/users\/3"}],"replies":[{"embeddable":true,"href":"https:\/\/www.lintelligentdabidjan.info\/news\/wp-json\/wp\/v2\/comments?post=34820"}],"version-history":[{"count":1,"href":"https:\/\/www.lintelligentdabidjan.info\/news\/wp-json\/wp\/v2\/posts\/34820\/revisions"}],"predecessor-version":[{"id":34822,"href":"https:\/\/www.lintelligentdabidjan.info\/news\/wp-json\/wp\/v2\/posts\/34820\/revisions\/34822"}],"wp:featuredmedia":[{"embeddable":true,"href":"https:\/\/www.lintelligentdabidjan.info\/news\/wp-json\/wp\/v2\/media\/34821"}],"wp:attachment":[{"href":"https:\/\/www.lintelligentdabidjan.info\/news\/wp-json\/wp\/v2\/media?parent=34820"}],"wp:term":[{"taxonomy":"category","embeddable":true,"href":"https:\/\/www.lintelligentdabidjan.info\/news\/wp-json\/wp\/v2\/categories?post=34820"},{"taxonomy":"post_tag","embeddable":true,"href":"https:\/\/www.lintelligentdabidjan.info\/news\/wp-json\/wp\/v2\/tags?post=34820"}],"curies":[{"name":"wp","href":"https:\/\/api.w.org\/{rel}","templated":true}]}}