{"id":34823,"date":"2024-08-05T03:08:26","date_gmt":"2024-08-05T01:08:26","guid":{"rendered":"https:\/\/www.lintelligentdabidjan.info\/news\/?p=34823"},"modified":"2024-08-05T03:33:34","modified_gmt":"2024-08-05T01:33:34","slug":"fete-de-lindependance-2024-didi-b-mike-alabi-roselyne-layo-la-team-paya-en-concert-a-bassam","status":"publish","type":"post","link":"https:\/\/www.lintelligentdabidjan.info\/news\/fete-de-lindependance-2024-didi-b-mike-alabi-roselyne-layo-la-team-paya-en-concert-a-bassam\/","title":{"rendered":"F\u00eate de l&#8217;Ind\u00e9pendance 2024-  Didi B, Mike Alabi, Roselyne Layo, la Team Paya  en concert \u00e0 Bassam"},"content":{"rendered":"<p><em><strong>En pr\u00e9lude \u00e0 la 64\u00e8 de l\u2019ind\u00e9pendance de la C\u00f4te d\u2019Ivoire, le comit\u00e9 d\u2019organisation du concerto \u00e9tait en conf\u00e9rence de presse, le jeudi 01 ao\u00fbt 2024, dans un cabinet \u00e0 Angr\u00e9-Cocody pour annoncer le spectacle qui aura lieu le 6 ao\u00fbt au stade de Grand Bassam.<\/strong><\/em><\/p>\n<p>Selon Mohamed Fofana, commissaire g\u00e9n\u00e9ral du Concerto de l\u2019Ind\u00e9pendance, cet \u00e9v\u00e9nement est une initiative du chef de l&#8217;\u00c9tat, qui offre gratuitement ce concert \u00e0 la jeunesse ivoirienne dans la ville historique de Grand-Bassam<\/p>\n<p>\u00ab Didi B, Mike Alabi, Roselyne Layo, la Team Paya et soixante-dix artistes en prestation au stade de Grand-Bassam. Et il y aura un g\u00e9ant concert de l\u2019artiste Didi. Le concerto de l\u2019ind\u00e9pendance est une initiative du pr\u00e9sident de la R\u00e9publique. Dans le cadre des festivit\u00e9s, il a voulu bien donner une place de choix \u00e0 la culture pour manifester dans la convivialit\u00e9 et dans la joie avec tous les citoyens, tous ceux qui habitent la C\u00f4te d\u2019Ivoire, ce moment de fraternit\u00e9 et de coh\u00e9sion nationale. Le th\u00e8me de cette ann\u00e9e est &#8220;la jeunesse ivoirienne et les forces de d\u00e9fense et de s\u00e9curit\u00e9 engag\u00e9es pour le civisme et la citoyennet\u00e9&#8221;. Le concerto de l\u2019ind\u00e9pendance 2024 pr\u00e9voit accueillir plus de 10.000 personnes. Pour cette c\u00e9l\u00e9bration, et en relation avec le th\u00e8me, on aura la prestation des artistes de l\u2019arm\u00e9e. En plus, il y aura de la s\u00e9curit\u00e9. Cette ann\u00e9e, l\u2019innovation majeure est une table ronde de discussion sur les possibilit\u00e9s de collaboration entre forces de l\u2019ordre et les acteurs de la culture \u00bb, a indiqu\u00e9 Mohamed Fofana, commissaire g\u00e9n\u00e9ral du concerto de l\u2019ind\u00e9pendance.<\/p>\n<p>L\u2019artiste Didi B \u00e9tait pr\u00e9sent \u00e0 cette conf\u00e9rence de presse.<\/p>\n<p><strong>Mamadou Ouattara avec G\u00e9rard Batoua<\/strong><\/p>\n","protected":false},"excerpt":{"rendered":"<p>En pr\u00e9lude \u00e0 la 64\u00e8 de l\u2019ind\u00e9pendance de la C\u00f4te d\u2019Ivoire, le comit\u00e9 d\u2019organisation du concerto \u00e9tait en conf\u00e9rence de presse, le jeudi 01 ao\u00fbt 2024, dans un cabinet \u00e0 Angr\u00e9-Cocody pour annoncer le spectacle qui aura lieu le 6 ao\u00fbt au stade de Grand Bassam. Selon Mohamed Fofana, commissaire g\u00e9n\u00e9ral du Concerto de l\u2019Ind\u00e9pendance, [&hellip;]<\/p>\n","protected":false},"author":3,"featured_media":34832,"comment_status":"closed","ping_status":"closed","sticky":false,"template":"","format":"standard","meta":{"_monsterinsights_skip_tracking":false,"_monsterinsights_sitenote_active":false,"_monsterinsights_sitenote_note":"","_monsterinsights_sitenote_category":0,"footnotes":""},"categories":[2,20],"tags":[3299,1316,3928,3927,3931,3929,3930],"class_list":["post-34823","post","type-post","status-publish","format-standard","has-post-thumbnail","hentry","category-featured","category-art-et-culture","tag-bassam","tag-concert","tag-didi-b","tag-fete-de-lindependance-2024","tag-la-team-paya","tag-mike-alabi","tag-roselyne-layo"],"_links":{"self":[{"href":"https:\/\/www.lintelligentdabidjan.info\/news\/wp-json\/wp\/v2\/posts\/34823","targetHints":{"allow":["GET"]}}],"collection":[{"href":"https:\/\/www.lintelligentdabidjan.info\/news\/wp-json\/wp\/v2\/posts"}],"about":[{"href":"https:\/\/www.lintelligentdabidjan.info\/news\/wp-json\/wp\/v2\/types\/post"}],"author":[{"embeddable":true,"href":"https:\/\/www.lintelligentdabidjan.info\/news\/wp-json\/wp\/v2\/users\/3"}],"replies":[{"embeddable":true,"href":"https:\/\/www.lintelligentdabidjan.info\/news\/wp-json\/wp\/v2\/comments?post=34823"}],"version-history":[{"count":2,"href":"https:\/\/www.lintelligentdabidjan.info\/news\/wp-json\/wp\/v2\/posts\/34823\/revisions"}],"predecessor-version":[{"id":34825,"href":"https:\/\/www.lintelligentdabidjan.info\/news\/wp-json\/wp\/v2\/posts\/34823\/revisions\/34825"}],"wp:featuredmedia":[{"embeddable":true,"href":"https:\/\/www.lintelligentdabidjan.info\/news\/wp-json\/wp\/v2\/media\/34832"}],"wp:attachment":[{"href":"https:\/\/www.lintelligentdabidjan.info\/news\/wp-json\/wp\/v2\/media?parent=34823"}],"wp:term":[{"taxonomy":"category","embeddable":true,"href":"https:\/\/www.lintelligentdabidjan.info\/news\/wp-json\/wp\/v2\/categories?post=34823"},{"taxonomy":"post_tag","embeddable":true,"href":"https:\/\/www.lintelligentdabidjan.info\/news\/wp-json\/wp\/v2\/tags?post=34823"}],"curies":[{"name":"wp","href":"https:\/\/api.w.org\/{rel}","templated":true}]}}