{"id":34826,"date":"2024-08-05T03:12:35","date_gmt":"2024-08-05T01:12:35","guid":{"rendered":"https:\/\/www.lintelligentdabidjan.info\/news\/?p=34826"},"modified":"2024-08-05T03:13:30","modified_gmt":"2024-08-05T01:13:30","slug":"cote-divoire-moussa-kouyate-lance-les-journees-nationales-des-ppp","status":"publish","type":"post","link":"https:\/\/www.lintelligentdabidjan.info\/news\/cote-divoire-moussa-kouyate-lance-les-journees-nationales-des-ppp\/","title":{"rendered":"C\u00f4te d&#8217;Ivoire &#8211;   Moussa Kouyat\u00e9 lance \u2018\u2019Les Journ\u00e9es Nationales des PPP\u2019\u2019"},"content":{"rendered":"<p><em><strong>Le pr\u00e9sident du Comit\u00e9 national de pilotage des partenariats public-priv\u00e9 (Cnp-ppp), Moussa Kouyat\u00e9, a proc\u00e9d\u00e9 le jeudi 1er ao\u00fbt 2024 \u00e0 Abidjan, au lancement des Journ\u00e9es nationales des Partenariats public-priv\u00e9 (Jn-ppp ), pr\u00e9vues les 3 et 4 octobre 2024 au parc des expositions d\u2019Abidjan autour du th\u00e8me \u201cLes ppp, un outil au service d\u2019infrastructures r\u00e9silientes et inclusives\u201d. <\/strong><\/em><\/p>\n<p>Cette premi\u00e8re \u00e9dition des Jn-ppp promet d\u2019\u00eatre une plateforme strat\u00e9gique pour renforcer les partenariats public-priv\u00e9, catalyser le d\u00e9veloppement \u00e9conomique et promouvoir des infrastructures durables en C\u00f4te d\u2019Ivoire et au-del\u00e0. Des protocoles d\u2019accord entre l\u2019\u00c9tat et le secteur priv\u00e9 sont \u00e9galement attendus, ainsi que la distinction de personnalit\u00e9s ayant contribu\u00e9 de mani\u00e8re significative aux projets ppp.<\/p>\n<p>Le pr\u00e9sident du Comit\u00e9 national de pilotage des partenariats public-priv\u00e9 (Cnp-ppp), Moussa Kouyat\u00e9 a indiqu\u00e9 que le ppp est un m\u00e9canisme-cl\u00e9 pour le financement, la r\u00e9alisation et l\u2019exploitation de services et d\u2019infrastructures publics, utilis\u00e9 avec succ\u00e8s en C\u00f4te d\u2019Ivoire depuis plus de soixante ans. Il catalyse le d\u00e9veloppement des services publics de qualit\u00e9 en C\u00f4te d\u2019Ivoire.<\/p>\n<p>D\u2019ici la fin ann\u00e9e 2024, ce sont environ 95 contrats qui seront sign\u00e9s&#8230;<\/p>\n<p>\u00abLes Jnp-ppp permettront de mettre en \u00e9vidence les meilleures pratiques pour am\u00e9liorer la prestation des services publics, et renforcer les comp\u00e9tences techniques, juridiques, financi\u00e8res et op\u00e9rationnelles. Des protocoles d\u2019accord entre l\u2019\u00c9tat et le secteur priv\u00e9 sont \u00e9galement attendus. Actuellement, 70 contrats PPP sont en cours d\u2019ex\u00e9cution et 150 \u00e0 200 sont en pr\u00e9paration. D\u2019ici la fin de l&#8217; ann\u00e9e 2024, ce sont environ 95 contrats qui seront sign\u00e9s. Les deux grands secteurs pourvoyeurs de PPP sont \u00e0 pr\u00e9sent, le secteur de l\u2019\u00e9lectricit\u00e9, de l\u2019\u00e9nergie et le secteur du transport. Nous souhaitons davantage de PPP dans le secteur \u00e9cologique \u00bb, a fait savoir Moussa Kouyat\u00e9.<\/p>\n<p><strong>74% des investissements pour 2021-2025 proviendront du secteur priv\u00e9<\/strong><\/p>\n<p>L\u2019\u00c9tat ivoirien envisage de dynamiser le secteur priv\u00e9 national et \u00e9tranger pour en faire le moteur de la croissance \u00e9conomique. Le Plan national de d\u00e9veloppement (PND) de 59 000 milliards de Francs CFA pr\u00e9voit que 74 % des investissements pour 2021-2025 proviendront du secteur priv\u00e9. Les ppp sont au c\u0153ur de cette strat\u00e9gie, facilitant le financement et la r\u00e9alisation de projets publics.<\/p>\n<p>Cet \u00e9v\u00e8nement se tiendra sous le haut patronage du vice-pr\u00e9sident de la R\u00e9publique, Ti\u00e9moko Meyliet Kon\u00e9 et r\u00e9unira tous les acteurs de l\u2019\u00e9cosyst\u00e8me des ppp nationaux et internationaux. Rattach\u00e9 \u00e0 la pr\u00e9sidence de la R\u00e9publique depuis 2024, le Comit\u00e9 a contribu\u00e9 \u00e0 la signature de 60 contrats ppp de 2014 \u00e0 2022, repr\u00e9sentant plus de 6 700 milliards de francs CFA. Ces contrats incluent plusieurs projets, dont l\u2019enr\u00f4lement biom\u00e9trique pour la couverture maladie universelle, les services d\u2019assistance \u00e0 l\u2019a\u00e9roport international d\u2019Abidjan (&#8230;) <\/p>\n<p>Durant ces deux jours, les discussions porteront sur divers secteurs propices aux ppp, tels que l\u2019eau, l\u2019assainissement, les transports, l\u2019\u00e9nergie, la sant\u00e9, et l\u2019\u00e9ducation. Des sessions th\u00e9matiques, des tables rondes, des panels de discussion, et des rencontres B2B seront organis\u00e9s pour favoriser les \u00e9changes et les opportunit\u00e9s d\u2019investissement.<\/p>\n<p><strong>Mamadou Ouattara avec C\u00e9cile Mobio (Sercom )<\/strong><\/p>\n","protected":false},"excerpt":{"rendered":"<p>Le pr\u00e9sident du Comit\u00e9 national de pilotage des partenariats public-priv\u00e9 (Cnp-ppp), Moussa Kouyat\u00e9, a proc\u00e9d\u00e9 le jeudi 1er ao\u00fbt 2024 \u00e0 Abidjan, au lancement des Journ\u00e9es nationales des Partenariats public-priv\u00e9 (Jn-ppp ), pr\u00e9vues les 3 et 4 octobre 2024 au parc des expositions d\u2019Abidjan autour du th\u00e8me \u201cLes ppp, un outil au service d\u2019infrastructures r\u00e9silientes [&hellip;]<\/p>\n","protected":false},"author":3,"featured_media":34827,"comment_status":"closed","ping_status":"closed","sticky":false,"template":"","format":"standard","meta":{"_monsterinsights_skip_tracking":false,"_monsterinsights_sitenote_active":false,"_monsterinsights_sitenote_note":"","_monsterinsights_sitenote_category":0,"footnotes":""},"categories":[2,18],"tags":[77,3933,3932,3934],"class_list":["post-34826","post","type-post","status-publish","format-standard","has-post-thumbnail","hentry","category-featured","category-economie","tag-cote-divoire","tag-journees-nationales","tag-moussa-kouyate","tag-ppp"],"_links":{"self":[{"href":"https:\/\/www.lintelligentdabidjan.info\/news\/wp-json\/wp\/v2\/posts\/34826","targetHints":{"allow":["GET"]}}],"collection":[{"href":"https:\/\/www.lintelligentdabidjan.info\/news\/wp-json\/wp\/v2\/posts"}],"about":[{"href":"https:\/\/www.lintelligentdabidjan.info\/news\/wp-json\/wp\/v2\/types\/post"}],"author":[{"embeddable":true,"href":"https:\/\/www.lintelligentdabidjan.info\/news\/wp-json\/wp\/v2\/users\/3"}],"replies":[{"embeddable":true,"href":"https:\/\/www.lintelligentdabidjan.info\/news\/wp-json\/wp\/v2\/comments?post=34826"}],"version-history":[{"count":1,"href":"https:\/\/www.lintelligentdabidjan.info\/news\/wp-json\/wp\/v2\/posts\/34826\/revisions"}],"predecessor-version":[{"id":34828,"href":"https:\/\/www.lintelligentdabidjan.info\/news\/wp-json\/wp\/v2\/posts\/34826\/revisions\/34828"}],"wp:featuredmedia":[{"embeddable":true,"href":"https:\/\/www.lintelligentdabidjan.info\/news\/wp-json\/wp\/v2\/media\/34827"}],"wp:attachment":[{"href":"https:\/\/www.lintelligentdabidjan.info\/news\/wp-json\/wp\/v2\/media?parent=34826"}],"wp:term":[{"taxonomy":"category","embeddable":true,"href":"https:\/\/www.lintelligentdabidjan.info\/news\/wp-json\/wp\/v2\/categories?post=34826"},{"taxonomy":"post_tag","embeddable":true,"href":"https:\/\/www.lintelligentdabidjan.info\/news\/wp-json\/wp\/v2\/tags?post=34826"}],"curies":[{"name":"wp","href":"https:\/\/api.w.org\/{rel}","templated":true}]}}