{"id":34833,"date":"2024-08-06T02:06:54","date_gmt":"2024-08-06T00:06:54","guid":{"rendered":"https:\/\/www.lintelligentdabidjan.info\/news\/?p=34833"},"modified":"2024-08-06T02:06:54","modified_gmt":"2024-08-06T00:06:54","slug":"programme-de-lutte-contre-la-fragilite-dans-les-zones-frontalieres-du-nord-plus-de-761-millions-fcfa-remis-a-2-506-jeunes-du-poro","status":"publish","type":"post","link":"https:\/\/www.lintelligentdabidjan.info\/news\/programme-de-lutte-contre-la-fragilite-dans-les-zones-frontalieres-du-nord-plus-de-761-millions-fcfa-remis-a-2-506-jeunes-du-poro\/","title":{"rendered":"Programme de Lutte contre la Fragilit\u00e9 dans les Zones Frontali\u00e8res du Nord- Plus de 761 millions  Fcfa remis \u00e0 2 506 jeunes du Poro"},"content":{"rendered":"<p><em><strong>Plus de 761 millions  Fcfa ont \u00e9t\u00e9 remis \u00e0 2 506 jeunes du Poro dans le cadre du Programme de Lutte contre la Fragilit\u00e9 dans les Zones Frontali\u00e8res du Nord.<\/strong><\/em><\/p>\n<p>Le samedi 3 ao\u00fbt 2024, le Ministre Directeur de cabinet du Pr\u00e9sident de la R\u00e9publique et Pr\u00e9sident du Conseil r\u00e9gional du Poro, Fid\u00e8le Sarassoro, a pr\u00e9sid\u00e9 une c\u00e9r\u00e9monie d&#8217;accompagnement des b\u00e9n\u00e9ficiaires des dispositifs du Programme de Lutte contre la Fragilit\u00e9 dans les Zones Frontali\u00e8res du Nord, qui s&#8217;est tenue \u00e0 la pr\u00e9fecture de Korhogo.<\/p>\n<p>Au total, 2 506 jeunes ont \u00e9t\u00e9 soutenus, avec un montant global de 761 986 380 F CFA allou\u00e9. Les b\u00e9n\u00e9ficiaires ont re\u00e7u un appui \u00e0 travers divers dispositifs d\u2019insertion professionnelle et d\u2019autonomisation, tels que les Activit\u00e9s G\u00e9n\u00e9ratrices de Revenus, les subventions, ainsi que la remise de permis de conduire et d\u2019attestations de fin de formation.<\/p>\n<p>Fid\u00e8le Sarassoro a salu\u00e9 l\u2019initiative gouvernementale qui vise \u00e0 renforcer la coh\u00e9sion sociale et la r\u00e9silience \u00e9conomique des populations du nord, expos\u00e9es aux risques d\u2019attaques terroristes en raison de leur proximit\u00e9 avec le Mali et le Burkina Faso. Il a \u00e9galement exprim\u00e9 sa gratitude \u00e0 Mamadou Tour\u00e9, charg\u00e9 de la promotion de la Jeunesse, pour sa capacit\u00e9 \u00e0 concr\u00e9tiser la vision du Pr\u00e9sident de la R\u00e9publique en faveur des jeunes.<\/p>\n<p>Herman Nicou\u00e9, administrateur adjoint de l\u2019Agence Emploi Jeunes, a pr\u00e9cis\u00e9 que des c\u00e9r\u00e9monies similaires auront lieu dans les jours \u00e0 venir dans les localit\u00e9s concern\u00e9es par le programme, notamment la Bagou\u00e9, le Bounkani, le Folon, le Kabadougou, et le Tchologo. Il a \u00e9galement annonc\u00e9 que le lancement de l\u2019\u00e9dition 2024 de la composante \u00ab insertion professionnelle et emploi des jeunes \u00bb du Programme de Lutte contre la Fragilit\u00e9 dans les Zones Frontali\u00e8res du Nord est pr\u00e9vu pour septembre 2024.<\/p>\n<p> L\u2019objectif du Programme pour la p\u00e9riode 2022-2024, dans sa composante \u00ab insertion professionnelle et emploi des jeunes \u00bb, est de toucher 65 613 b\u00e9n\u00e9ficiaires avec un budget de 33 milliards de F CFA.<\/p>\n<p>\u00c0 la fin d\u00e9cembre 2022, 23 892 b\u00e9n\u00e9ficiaires avaient d\u00e9j\u00e0 \u00e9t\u00e9 impact\u00e9s, d\u00e9passant ainsi l\u2019objectif annuel de 22 912 b\u00e9n\u00e9ficiaires.<\/p>\n<p>En 2023, ce sont 29 991 hommes et femmes qui ont b\u00e9n\u00e9fici\u00e9 des diff\u00e9rents dispositifs d\u2019insertion professionnelle et d\u2019appui \u00e0 l\u2019autonomisation, sur un objectif initial de 14 267 b\u00e9n\u00e9ficiaires, r\u00e9\u00e9valu\u00e9 \u00e0 30 632 b\u00e9n\u00e9ficiaires pour l\u2019ann\u00e9e de la Jeunesse.<\/p>\n<p>Au total, 53 883 b\u00e9n\u00e9ficiaires ont \u00e9t\u00e9 touch\u00e9s par le programme lors des \u00e9ditions 2022 et 2023.<\/p>\n<p><strong>Tour\u00e9 Abdoulaye<\/strong><\/p>\n","protected":false},"excerpt":{"rendered":"<p>Plus de 761 millions Fcfa ont \u00e9t\u00e9 remis \u00e0 2 506 jeunes du Poro dans le cadre du Programme de Lutte contre la Fragilit\u00e9 dans les Zones Frontali\u00e8res du Nord. Le samedi 3 ao\u00fbt 2024, le Ministre Directeur de cabinet du Pr\u00e9sident de la R\u00e9publique et Pr\u00e9sident du Conseil r\u00e9gional du Poro, Fid\u00e8le Sarassoro, a [&hellip;]<\/p>\n","protected":false},"author":3,"featured_media":34834,"comment_status":"closed","ping_status":"closed","sticky":false,"template":"","format":"standard","meta":{"_monsterinsights_skip_tracking":false,"_monsterinsights_sitenote_active":false,"_monsterinsights_sitenote_note":"","_monsterinsights_sitenote_category":0,"footnotes":""},"categories":[2,3],"tags":[],"class_list":["post-34833","post","type-post","status-publish","format-standard","has-post-thumbnail","hentry","category-featured","category-societe"],"_links":{"self":[{"href":"https:\/\/www.lintelligentdabidjan.info\/news\/wp-json\/wp\/v2\/posts\/34833","targetHints":{"allow":["GET"]}}],"collection":[{"href":"https:\/\/www.lintelligentdabidjan.info\/news\/wp-json\/wp\/v2\/posts"}],"about":[{"href":"https:\/\/www.lintelligentdabidjan.info\/news\/wp-json\/wp\/v2\/types\/post"}],"author":[{"embeddable":true,"href":"https:\/\/www.lintelligentdabidjan.info\/news\/wp-json\/wp\/v2\/users\/3"}],"replies":[{"embeddable":true,"href":"https:\/\/www.lintelligentdabidjan.info\/news\/wp-json\/wp\/v2\/comments?post=34833"}],"version-history":[{"count":1,"href":"https:\/\/www.lintelligentdabidjan.info\/news\/wp-json\/wp\/v2\/posts\/34833\/revisions"}],"predecessor-version":[{"id":34835,"href":"https:\/\/www.lintelligentdabidjan.info\/news\/wp-json\/wp\/v2\/posts\/34833\/revisions\/34835"}],"wp:featuredmedia":[{"embeddable":true,"href":"https:\/\/www.lintelligentdabidjan.info\/news\/wp-json\/wp\/v2\/media\/34834"}],"wp:attachment":[{"href":"https:\/\/www.lintelligentdabidjan.info\/news\/wp-json\/wp\/v2\/media?parent=34833"}],"wp:term":[{"taxonomy":"category","embeddable":true,"href":"https:\/\/www.lintelligentdabidjan.info\/news\/wp-json\/wp\/v2\/categories?post=34833"},{"taxonomy":"post_tag","embeddable":true,"href":"https:\/\/www.lintelligentdabidjan.info\/news\/wp-json\/wp\/v2\/tags?post=34833"}],"curies":[{"name":"wp","href":"https:\/\/api.w.org\/{rel}","templated":true}]}}