{"id":34839,"date":"2024-08-06T02:12:54","date_gmt":"2024-08-06T00:12:54","guid":{"rendered":"https:\/\/www.lintelligentdabidjan.info\/news\/?p=34839"},"modified":"2024-08-06T02:12:54","modified_gmt":"2024-08-06T00:12:54","slug":"haut-sassandra-comment-la-8e-edition-de-la-semaine-nationale-de-la-proprete-a-ete-lancee-a-daloa","status":"publish","type":"post","link":"https:\/\/www.lintelligentdabidjan.info\/news\/haut-sassandra-comment-la-8e-edition-de-la-semaine-nationale-de-la-proprete-a-ete-lancee-a-daloa\/","title":{"rendered":"Haut-Sassandra-    Comment la 8\u00e8 \u00e9dition de la Semaine Nationale de la Propret\u00e9 a \u00e9t\u00e9 lanc\u00e9e  \u00e0 Daloa"},"content":{"rendered":"<p><em><strong>Le ministre de l\u2019Hydraulique, de l\u2019Assainissement et de la Salubrit\u00e9, Bouak\u00e9 Fofana, a proc\u00e9d\u00e9 au lancement, le samedi 3 ao\u00fbt 2024, \u00e0 la place Gb\u00eabani de Daloa, de la huiti\u00e8me \u00e9dition de la Semaine Nationale de la Propret\u00e9, qui se tient du 1er au 6 ao\u00fbt 2024. Cette \u00e9dition se d\u00e9roule sous le th\u00e8me : \u00ab Gouvernement, forces de d\u00e9fense et de s\u00e9curit\u00e9, et population, tous engag\u00e9s pour le respect du code de l\u2019hygi\u00e8ne et de la salubrit\u00e9 \u00bb<\/strong><\/em><br \/>\n.<br \/>\n\u00c0 cette occasion, le ministre Bouak\u00e9 Fofana a soulign\u00e9 l\u2019importance cruciale de la salubrit\u00e9 publique pour le d\u00e9veloppement de la C\u00f4te d&#8217;Ivoire. En mettant en avant les efforts gouvernementaux pour am\u00e9liorer les infrastructures sanitaires, notamment la construction de latrines et de WC dans les \u00e9coles et les centres de sant\u00e9, il a insist\u00e9 sur le r\u00f4le fondamental de ces \u00e9quipements dans la promotion de la propret\u00e9. Le ministre a \u00e9galement soulign\u00e9 que, bien que la Semaine Nationale de la Propret\u00e9 soit un moment-cl\u00e9 pour sensibiliser et mobiliser la population, la propret\u00e9 doit \u00eatre une pr\u00e9occupation quotidienne. Il a appel\u00e9 chaque citoyen \u00e0 adopter des pratiques de propret\u00e9 tout au long de l\u2019ann\u00e9e et non seulement pendant cette semaine d\u00e9di\u00e9e.<\/p>\n<p><strong>Les Ivoiriens encourag\u00e9s \u00e0 participer \u00e0 l\u2019initiative<\/strong><\/p>\n<p>En pr\u00e9sence de hauts repr\u00e9sentants politiques,  Bouak\u00e9 Fofana a affirm\u00e9 que la propret\u00e9 est aussi importante que les infrastructures telles que les routes et les ponts. Il a encourag\u00e9 tous les Ivoiriens \u00e0 participer activement \u00e0 cette initiative pour garantir un environnement sain et agr\u00e9able.\u00ab Si nous nous engageons tous \u00e0 maintenir la propret\u00e9 chaque jour, la C\u00f4te d&#8217;Ivoire sera toujours propre \u00bb, a-t-il lanc\u00e9.<br \/>\nLe parrain de cette \u00e9dition, le ministre de la Promotion de la Jeunesse, de l\u2019Insertion professionnelle et du Service civique, porte-parole adjoint du Gouvernement, Mamadou Tour\u00e9, a salu\u00e9 le travail du ministre Bouak\u00e9 Fofana, louant son dynamisme et son pragmatisme dans la lutte pour la propret\u00e9. Il a \u00e9galement annonc\u00e9 l&#8217;inauguration prochaine d&#8217;une nouvelle d\u00e9charge moderne \u00e0 Daloa, destin\u00e9e \u00e0 r\u00e9soudre les probl\u00e8mes de gestion des d\u00e9chets de mani\u00e8re durable.<\/p>\n<p>Il a abord\u00e9 les festivit\u00e9s \u00e0 venir en lien avec la f\u00eate de l&#8217;ind\u00e9pendance, incluant des \u00e9v\u00e9nements sportifs visant \u00e0 renforcer les liens entre les forces de s\u00e9curit\u00e9 et les jeunes \u00e0 travers le pays. Ces matchs de gala seront organis\u00e9s dans plusieurs localit\u00e9s, dont Daloa, Bouak\u00e9, Korhogo et Abidjan, illustrant l&#8217;harmonie et la solidarit\u00e9 entre ces groupes cl\u00e9s. En outre, le ministre Mamadou Tour\u00e9 a traduit sa gratitude \u00e0 toutes les personnes impliqu\u00e9es dans les projets de d\u00e9veloppement \u00e0 venir, notamment le ministre de l&#8217;Hydraulique pour les initiatives pr\u00e9vues dans la r\u00e9gion. Il a r\u00e9affirm\u00e9 son soutien aux efforts continus pour am\u00e9liorer la propret\u00e9 et la s\u00e9curit\u00e9 dans la r\u00e9gion.<br \/>\nLe ministre d\u2019\u00c9tat, ministre de la D\u00e9fense, T\u00e9n\u00e9 Birahima Ouattara, a d\u00e9clar\u00e9 : \u00ab Nous c\u00e9l\u00e9brons aujourd\u2019hui la propret\u00e9, qui symbolise la vie, la bonne sant\u00e9, la dignit\u00e9, et surtout le progr\u00e8s. \u00bb Il a salu\u00e9 la mobilisation de la population de Daloa, preuve de l\u2019int\u00e9r\u00eat croissant pour les questions de salubrit\u00e9 et de cadre de vie. Il a soulign\u00e9 que sous l\u2019impulsion du Pr\u00e9sident de la R\u00e9publique, Alassane Ouattara, dont le programme met un accent particulier sur la salubrit\u00e9, cette semaine vise \u00e0 renforcer la sensibilisation sur les enjeux de l\u2019hygi\u00e8ne publique. \u00ab Le bien-\u00eatre et la sant\u00e9 des populations sont au c\u0153ur des priorit\u00e9s du Pr\u00e9sident \u00bb, a-t-il rappel\u00e9.<\/p>\n<p><strong>Appel au  civisme<\/strong><\/p>\n<p>Le ministre d\u2019\u00c9tat a \u00e9galement exprim\u00e9 sa gratitude aux personnalit\u00e9s pr\u00e9sentes, notamment le ministre de l\u2019Hydraulique, ainsi qu&#8217;aux membres des forces de d\u00e9fense et de s\u00e9curit\u00e9 pour leur engagement dans l\u2019am\u00e9lioration des conditions de vie \u00e0 travers la gestion de l\u2019eau potable et la salubrit\u00e9 des villes. \u00ab Le gouvernement, sous la direction du Premier ministre Beugr\u00e9 Mamb\u00e9, est d\u00e9termin\u00e9 \u00e0 offrir \u00e0 nos citoyens un cadre de vie sain et agr\u00e9able. La Semaine Nationale de la Propret\u00e9, initi\u00e9e en 2016, refl\u00e8te cette volont\u00e9 politique de promouvoir la propret\u00e9 et l\u2019esth\u00e9tique sur tout le territoire \u00bb, a-t-il pr\u00e9cis\u00e9. Le ministre d\u2019\u00c9tat a soulign\u00e9 l\u2019importance de la participation de toutes les couches sociales, des autorit\u00e9s centrales aux chefs traditionnels, pour garantir le succ\u00e8s de cette initiative. Il a conclu son discours en appelant \u00e0 un sens accru du civisme : \u00ab Nous devons chacun, chaque jour, poser des actions en faveur de la salubrit\u00e9. Un cadre sain est indispensable pour nous-m\u00eames, nos familles, et nos voisins. \u00bb Cette c\u00e9r\u00e9monie a \u00e9t\u00e9 marqu\u00e9e par la distinction des meilleures initiatives (individuelle et collective) en mati\u00e8re de propret\u00e9, de valorisation des d\u00e9chets, ainsi que par la remise de mat\u00e9riel de salubrit\u00e9 aux Comit\u00e9s Locaux d\u2019Assainissement, de Salubrit\u00e9 et d\u2019Hygi\u00e8ne (CLASH) de Daloa. La Semaine Nationale de la Propret\u00e9, allant du jeudi 1er au 6 ao\u00fbt 2024, se poursuit toute la semaine avec diverses activit\u00e9s visant \u00e0 promouvoir un environnement plus propre et plus sain pour tous. Ces actions incluent le curage des caniveaux, le d\u00e9sherbage des espaces publics, le balayage des voies, le d\u00e9guerpissement des \u00e9tals install\u00e9s sur la voie et les trottoirs, l\u2019\u00e9limination des d\u00e9p\u00f4ts sauvages et l\u2019\u00e9vacuation des d\u00e9chets sur des sites pr\u00e9alablement identifi\u00e9s.<\/p>\n<p><strong>Beker Yao<\/strong><\/p>\n","protected":false},"excerpt":{"rendered":"<p>Le ministre de l\u2019Hydraulique, de l\u2019Assainissement et de la Salubrit\u00e9, Bouak\u00e9 Fofana, a proc\u00e9d\u00e9 au lancement, le samedi 3 ao\u00fbt 2024, \u00e0 la place Gb\u00eabani de Daloa, de la huiti\u00e8me \u00e9dition de la Semaine Nationale de la Propret\u00e9, qui se tient du 1er au 6 ao\u00fbt 2024. Cette \u00e9dition se d\u00e9roule sous le th\u00e8me : [&hellip;]<\/p>\n","protected":false},"author":3,"featured_media":34840,"comment_status":"closed","ping_status":"closed","sticky":false,"template":"","format":"standard","meta":{"_monsterinsights_skip_tracking":false,"_monsterinsights_sitenote_active":false,"_monsterinsights_sitenote_note":"","_monsterinsights_sitenote_category":0,"footnotes":""},"categories":[2,3],"tags":[],"class_list":["post-34839","post","type-post","status-publish","format-standard","has-post-thumbnail","hentry","category-featured","category-societe"],"_links":{"self":[{"href":"https:\/\/www.lintelligentdabidjan.info\/news\/wp-json\/wp\/v2\/posts\/34839","targetHints":{"allow":["GET"]}}],"collection":[{"href":"https:\/\/www.lintelligentdabidjan.info\/news\/wp-json\/wp\/v2\/posts"}],"about":[{"href":"https:\/\/www.lintelligentdabidjan.info\/news\/wp-json\/wp\/v2\/types\/post"}],"author":[{"embeddable":true,"href":"https:\/\/www.lintelligentdabidjan.info\/news\/wp-json\/wp\/v2\/users\/3"}],"replies":[{"embeddable":true,"href":"https:\/\/www.lintelligentdabidjan.info\/news\/wp-json\/wp\/v2\/comments?post=34839"}],"version-history":[{"count":1,"href":"https:\/\/www.lintelligentdabidjan.info\/news\/wp-json\/wp\/v2\/posts\/34839\/revisions"}],"predecessor-version":[{"id":34841,"href":"https:\/\/www.lintelligentdabidjan.info\/news\/wp-json\/wp\/v2\/posts\/34839\/revisions\/34841"}],"wp:featuredmedia":[{"embeddable":true,"href":"https:\/\/www.lintelligentdabidjan.info\/news\/wp-json\/wp\/v2\/media\/34840"}],"wp:attachment":[{"href":"https:\/\/www.lintelligentdabidjan.info\/news\/wp-json\/wp\/v2\/media?parent=34839"}],"wp:term":[{"taxonomy":"category","embeddable":true,"href":"https:\/\/www.lintelligentdabidjan.info\/news\/wp-json\/wp\/v2\/categories?post=34839"},{"taxonomy":"post_tag","embeddable":true,"href":"https:\/\/www.lintelligentdabidjan.info\/news\/wp-json\/wp\/v2\/tags?post=34839"}],"curies":[{"name":"wp","href":"https:\/\/api.w.org\/{rel}","templated":true}]}}