{"id":34842,"date":"2024-08-06T02:15:44","date_gmt":"2024-08-06T00:15:44","guid":{"rendered":"https:\/\/www.lintelligentdabidjan.info\/news\/?p=34842"},"modified":"2024-08-06T02:15:52","modified_gmt":"2024-08-06T00:15:52","slug":"korhogo-sommet-des-leaders-les-leaders-dassociations-etudiantes-ivoiriennes-appeles-a-prendre-leurs-responsabilites","status":"publish","type":"post","link":"https:\/\/www.lintelligentdabidjan.info\/news\/korhogo-sommet-des-leaders-les-leaders-dassociations-etudiantes-ivoiriennes-appeles-a-prendre-leurs-responsabilites\/","title":{"rendered":"Korhogo &#8211; Sommet des leaders:  Les leaders d&#8217;associations \u00e9tudiantes ivoiriennes appel\u00e9s \u00e0 prendre leurs responsabilit\u00e9s"},"content":{"rendered":"<p><em><strong> L\u2019Union de la Nouvelle G\u00e9n\u00e9ration Estudiantine du Grand Nord (Ungen) a rassembl\u00e9 plusieurs leaders d&#8217;associations \u00e9tudiantes  lors de son \u00e9v\u00e9nement intitul\u00e9 \u00ab Le sommet des leaders \u00bb. Cette rencontre nationale s&#8217;est tenue le samedi 3 ao\u00fbt 2024, \u00e0 l\u2019h\u00f4tel Printemps Mont Korhogo. L&#8217;initiative vise \u00e0 encourager les leaders d&#8217;associations \u00e0 s&#8217;engager activement dans le processus d\u00e9cisionnel \u00e0 travers des propositions concr\u00e8tes sur des th\u00e8mes qui leur seront pr\u00e9sent\u00e9s.<\/strong><\/em><\/p>\n<p>Le pr\u00e9sident national de l&#8217;Ungen, Samuel Doh Coulibaly, a soulign\u00e9 l&#8217;importance de cette rencontre. \u00ab Cette initiative fait suite \u00e0 un certain nombre de constats. La jeunesse ivoirienne, et plus largement africaine, est souvent point\u00e9e du doigt en raison de nombreuses mauvaises pratiques et d\u2019attitudes malveillantes. Il est imp\u00e9ratif que les associations de jeunes cr\u00e9ent des espaces d&#8217;\u00e9change, comme celui d&#8217;aujourd&#8217;hui, pour partager des id\u00e9es, se motiver et \u00e9tablir des lignes de conduite afin de ne pas faillir \u00e0 notre mission \u00bb, a-t-il d\u00e9clar\u00e9. <\/p>\n<p>\u00c0 l&#8217;issue des discussions portant sur divers th\u00e8mes, tels que le leadership des jeunes, le r\u00f4le des associations dans la lutte contre les mauvaises pratiques, et l&#8217;implication des jeunes leaders pour un climat apais\u00e9 avant, pendant et apr\u00e8s les \u00e9lections, le paneliste Soro Kolo Youssouf a exhort\u00e9 les leaders \u00e0 assumer pleinement leurs responsabilit\u00e9s. \u00ab Ne soyons pas des associations fictives. Soyons des organisations s\u00e9rieuses et ambitieuses. Si vous avez besoin de formation, formez-vous. On ne cr\u00e9e pas d&#8217;associations uniquement pour des int\u00e9r\u00eats personnels, mais pour r\u00e9pondre \u00e0 des besoins communautaires. Identifiez les d\u00e9fis \u00e0 relever dans vos localit\u00e9s, que ce soit \u00e0 Daloa, Korhogo, Bouak\u00e9 ou Abidjan. Chacun doit, \u00e0 l&#8217;issue de cette formation, revoir son approche pour que son association ait un impact positif. Si les associations s&#8217;engagent dans des actions responsables, nous deviendrons une force bien plus impressionnante que ce que nous sommes aujourd&#8217;hui. Si nous voulons que les autorit\u00e9s nous respectent, commen\u00e7ons par nous respecter nous-m\u00eames. En 2025, lors des \u00e9lections, orientons nos actions vers la formation et la sensibilisation \u00bb, a-t-il indiqu\u00e9.<\/p>\n<p>Dramane Gon Coulibaly, cadre du Grand Nord et parrain de l&#8217;\u00e9v\u00e9nement, s&#8217;est dit fier d&#8217;accompagner cette initiative et a appel\u00e9 les leaders \u00e0 jouer le r\u00f4le de relais dans leurs communaut\u00e9s respectives.<\/p>\n<p>\u00ab Je leur demande de transmettre ces messages dans leurs diff\u00e9rentes contr\u00e9es. Ce rassemblement n&#8217;est qu&#8217;un \u00e9chantillon. Ce ne sont pas tous les leaders qui sont pr\u00e9sents ici \u00bb,  a-t-il insist\u00e9.<\/p>\n<p><strong>Nambac\u00e9r\u00e9 Jo\u00ebl <\/strong><\/p>\n","protected":false},"excerpt":{"rendered":"<p>L\u2019Union de la Nouvelle G\u00e9n\u00e9ration Estudiantine du Grand Nord (Ungen) a rassembl\u00e9 plusieurs leaders d&#8217;associations \u00e9tudiantes lors de son \u00e9v\u00e9nement intitul\u00e9 \u00ab Le sommet des leaders \u00bb. Cette rencontre nationale s&#8217;est tenue le samedi 3 ao\u00fbt 2024, \u00e0 l\u2019h\u00f4tel Printemps Mont Korhogo. L&#8217;initiative vise \u00e0 encourager les leaders d&#8217;associations \u00e0 s&#8217;engager activement dans le processus [&hellip;]<\/p>\n","protected":false},"author":3,"featured_media":34843,"comment_status":"closed","ping_status":"closed","sticky":false,"template":"","format":"standard","meta":{"_monsterinsights_skip_tracking":false,"_monsterinsights_sitenote_active":false,"_monsterinsights_sitenote_note":"","_monsterinsights_sitenote_category":0,"footnotes":""},"categories":[2,17],"tags":[3768,3937,326,3206,3936],"class_list":["post-34842","post","type-post","status-publish","format-standard","has-post-thumbnail","hentry","category-featured","category-politique","tag-associations","tag-etudiantes","tag-korhogo","tag-leaders","tag-sommet-des-leaders"],"_links":{"self":[{"href":"https:\/\/www.lintelligentdabidjan.info\/news\/wp-json\/wp\/v2\/posts\/34842","targetHints":{"allow":["GET"]}}],"collection":[{"href":"https:\/\/www.lintelligentdabidjan.info\/news\/wp-json\/wp\/v2\/posts"}],"about":[{"href":"https:\/\/www.lintelligentdabidjan.info\/news\/wp-json\/wp\/v2\/types\/post"}],"author":[{"embeddable":true,"href":"https:\/\/www.lintelligentdabidjan.info\/news\/wp-json\/wp\/v2\/users\/3"}],"replies":[{"embeddable":true,"href":"https:\/\/www.lintelligentdabidjan.info\/news\/wp-json\/wp\/v2\/comments?post=34842"}],"version-history":[{"count":1,"href":"https:\/\/www.lintelligentdabidjan.info\/news\/wp-json\/wp\/v2\/posts\/34842\/revisions"}],"predecessor-version":[{"id":34844,"href":"https:\/\/www.lintelligentdabidjan.info\/news\/wp-json\/wp\/v2\/posts\/34842\/revisions\/34844"}],"wp:featuredmedia":[{"embeddable":true,"href":"https:\/\/www.lintelligentdabidjan.info\/news\/wp-json\/wp\/v2\/media\/34843"}],"wp:attachment":[{"href":"https:\/\/www.lintelligentdabidjan.info\/news\/wp-json\/wp\/v2\/media?parent=34842"}],"wp:term":[{"taxonomy":"category","embeddable":true,"href":"https:\/\/www.lintelligentdabidjan.info\/news\/wp-json\/wp\/v2\/categories?post=34842"},{"taxonomy":"post_tag","embeddable":true,"href":"https:\/\/www.lintelligentdabidjan.info\/news\/wp-json\/wp\/v2\/tags?post=34842"}],"curies":[{"name":"wp","href":"https:\/\/api.w.org\/{rel}","templated":true}]}}