{"id":34845,"date":"2024-08-06T02:18:07","date_gmt":"2024-08-06T00:18:07","guid":{"rendered":"https:\/\/www.lintelligentdabidjan.info\/news\/?p=34845"},"modified":"2024-08-06T02:18:21","modified_gmt":"2024-08-06T00:18:21","slug":"identification-des-e-militants-sidi-tiemoko-toure-aux-militants-du-rhdp-de-gbeke-le-president-alassane-ouattara-attend-beaucoup-de-vous","status":"publish","type":"post","link":"https:\/\/www.lintelligentdabidjan.info\/news\/identification-des-e-militants-sidi-tiemoko-toure-aux-militants-du-rhdp-de-gbeke-le-president-alassane-ouattara-attend-beaucoup-de-vous\/","title":{"rendered":"Identification des e-militants -Sidi Ti\u00e9moko Tour\u00e9 aux militants du RHDP de Gb\u00eak\u00ea : \u00ab Le Pr\u00e9sident Alassane Ouattara attend beaucoup de vous \u00bb"},"content":{"rendered":"<p><em><strong>Dans le cadre de l\u2019op\u00e9ration d\u2019identification de ses militants, baptis\u00e9e e-militants, lanc\u00e9e par le Rassemblement des Houphou\u00ebtistes pour la D\u00e9mocratie et la Paix (RHDP), visant \u00e0 enr\u00f4ler de nouveaux majeurs sur la liste \u00e9lectorale pour l\u2019\u00e9lection pr\u00e9sidentielle d\u2019octobre 2025, le Coordinateur R\u00e9gional adjoint de la r\u00e9gion de Gb\u00eak\u00ea, le ministre des Ressources Animales et Halieutiques, Sidi Ti\u00e9moko Tour\u00e9, a proc\u00e9d\u00e9 le samedi 3 ao\u00fbt 2024, au si\u00e8ge du Parti RHDP \u00e0 B\u00e9oumi, \u00e0 la remise de mat\u00e9riels roulants, de chaises et d&#8217;\u00e9quipements informatiques.<\/strong><\/em><\/p>\n<p> Du mat\u00e9riel qui permettra d&#8217;acc\u00e9l\u00e9rer le processus d\u2019enr\u00f4lement dans cette zone.Lors de cette activit\u00e9,  Sidi Ti\u00e9moko Tour\u00e9 a exhort\u00e9 les structures \u00e0 \u0153uvrer pour que le processus d\u2019enr\u00f4lement se d\u00e9roule efficacement, afin d&#8217;assurer la victoire du RHDP en 2025.<\/p>\n<p>\u00ab Vous \u00eates tous membres de l\u2019encadrement du parti, et le Pr\u00e9sident Alassane Ouattara attend beaucoup de vous, \u00e0 commencer par Kon\u00e9 Kafana, le Pr\u00e9sident du directoire. Aujourd\u2019hui, nous sommes dans une dynamique d\u2019enr\u00f4lement. Le processus a d\u00e9j\u00e0 commenc\u00e9, et nous sommes parmi les premiers \u00e0 agir sur le terrain. Il ne faut pas baisser la garde, car lorsqu&#8217;on est au pouvoir, c&#8217;est l\u00e0 qu&#8217;on est le plus vuln\u00e9rable. On nous attaque le plus, malgr\u00e9 les r\u00e9sultats que nous pr\u00e9sentons. Il faut garder la t\u00eate sereine, maintenir le rythme de concentration et surtout agir de mani\u00e8re rapproch\u00e9e sur le terrain. J\u2019ai d\u00e9j\u00e0 dit que B\u00e9oumi regorge de nombreuses r\u00e9alisations du RHDP, et d&#8217;autres viendront encore. Nous devons nous appuyer sur ces acquis pour convaincre ceux qui sont sceptiques. Je ne pense pas qu&#8217;ils soient nombreux, mais il y a ceux qui refusent de voir la v\u00e9rit\u00e9. Il est essentiel de leur dire la v\u00e9rit\u00e9 pour qu&#8217;ils acceptent d&#8217;adopter le RHDP. C\u2019est dans cette logique que nous agissons et cette maison nous aidera dans cet objectif \u00bb, a-t-il d\u00e9clar\u00e9.<\/p>\n<p>Il  a ensuite interpell\u00e9 les militants sur l&#8217;importance de compter sur leurs propres forces pour l\u2019\u00e9lection pr\u00e9sidentielle de 2025, seul gage d&#8217;une victoire certaine. <\/p>\n<p>Cette remise de mat\u00e9riel \u00e0 la d\u00e9l\u00e9gation d\u00e9partementale de B\u00e9oumi redonne ainsi un nouvel \u00e9lan et de la force aux militants, qui ont promis de jouer leur r\u00f4le dans la victoire. Les secr\u00e9taires d\u00e9partementaux de B\u00e9oumi commune, de B\u00e9oumi sous-pr\u00e9fecture et de Bodokro, qui ont re\u00e7u le mat\u00e9riel, se sont engag\u00e9s d\u2019en faire bon usage. <\/p>\n<p><strong>Nambac\u00e9r\u00e9 Jo\u00ebl <\/strong><\/p>\n","protected":false},"excerpt":{"rendered":"<p>Dans le cadre de l\u2019op\u00e9ration d\u2019identification de ses militants, baptis\u00e9e e-militants, lanc\u00e9e par le Rassemblement des Houphou\u00ebtistes pour la D\u00e9mocratie et la Paix (RHDP), visant \u00e0 enr\u00f4ler de nouveaux majeurs sur la liste \u00e9lectorale pour l\u2019\u00e9lection pr\u00e9sidentielle d\u2019octobre 2025, le Coordinateur R\u00e9gional adjoint de la r\u00e9gion de Gb\u00eak\u00ea, le ministre des Ressources Animales et Halieutiques, [&hellip;]<\/p>\n","protected":false},"author":3,"featured_media":34846,"comment_status":"closed","ping_status":"closed","sticky":false,"template":"","format":"standard","meta":{"_monsterinsights_skip_tracking":false,"_monsterinsights_sitenote_active":false,"_monsterinsights_sitenote_note":"","_monsterinsights_sitenote_category":0,"footnotes":""},"categories":[2,17,3],"tags":[],"class_list":["post-34845","post","type-post","status-publish","format-standard","has-post-thumbnail","hentry","category-featured","category-politique","category-societe"],"_links":{"self":[{"href":"https:\/\/www.lintelligentdabidjan.info\/news\/wp-json\/wp\/v2\/posts\/34845","targetHints":{"allow":["GET"]}}],"collection":[{"href":"https:\/\/www.lintelligentdabidjan.info\/news\/wp-json\/wp\/v2\/posts"}],"about":[{"href":"https:\/\/www.lintelligentdabidjan.info\/news\/wp-json\/wp\/v2\/types\/post"}],"author":[{"embeddable":true,"href":"https:\/\/www.lintelligentdabidjan.info\/news\/wp-json\/wp\/v2\/users\/3"}],"replies":[{"embeddable":true,"href":"https:\/\/www.lintelligentdabidjan.info\/news\/wp-json\/wp\/v2\/comments?post=34845"}],"version-history":[{"count":1,"href":"https:\/\/www.lintelligentdabidjan.info\/news\/wp-json\/wp\/v2\/posts\/34845\/revisions"}],"predecessor-version":[{"id":34847,"href":"https:\/\/www.lintelligentdabidjan.info\/news\/wp-json\/wp\/v2\/posts\/34845\/revisions\/34847"}],"wp:featuredmedia":[{"embeddable":true,"href":"https:\/\/www.lintelligentdabidjan.info\/news\/wp-json\/wp\/v2\/media\/34846"}],"wp:attachment":[{"href":"https:\/\/www.lintelligentdabidjan.info\/news\/wp-json\/wp\/v2\/media?parent=34845"}],"wp:term":[{"taxonomy":"category","embeddable":true,"href":"https:\/\/www.lintelligentdabidjan.info\/news\/wp-json\/wp\/v2\/categories?post=34845"},{"taxonomy":"post_tag","embeddable":true,"href":"https:\/\/www.lintelligentdabidjan.info\/news\/wp-json\/wp\/v2\/tags?post=34845"}],"curies":[{"name":"wp","href":"https:\/\/api.w.org\/{rel}","templated":true}]}}