{"id":34848,"date":"2024-08-06T02:21:34","date_gmt":"2024-08-06T00:21:34","guid":{"rendered":"https:\/\/www.lintelligentdabidjan.info\/news\/?p=34848"},"modified":"2024-08-06T02:21:47","modified_gmt":"2024-08-06T00:21:47","slug":"fatim-bamba-a-l-inauguration-du-centre-de-sante-vous-avez-agi-dans-la-droite-ligne-de-la-vision-du-president-de-la-republique","status":"publish","type":"post","link":"https:\/\/www.lintelligentdabidjan.info\/news\/fatim-bamba-a-l-inauguration-du-centre-de-sante-vous-avez-agi-dans-la-droite-ligne-de-la-vision-du-president-de-la-republique\/","title":{"rendered":"Fatim Bamba \u00e0 l\u2019 inauguration du centre de sant\u00e9 : \u00ab Vous avez agi dans la droite ligne de la vision du Pr\u00e9sident de la R\u00e9publique \u00bb"},"content":{"rendered":"<p><em><strong>L\u2019inauguration du centre de sant\u00e9 du village d\u2019Anyama-Adjam\u00e9 suivie de l\u2019intronisation de la pr\u00e9sidente des femmes dudit village a eu lieu le samedi 03 juillet 2024. Cette double c\u00e9l\u00e9bration s\u2019est d\u00e9roul\u00e9e en pr\u00e9sence du maire de la commune, du chef du village et des repr\u00e9sentants du ministre  de la Sant\u00e9, du Premier ministre  et de plusieurs autres personnalit\u00e9s.<\/strong><\/em><\/p>\n<p>\u00c0 cette occasion, Fatim Bamba, maire de la commune d\u2019Anyama a traduit sa reconnaissance au village d\u2019Anyama Adjam\u00e9. \u00abChers parents d&#8217;Anyama-Adjam\u00e9 permettez-moi de rendre un hommage au Pr\u00e9sident de la R\u00e9publique, Son Excellence, Monsieur Alassane Ouattara, pour qui, le d\u00e9veloppement du syst\u00e8me sanitaire, le rapprochement des populations des centres de sant\u00e9 et l&#8217;am\u00e9lioration de leur sant\u00e9 est une priorit\u00e9. C&#8217;est justement gr\u00e2ce \u00e0 sa grande vision, que notre village Anyama -Adjam\u00e9  b\u00e9n\u00e9ficie aujourd&#8217;hui d\u2019une ambulance pour son  centre de sant\u00e9.(\u2026) La construction de ce centre de sant\u00e9 montre que la chefferie se pr\u00e9occupe de la sant\u00e9 de ses populations. En agissant ainsi, vous avez agi dans la droite ligne de la vision du Pr\u00e9sident de la R\u00e9publique et du conseil municipal. \u00bb, a-t-elle dit.  <\/p>\n<p>Puis, elle a rappel\u00e9 qu\u2019avant d&#8217;\u00eatre maire, elle est d\u2019abord une fille d\u2019Anyama-Adjam\u00e9. Le village l\u2019a adopt\u00e9e, et elle en est tr\u00e8s reconnaissante. C&#8217;est pourquoi elle ne cessera de dire merci.<\/p>\n<p>Elle a indiqu\u00e9 que la double c\u00e9l\u00e9bration qui les r\u00e9unit  l\u2019a r\u00e9jouie  pour plusieurs raisons dont son attachement \u00e0 la sant\u00e9 des populations.   Le maire a  soulign\u00e9  que  le renforcement du mat\u00e9riel sanitaire est inscrit parmi les priorit\u00e9s du programme du conseil municipal. C\u2019est pourquoi, elle a mis tout en \u0153uvre pour doter Anyama-Adjam\u00e9 d\u2019une ambulance qui va faciliter le d\u00e9placement des malades en cas de besoin.<\/p>\n<p><strong>Intronisation de la pr\u00e9sidente des femmes<\/strong><\/p>\n<p>S\u2019adressant \u00e0 l\u2019association des femmes du village, dont elle est la marraine de la c\u00e9r\u00e9monie d\u2019intronisation de la pr\u00e9sidente, Fatim Bamba a dit :<\/p>\n<p> \u00ab C\u2019est aussi une joie pour moi d\u2019assister \u00e0 l\u2019intronisation de la pr\u00e9sidente des femmes car, par cet acte les femmes d\u00e9montrent leur capacit\u00e9 \u00e0 s&#8217;organiser et \u00e0 participer au d\u00e9veloppement du village et aussi de se prendre en charge. Votre pr\u00e9sidente que vous avez d\u00e9sign\u00e9e, c\u2019est elle qui parlera \u00e0 votre place    et vous repr\u00e9sentera aupr\u00e8s du conseil municipal. Je voudrais vous assurer de mon soutien. Je serai l\u00e0 \u00e0 chaque fois que vous aurez besoin de moi. \u00bb, s\u2019est exprim\u00e9e  la marraine de la c\u00e9r\u00e9monie.<\/p>\n<p>Pour sa part, Tenon Abodou Jules, chef du village d\u2019Anyama-Adjam\u00e9 a exprim\u00e9 sa gratitude au  gouvernement ivoirien et plaid\u00e9 pour l\u2019octroi de groupes \u00e9lectrog\u00e8nes<\/p>\n<p>\u00ab Si ce centre de sant\u00e9 a pu \u00eatre construit, c\u2019est parce qu\u2019il y a une v\u00e9ritable entente entre tous les fils et filles de ce village. Sans cela il est difficile d&#8217;avancer donc je voudrais f\u00e9liciter les fr\u00e8res et les s\u0153urs du village. Ce centre de sant\u00e9 nous a co\u00fbt\u00e9 sans les \u00e9quipements la bagatelle   de 80 millions FCFA que nous avons sortis nous-m\u00eames de notre poche ainsi qu\u2019une partie des \u00e9quipements et l&#8217;autre partie, surtout en ce qui concerne l&#8217;\u00e9quipement des laboratoires nous a \u00e9t\u00e9 offert par la Banque mondiale. Nous disons merci au repr\u00e9sentant de la Banque Mondiale qui est parmi nous ce soir \u00bb, a-t-il d\u00e9clar\u00e9.<\/p>\n<p><strong>Olivier Dion avec G\u00e9rard Batoua<\/strong><\/p>\n","protected":false},"excerpt":{"rendered":"<p>L\u2019inauguration du centre de sant\u00e9 du village d\u2019Anyama-Adjam\u00e9 suivie de l\u2019intronisation de la pr\u00e9sidente des femmes dudit village a eu lieu le samedi 03 juillet 2024. Cette double c\u00e9l\u00e9bration s\u2019est d\u00e9roul\u00e9e en pr\u00e9sence du maire de la commune, du chef du village et des repr\u00e9sentants du ministre de la Sant\u00e9, du Premier ministre et de [&hellip;]<\/p>\n","protected":false},"author":3,"featured_media":34849,"comment_status":"closed","ping_status":"closed","sticky":false,"template":"","format":"standard","meta":{"_monsterinsights_skip_tracking":false,"_monsterinsights_sitenote_active":false,"_monsterinsights_sitenote_note":"","_monsterinsights_sitenote_category":0,"footnotes":""},"categories":[2,3],"tags":[2187,2412,3938,1914,2403],"class_list":["post-34848","post","type-post","status-publish","format-standard","has-post-thumbnail","hentry","category-featured","category-societe","tag-centre-de-sante","tag-fatim-bamba","tag-inauguration","tag-president-de-la-republique","tag-vision"],"_links":{"self":[{"href":"https:\/\/www.lintelligentdabidjan.info\/news\/wp-json\/wp\/v2\/posts\/34848","targetHints":{"allow":["GET"]}}],"collection":[{"href":"https:\/\/www.lintelligentdabidjan.info\/news\/wp-json\/wp\/v2\/posts"}],"about":[{"href":"https:\/\/www.lintelligentdabidjan.info\/news\/wp-json\/wp\/v2\/types\/post"}],"author":[{"embeddable":true,"href":"https:\/\/www.lintelligentdabidjan.info\/news\/wp-json\/wp\/v2\/users\/3"}],"replies":[{"embeddable":true,"href":"https:\/\/www.lintelligentdabidjan.info\/news\/wp-json\/wp\/v2\/comments?post=34848"}],"version-history":[{"count":1,"href":"https:\/\/www.lintelligentdabidjan.info\/news\/wp-json\/wp\/v2\/posts\/34848\/revisions"}],"predecessor-version":[{"id":34850,"href":"https:\/\/www.lintelligentdabidjan.info\/news\/wp-json\/wp\/v2\/posts\/34848\/revisions\/34850"}],"wp:featuredmedia":[{"embeddable":true,"href":"https:\/\/www.lintelligentdabidjan.info\/news\/wp-json\/wp\/v2\/media\/34849"}],"wp:attachment":[{"href":"https:\/\/www.lintelligentdabidjan.info\/news\/wp-json\/wp\/v2\/media?parent=34848"}],"wp:term":[{"taxonomy":"category","embeddable":true,"href":"https:\/\/www.lintelligentdabidjan.info\/news\/wp-json\/wp\/v2\/categories?post=34848"},{"taxonomy":"post_tag","embeddable":true,"href":"https:\/\/www.lintelligentdabidjan.info\/news\/wp-json\/wp\/v2\/tags?post=34848"}],"curies":[{"name":"wp","href":"https:\/\/api.w.org\/{rel}","templated":true}]}}