{"id":34851,"date":"2024-08-06T02:24:28","date_gmt":"2024-08-06T00:24:28","guid":{"rendered":"https:\/\/www.lintelligentdabidjan.info\/news\/?p=34851"},"modified":"2024-08-06T02:24:28","modified_gmt":"2024-08-06T00:24:28","slug":"sciences-du-langage-et-de-la-communication-de-universite-alassane-ouattara-bouake-les-enseignants-fiers-des-etudiants-de-la-24-eme-promotion","status":"publish","type":"post","link":"https:\/\/www.lintelligentdabidjan.info\/news\/sciences-du-langage-et-de-la-communication-de-universite-alassane-ouattara-bouake-les-enseignants-fiers-des-etudiants-de-la-24-eme-promotion\/","title":{"rendered":"Sciences du Langage et de la communication  de Universit\u00e9 Alassane Ouattara Bouak\u00e9-  Les enseignants  fiers des \u00e9tudiants de la 24 \u00e8me promotion"},"content":{"rendered":"<p><em><strong>La 24\u00e8me promotion du d\u00e9partement des Sciences du Langage et de la Communication (SLC) de l&#8217;Universit\u00e9 Alassane Ouattara a c\u00e9l\u00e9br\u00e9 sa c\u00e9r\u00e9monie de graduation apr\u00e8s deux semaines de soutenances intenses. Cet \u00e9v\u00e9nement s&#8217;est d\u00e9roul\u00e9 le vendredi 2 juillet 2024, en amphith\u00e9\u00e2tre B de l&#8217;universit\u00e9, en pr\u00e9sence de nombreux enseignants, parents et \u00e9tudiants. Ce moment marquant a permis aux nouveaux dipl\u00f4m\u00e9s de f\u00eater cinq \u00e0 six ans de travail acharn\u00e9.<\/strong><\/em><\/p>\n<p>Lors de cette c\u00e9r\u00e9monie, le professeur N\u2019dr\u00e9 Damanan Joachin, repr\u00e9sentant le chef de d\u00e9partement, a exprim\u00e9 sa fiert\u00e9 envers les \u00e9tudiants qu&#8217;il a vus \u00e9voluer au fil des ann\u00e9es. <\/p>\n<p>\u00ab En voyant tous ces jeunes en tenue ce matin, je ressens une immense fiert\u00e9. Tous les enseignants pr\u00e9sents partagent ce sentiment. En observant leur parcours et les sujets qu&#8217;ils nous pr\u00e9sentent dans le domaine des sciences du langage et de la communication, nous ne pouvons qu&#8217;\u00eatre fiers d&#8217;eux. Pour certains, cela fait cinq ans, pour d&#8217;autres six, et aujourd&#8217;hui, nous les voyons sortir, comme si le bois sacr\u00e9 leur avait permis de se r\u00e9v\u00e9ler. Chers parents, soyez fiers de vos enfants et de nous, leurs enseignants. Les mots me manquent pour d\u00e9crire l&#8217;importance de cette c\u00e9r\u00e9monie \u00bb, a-t-il d\u00e9clar\u00e9 avec enthousiasme.<\/p>\n<p>Le professeur N&#8217;gatta Koukoua \u00c9tienne, ma\u00eetre de conf\u00e9rences et enseignant-chercheur dans ce d\u00e9partement, a \u00e9galement d\u00e9livr\u00e9 un message fort au nom du parrain de la c\u00e9r\u00e9monie, le professeur Oulai Jean-Claude. <\/p>\n<p>\u00ab Le message que je souhaite leur transmettre est d&#8217;\u00eatre des mod\u00e8les dans les diff\u00e9rents lieux o\u00f9 ils se trouveront. Ils sont \u00e0 la fin de leur formation, certains vont d\u00e9buter leur carri\u00e8re professionnelle. J&#8217;esp\u00e8re qu&#8217;ils mettront en pratique tout ce qu&#8217;ils ont appris. C\u2019est sur le terrain qu\u2019ils renforceront leurs connaissances. Ici, ils ont acquis des savoirs th\u00e9oriques, mais la pratique se fera sur le terrain. Avec \u00e0 la fois th\u00e9orie et pratique, ils deviendront solides. Je les encourage \u00e0 demander de l&#8217;aide, car partout o\u00f9 ils se trouvent, il est possible de se renseigner et de continuer \u00e0 apprendre. Ce que nous leur enseignons, c\u2019est l\u2019importance de se rassembler et de cr\u00e9er des activit\u00e9s qui leur permettront de s&#8217;\u00e9panouir individuellement et collectivement, afin qu&#8217;ils deviennent les propri\u00e9taires de leurs propres structures demain \u00bb, a-t-il ajout\u00e9.<\/p>\n<p>Au total, 211 \u00e9tudiants de cette promotion ont \u00e9t\u00e9 promus au grade de ma\u00eetre dans ce d\u00e9partement apr\u00e8s leurs soutenances. Pour Tour\u00e9 Salif, d\u00e9l\u00e9gu\u00e9 de la promotion, \u00ab il est vraiment tr\u00e8s important de se retrouver pour c\u00e9l\u00e9brer ce moment sp\u00e9cial pour nous \u00bb. <\/p>\n<p><strong>Nambac\u00e9r\u00e9 Jo\u00ebl <\/strong><\/p>\n","protected":false},"excerpt":{"rendered":"<p>La 24\u00e8me promotion du d\u00e9partement des Sciences du Langage et de la Communication (SLC) de l&#8217;Universit\u00e9 Alassane Ouattara a c\u00e9l\u00e9br\u00e9 sa c\u00e9r\u00e9monie de graduation apr\u00e8s deux semaines de soutenances intenses. Cet \u00e9v\u00e9nement s&#8217;est d\u00e9roul\u00e9 le vendredi 2 juillet 2024, en amphith\u00e9\u00e2tre B de l&#8217;universit\u00e9, en pr\u00e9sence de nombreux enseignants, parents et \u00e9tudiants. Ce moment marquant [&hellip;]<\/p>\n","protected":false},"author":3,"featured_media":34852,"comment_status":"closed","ping_status":"closed","sticky":false,"template":"","format":"standard","meta":{"_monsterinsights_skip_tracking":false,"_monsterinsights_sitenote_active":false,"_monsterinsights_sitenote_note":"","_monsterinsights_sitenote_category":0,"footnotes":""},"categories":[2,3],"tags":[3939,1244,2042,598,3940,3252,3941],"class_list":["post-34851","post","type-post","status-publish","format-standard","has-post-thumbnail","hentry","category-featured","category-societe","tag-24-eme-promotion","tag-communication","tag-enseignants","tag-etudiants","tag-langage","tag-sciences","tag-universite-alassane-ouattara-bouake"],"_links":{"self":[{"href":"https:\/\/www.lintelligentdabidjan.info\/news\/wp-json\/wp\/v2\/posts\/34851","targetHints":{"allow":["GET"]}}],"collection":[{"href":"https:\/\/www.lintelligentdabidjan.info\/news\/wp-json\/wp\/v2\/posts"}],"about":[{"href":"https:\/\/www.lintelligentdabidjan.info\/news\/wp-json\/wp\/v2\/types\/post"}],"author":[{"embeddable":true,"href":"https:\/\/www.lintelligentdabidjan.info\/news\/wp-json\/wp\/v2\/users\/3"}],"replies":[{"embeddable":true,"href":"https:\/\/www.lintelligentdabidjan.info\/news\/wp-json\/wp\/v2\/comments?post=34851"}],"version-history":[{"count":1,"href":"https:\/\/www.lintelligentdabidjan.info\/news\/wp-json\/wp\/v2\/posts\/34851\/revisions"}],"predecessor-version":[{"id":34853,"href":"https:\/\/www.lintelligentdabidjan.info\/news\/wp-json\/wp\/v2\/posts\/34851\/revisions\/34853"}],"wp:featuredmedia":[{"embeddable":true,"href":"https:\/\/www.lintelligentdabidjan.info\/news\/wp-json\/wp\/v2\/media\/34852"}],"wp:attachment":[{"href":"https:\/\/www.lintelligentdabidjan.info\/news\/wp-json\/wp\/v2\/media?parent=34851"}],"wp:term":[{"taxonomy":"category","embeddable":true,"href":"https:\/\/www.lintelligentdabidjan.info\/news\/wp-json\/wp\/v2\/categories?post=34851"},{"taxonomy":"post_tag","embeddable":true,"href":"https:\/\/www.lintelligentdabidjan.info\/news\/wp-json\/wp\/v2\/tags?post=34851"}],"curies":[{"name":"wp","href":"https:\/\/api.w.org\/{rel}","templated":true}]}}